{"id":43124,"date":"2024-09-17T09:41:52","date_gmt":"2024-09-17T15:41:52","guid":{"rendered":"https:\/\/www.opinionpublica.tv\/portada\/?p=43124"},"modified":"2024-09-17T09:41:52","modified_gmt":"2024-09-17T15:41:52","slug":"las-reformas-que-vienen","status":"publish","type":"post","link":"https:\/\/www.opinionpublica.tv\/portada\/las-reformas-que-vienen\/","title":{"rendered":"Las reformas que vienen"},"content":{"rendered":"\n<p class=\"wp-block-paragraph\">Jorge G. Casta\u00f1eda<\/p>\n\n\n\n<p class=\"wp-block-paragraph\">Es l\u00f3gico que medio mundo se ocupe de las condiciones bajo las cuales se aprob\u00f3 la reforma del Poder Judicial, incluyendo las tragicomedias del PAN y de Movimiento Ciudadano. No es un asunto secundario el c\u00f3mo de esta reforma, ni los medios que se utilizaron para conseguir el fin supuestamente deseable. Pero en vista de que todo eso ya es a toro pasado, conviene preguntarse quiz\u00e1s qu\u00e9 va a suceder ahora con las dem\u00e1s reformas del Plan C dictaminadas por el Congreso anterior y que podr\u00edan ser aprobadas, tambi\u00e9n al vapor, tambi\u00e9n por 86 senadores, u 85 con un ausente, en los pr\u00f3ximos d\u00edas o semanas. Y en todo caso antes de que termine el mandato de L\u00f3pez Obrador.<\/p>\n\n\n\n<p class=\"wp-block-paragraph\">Entre las reformas dictaminadas por la legislatura anterior figura la extensi\u00f3n de la prisi\u00f3n preventiva oficiosa, la transferencia de la Guardia Nacional a la Sedena, la eliminaci\u00f3n de los \u00f3rganos aut\u00f3nomos del Estado \u2014con excepci\u00f3n del INE y del Inegi, por ahora\u2014 y algunas m\u00e1s quiz\u00e1s no de la misma importancia. Todas estas podr\u00edan ser aprobadas por la C\u00e1mara de Diputados y por el Senado antes del 30 de septiembre si as\u00ed lo quisiera L\u00f3pez Obrador, y si as\u00ed lo pusieran en pr\u00e1ctica sus operadores en el Congreso. Si se pudo aprobar lo m\u00e1s dif\u00edcil, a saber, la reforma judicial, deben poderse ratificar tambi\u00e9n las m\u00e1s f\u00e1ciles, como las ya mencionadas.<\/p>\n\n\n\n<p class=\"wp-block-paragraph\">Para ello, s\u00ed encierra un gran inter\u00e9s saber si los Yunes y Barreda van a repetir su sainete en las siguientes votaciones, o si volver\u00e1n al redil, o si desaparecer\u00e1n, aunque parece que eso no es f\u00e1cil. Barreda no tiene suplente, y el suplente de Yunes M\u00e1rquez es Yunes Linares, dando m\u00e1s o menos lo mismo. Si vuelven a votar como votaron el martes, las reformas se aprobar\u00e1n y nos acercaremos peligrosamente \u2014ah\u00ed s\u00ed\u2014 a un cambio de r\u00e9gimen. Sobre todo si recordamos que aunque no fueron dictaminadas por el Congreso saliente, la eliminaci\u00f3n del INE y la incorporaci\u00f3n de la autoridad electoral a la Secretar\u00eda de Gobernaci\u00f3n, y la supresi\u00f3n de diputados de representaci\u00f3n proporcional tambi\u00e9n est\u00e1n en la agenda del Plan C.<\/p>\n\n\n\n<p class=\"wp-block-paragraph\">Claudia Sheinbaum quiso agregar a estas reformas de car\u00e1cter netamente electoral el fin de la reelecci\u00f3n por lo menos para diputados y senadores, aunque no me qued\u00f3 claro si tambi\u00e9n para presidentes municipales. Pero, en todo caso, aunque no fueron dictaminadas en agosto, lo pueden ser r\u00e1pidamente en octubre o noviembre, incluso antes de que llegue el presupuesto el 15 de noviembre a la C\u00e1mara de Diputados.<\/p>\n\n\n\n<p class=\"wp-block-paragraph\">Si subsiste alguna duda sobre el compromiso de la pr\u00f3xima presidenta con estas reformas, el escepticismo se disipar\u00e1 a partir del 1 de octubre. O insistir\u00e1 en que las reformas ya dictaminadas, pero no aprobadas, pasen a los plenos de ambas C\u00e1maras, o no. Y enviar\u00e1 a dictaminar a comisiones las reformas pendientes, para luego ser aprobadas por el pleno, o no.<\/p>\n\n\n\n<p class=\"wp-block-paragraph\">Es cierto que puede posponer el conjunto de modificaciones constitucionales hasta m\u00e1s adelante, tomando en cuenta lo complicado que puede resultar la aprobaci\u00f3n del presupuesto. No lo ser\u00e1 por lo que pueda aportar o discrepar la oposici\u00f3n, sino por los problemas propios del partido mayoritario: a qui\u00e9n van a afectar los recortes, qu\u00e9 tasa de crecimiento se va a pronosticar para 2025 en vista de la recesi\u00f3n inminente, y qu\u00e9 tipo de miscel\u00e1nea fiscal se inventar\u00e1 para aumentar impuestos sin decirlo.<\/p>\n\n\n\n<p class=\"wp-block-paragraph\">Pero todo esto no cambiar\u00e1 lo esencial. La reforma del Poder Judicial fue solamente un paso, quiz\u00e1s el m\u00e1s importante, pero sin dem\u00e9rito de la trascendencia de los dem\u00e1s pasos. Ocup\u00e9monos de las peripecias del PAN y de MC, pero no perdamos de vista lo que cuenta: el inminente cambio de r\u00e9gimen si todo esto se mantiene igual.<\/p>\n","protected":false},"excerpt":{"rendered":"<p>Jorge G. Casta\u00f1eda Es l\u00f3gico que medio mundo se ocupe de las condiciones bajo las cuales se aprob\u00f3 la reforma del Poder Judicial, incluyendo las tragicomedias del PAN y de Movimiento Ciudadano. No es un asunto secundario el c\u00f3mo de esta reforma, ni los medios que se utilizaron para conseguir el fin supuestamente deseable. Pero [&hellip;]<\/p>\n","protected":false},"author":6,"featured_media":0,"comment_status":"open","ping_status":"open","sticky":false,"template":"","format":"standard","meta":{"_acf_changed":false,"_monsterinsights_skip_tracking":false,"slim_seo":{"title":"Las reformas que vienen - Opini\u00f3n P\u00fablica","description":"Jorge G. Casta\u00f1eda Es l\u00f3gico que medio mundo se ocupe de las condiciones bajo las cuales se aprob\u00f3 la reforma del Poder Judicial, incluyendo las tragicomedias d"},"footnotes":""},"categories":[18],"tags":[],"class_list":["post-43124","post","type-post","status-publish","format-standard","hentry","category-castaneda-opina"],"acf":[],"_links":{"self":[{"href":"https:\/\/www.opinionpublica.tv\/portada\/wp-json\/wp\/v2\/posts\/43124","targetHints":{"allow":["GET"]}}],"collection":[{"href":"https:\/\/www.opinionpublica.tv\/portada\/wp-json\/wp\/v2\/posts"}],"about":[{"href":"https:\/\/www.opinionpublica.tv\/portada\/wp-json\/wp\/v2\/types\/post"}],"author":[{"embeddable":true,"href":"https:\/\/www.opinionpublica.tv\/portada\/wp-json\/wp\/v2\/users\/6"}],"replies":[{"embeddable":true,"href":"https:\/\/www.opinionpublica.tv\/portada\/wp-json\/wp\/v2\/comments?post=43124"}],"version-history":[{"count":1,"href":"https:\/\/www.opinionpublica.tv\/portada\/wp-json\/wp\/v2\/posts\/43124\/revisions"}],"predecessor-version":[{"id":43125,"href":"https:\/\/www.opinionpublica.tv\/portada\/wp-json\/wp\/v2\/posts\/43124\/revisions\/43125"}],"wp:attachment":[{"href":"https:\/\/www.opinionpublica.tv\/portada\/wp-json\/wp\/v2\/media?parent=43124"}],"wp:term":[{"taxonomy":"category","embeddable":true,"href":"https:\/\/www.opinionpublica.tv\/portada\/wp-json\/wp\/v2\/categories?post=43124"},{"taxonomy":"post_tag","embeddable":true,"href":"https:\/\/www.opinionpublica.tv\/portada\/wp-json\/wp\/v2\/tags?post=43124"}],"curies":[{"name":"wp","href":"https:\/\/api.w.org\/{rel}","templated":true}]}}