{"id":43118,"date":"2024-09-16T11:19:00","date_gmt":"2024-09-16T17:19:00","guid":{"rendered":"https:\/\/www.opinionpublica.tv\/portada\/?p=43118"},"modified":"2024-09-16T11:19:01","modified_gmt":"2024-09-16T17:19:01","slug":"un-dia-como-hoy-21","status":"publish","type":"post","link":"https:\/\/www.opinionpublica.tv\/portada\/un-dia-como-hoy-21\/","title":{"rendered":"UN D\u00cdA COMO HOY&#8230;"},"content":{"rendered":"\n<h3 class=\"wp-block-heading\">Efem\u00e9rides 16 de septiembre<\/h3>\n\n\n\n<figure class=\"wp-block-image aligncenter size-full\"><img decoding=\"async\" width=\"270\" height=\"183\" src=\"https:\/\/www.opinionpublica.tv\/portada\/wp-content\/uploads\/2024\/09\/En-1810-Miguel-Hidalgo-dio-el-Grito-de-Dolores-origen-del-movimiento-de-independencia.jpg\" alt=\"En 1810, Miguel Hidalgo Dio El 'grito De Dolores', Origen Del Movimiento De Independencia\" class=\"wp-image-43119\"\/><\/figure>\n\n\n\n<p class=\"has-text-align-center wp-block-paragraph\"><em>En 1810, Miguel Hidalgo dio el &#8216;Grito de Dolores&#8217;, origen del movimiento de independencia.<\/em><\/p>\n\n\n\n<p class=\"wp-block-paragraph\">Un d\u00eda 16 de septiembre como hoy, pero de 1810, el cura Miguel Hidalgo lanza el \u00abGrito de Dolores\u00bb, que abre la insurrecci\u00f3n de Quer\u00e9taro, origen del movimiento independentista mexicano.<\/p>\n\n\n\n<p class=\"wp-block-paragraph\"><strong>Otras efem\u00e9rides<\/strong><\/p>\n\n\n\n<p class=\"wp-block-paragraph\">1492.- En su viaje hacia Am\u00e9rica las tres carabelas de Crist\u00f3bal Col\u00f3n llegan a una amplia extensi\u00f3n atl\u00e1ntica cubierta de algas que despu\u00e9s ser\u00eda denominada \u00abMar de los Sargazos\u00bb.<\/p>\n\n\n\n<p class=\"wp-block-paragraph\">1832.- Publicaci\u00f3n del primer n\u00famero del \u00abDiario de la Marina\u00bb, de La Habana.<\/p>\n\n\n\n<p class=\"wp-block-paragraph\">1850.- Se inaugura en Veracruz el primer tramo de v\u00eda ferroviaria en M\u00e9xico.<\/p>\n\n\n\n<p class=\"wp-block-paragraph\">1859.- El explorador y misionero brit\u00e1nico David Livingstone descubre el lago Nyasa, en el \u00c1frica Austral.<\/p>\n\n\n\n<p class=\"wp-block-paragraph\">1910.- El presidente mexicano, Porfirio D\u00edaz, inaugura en la Ciudad de M\u00e9xico la Columna de la Independencia.<\/p>\n\n\n\n<p class=\"wp-block-paragraph\">1920.- Nueva York: Al menos 30 muertos en un atentado con bomba en el distrito financiero de Wall Street.<\/p>\n\n\n\n<p class=\"wp-block-paragraph\">1936.- El cient\u00edfico franc\u00e9s Jean Baptiste Charcot y 38 compa\u00f1eros de su equipo, mueren al naufragar el buque oceanogr\u00e1fico \u00abPourquoi-Pas\u00bb en Islandia.<\/p>\n\n\n\n<p class=\"wp-block-paragraph\">1941.- Los aliados ocupan Teher\u00e1n. El sha de Ir\u00e1n abdica en su hijo Mohamed Reza.<\/p>\n\n\n\n<p class=\"wp-block-paragraph\">1944.- Concluye la segunda Conferencia de Quebec (OCTAGON), con un acuerdo entre el primer ministro brit\u00e1nico, Winston Churchill, y el presidente estadounidense, Franklin Delano Roosevelt, sobre la guerra contra Alemania y Jap\u00f3n.<\/p>\n\n\n\n<p class=\"wp-block-paragraph\">1955.- Un golpe militar pone fin a la segunda presidencia de Per\u00f3n en Argentina.<\/p>\n\n\n\n<p class=\"wp-block-paragraph\">1959.- En un hist\u00f3rico discurso por televisi\u00f3n el presidente de Francia, Charles De Gaulle, propone la autodeterminaci\u00f3n de Argelia, entonces colonia francesa.<\/p>\n\n\n\n<p class=\"wp-block-paragraph\">1959.- Xerox muestra en Nueva York la primera fotocopiadora de la historia, la Xerox 914. Un invento que se convirti\u00f3 en uno de los puntales de la \u00abera de la informaci\u00f3n\u00bb.<\/p>\n\n\n\n<p class=\"wp-block-paragraph\">1973.- Chile: Asesinato del cantautor chileno V\u00edctor Jara en la represi\u00f3n que sigui\u00f3 al golpe militar del 11 de septiembre.<\/p>\n\n\n\n<p class=\"wp-block-paragraph\">1975.- Pap\u00faa Nueva Guinea se independiza de Australia.<\/p>\n\n\n\n<p class=\"wp-block-paragraph\">1976.- Noche de los l\u00e1pices: Estudiantes argentinos de secundaria de la ciudad de La Plata que preparaban una protesta, son secuestrados y asesinados por agentes de la dictadura militar. La historia fue llevada al cine en 1986 en la pel\u00edcula hom\u00f3nima.<\/p>\n\n\n\n<p class=\"wp-block-paragraph\">1978.- M\u00e1s de 15 mil muertos en un terremoto de magnitud 7,7 en la escala Richter en Tabas (Ir\u00e1n).<\/p>\n\n\n\n<p class=\"wp-block-paragraph\">1982.- Comienza la matanza de entre 700 y 3 mil 500 refugiados palestinos en los campos de Sabra y Chatila (Beirut) por milicianos libaneses.<\/p>\n\n\n\n<p class=\"wp-block-paragraph\">1985.- Steve Jobs deja la presidencia de Apple Computer, empresa de la que tomar\u00eda las riendas a\u00f1os despu\u00e9s para convertirla en una de las m\u00e1s importantes del mundo.<\/p>\n\n\n\n<p class=\"wp-block-paragraph\">1987.- Veinticuatro naciones firman en Canad\u00e1 el Protocolo de Montreal para evitar el deterioro de la capa de ozono.<\/p>\n\n\n\n<p class=\"wp-block-paragraph\">1993 .- Las compa\u00f1\u00edas tecnol\u00f3gicas Sony, Philips, Matsushita y JVC publican el White Book (Libro Blanco) que pone las bases del v\u00eddeo digital en disco.<\/p>\n\n\n\n<p class=\"wp-block-paragraph\">1994.- Brasil se adhiere al Tratado de Tlatelolco, que proh\u00edbe la proliferaci\u00f3n de armas nucleares en Latinoam\u00e9rica y el Caribe.<\/p>\n\n\n\n<p class=\"wp-block-paragraph\">1995.- Primera visita oficial de un papa a Sud\u00e1frica. Juan Pablo II se re\u00fane con el presidente surafricano, Nelson Mandela, en Johanesburgo que le agradeci\u00f3 su apoyo en la lucha contra el \u00abapartheid\u00bb.<\/p>\n\n\n\n<p class=\"wp-block-paragraph\">1996.- Los gobiernos rumano y h\u00fangaro firman en Timisoara (Ruman\u00eda) un tratado de base que sella su \u00abreconciliaci\u00f3n hist\u00f3rica\u00bb.<\/p>\n\n\n\n<p class=\"wp-block-paragraph\">1999.- Masivo voto afirmativo en el refer\u00e9ndum sobre la \u00abley de concordia civil\u00bb celebrado en Argelia.<\/p>\n\n\n\n<p class=\"wp-block-paragraph\">2010.- Hist\u00f3rica visita de Benedicto XVI a Reino Unido, la primera de un papa desde que, cinco siglos atr\u00e1s, Enrique VIII rompiera con Roma y naciera el anglicanismo.<\/p>\n\n\n\n<p class=\"wp-block-paragraph\">2013.- Trece muertos en un tiroteo registrado en la sede del Mando de Sistemas Navales de la Marina de Guerra en Washington DC.<\/p>\n\n\n\n<p class=\"wp-block-paragraph\">2013.- Inspectores de la ONU hallan pruebas del uso de gas sar\u00edn en la guerra civil de Siria.<\/p>\n\n\n\n<p class=\"wp-block-paragraph\">2015.- Terremoto de magnitud 8,4 en Chile. El movimiento de tierra mat\u00f3 a 16 personas y dej\u00f3 numerosos damnificados.<\/p>\n\n\n\n<p class=\"wp-block-paragraph\">2018.- El presidente de Eritrea, Isaias Afwerki, y el primer ministro de Etiop\u00eda, Abiy Ahmed, firman un acuerdo de paz en una ceremonia en Yeda, Arabia Saud\u00ed.<\/p>\n\n\n\n<p class=\"wp-block-paragraph\">2021.- La primera misi\u00f3n espacial civil inicia sus investigaciones cient\u00edficas a bordo de una nave de la empresa SpaceX de Elon Musk.<\/p>\n\n\n\n<p class=\"wp-block-paragraph\"><strong>Nacimientos<\/strong><\/p>\n\n\n\n<p class=\"wp-block-paragraph\">1095.- Hildegard von Bingen, cient\u00edfica, fil\u00f3sofa, m\u00fasica, abadesa y santa alemana.<\/p>\n\n\n\n<p class=\"wp-block-paragraph\">1882.- Ricardo Rojas, escritor argentino.<\/p>\n\n\n\n<p class=\"wp-block-paragraph\">1924.- Lauren Bacall, actriz estadounidense.<\/p>\n\n\n\n<p class=\"wp-block-paragraph\">1925.- Riley Ben King \u00abB.B. King\u00bb, guitarrista, cantante de jazz y acad\u00e9mico estadounidense.<\/p>\n\n\n\n<p class=\"wp-block-paragraph\">1927.- Peter Falk, actor estadounidense protagonista de la serie de televisi\u00f3n \u00abColombo\u00bb.<\/p>\n\n\n\n<p class=\"wp-block-paragraph\">1940.- Lucero Tena, bailarina espa\u00f1ola nacida en M\u00e9xico.<\/p>\n\n\n\n<p class=\"wp-block-paragraph\">1943.- Oskar Lafontaine, pol\u00edtico alem\u00e1n.<\/p>\n\n\n\n<p class=\"wp-block-paragraph\">1946.- Camilo Blanes Cort\u00e9s, conocido como Camilo Sesto, cantante espa\u00f1ol.<\/p>\n\n\n\n<p class=\"wp-block-paragraph\">1952.- Mickey Rourke, actor estadounidense.<\/p>\n\n\n\n<p class=\"wp-block-paragraph\">1953.- Manuel Pellegrini, futbolista y entrenador chileno.<\/p>\n\n\n\n<p class=\"wp-block-paragraph\">1956.- David Copperfield, mago estadounidense.<\/p>\n\n\n\n<p class=\"wp-block-paragraph\">1957.- Pierre Moscovici, pol\u00edtico franc\u00e9s.<\/p>\n\n\n\n<p class=\"wp-block-paragraph\">1968.- Marc Anthony, cantante estadounidense de origen puertorrique\u00f1o.<\/p>\n\n\n\n<p class=\"wp-block-paragraph\">1986.- Ian Harding, actor estadounidense.<\/p>\n\n\n\n<p class=\"wp-block-paragraph\">1992.- Mari M\u00f6ldre, violonchelista estonia.<\/p>\n\n\n\n<p class=\"wp-block-paragraph\"><strong>Defunciones<\/strong><\/p>\n\n\n\n<p class=\"wp-block-paragraph\">1498.- Tom\u00e1s de Torquemada, primer inquisidor general de Espa\u00f1a.<\/p>\n\n\n\n<p class=\"wp-block-paragraph\">1973.- V\u00edctor Jara, cantautor chileno.<\/p>\n\n\n\n<p class=\"wp-block-paragraph\">1977.- Mar\u00eda Callas, cantante de \u00f3pera estadounidense de origen griego.<\/p>\n\n\n\n<p class=\"wp-block-paragraph\">1980.- Jean Piaget, bi\u00f3logo, soci\u00f3logo y psic\u00f3logo suizo.<\/p>\n\n\n\n<p class=\"wp-block-paragraph\">2009.- Mary Travers, cantante de folk estadounidense.<\/p>\n\n\n\n<p class=\"wp-block-paragraph\">2011.- Willie \u00abBig Eyes\u00bb Smith, m\u00fasico de blues estadounidense.<\/p>\n\n\n\n<p class=\"wp-block-paragraph\">2016.- Carlo Azeglio Ciampi, pol\u00edtico italiano.<\/p>\n\n\n\n<p class=\"wp-block-paragraph\">2016.- Edward Albee, dramaturgo estadounidense.<\/p>\n\n\n\n<p class=\"wp-block-paragraph\">2020.- Jos\u00e9 Luis G\u00f3mez-Skarmeta, bi\u00f3logo y cient\u00edfico chileno afincado en Espa\u00f1a.<\/p>\n\n\n\n<p class=\"wp-block-paragraph\">2020.- Ahmed Ben Salah, pol\u00edtico tunecino, varias veces ministro con el presidente Burgiba.<br><br><\/p>\n","protected":false},"excerpt":{"rendered":"<p>Efem\u00e9rides 16 de septiembre En 1810, Miguel Hidalgo dio el &#8216;Grito de Dolores&#8217;, origen del movimiento de independencia. Un d\u00eda 16 de septiembre como hoy, pero de 1810, el cura Miguel Hidalgo lanza el \u00abGrito de Dolores\u00bb, que abre la insurrecci\u00f3n de Quer\u00e9taro, origen del movimiento independentista mexicano. Otras efem\u00e9rides 1492.- En su viaje hacia [&hellip;]<\/p>\n","protected":false},"author":6,"featured_media":43119,"comment_status":"open","ping_status":"open","sticky":false,"template":"","format":"standard","meta":{"_acf_changed":false,"_monsterinsights_skip_tracking":false,"slim_seo":{"title":"UN D\u00cdA COMO HOY... - Opini\u00f3n P\u00fablica","description":"Efem\u00e9rides 16 de septiembre En 1810, Miguel Hidalgo dio el 'Grito de Dolores', origen del movimiento de independencia. Un d\u00eda 16 de septiembre como hoy, pero de"},"footnotes":""},"categories":[27],"tags":[],"class_list":["post-43118","post","type-post","status-publish","format-standard","has-post-thumbnail","hentry","category-un-dia-como-hoy"],"acf":[],"_links":{"self":[{"href":"https:\/\/www.opinionpublica.tv\/portada\/wp-json\/wp\/v2\/posts\/43118","targetHints":{"allow":["GET"]}}],"collection":[{"href":"https:\/\/www.opinionpublica.tv\/portada\/wp-json\/wp\/v2\/posts"}],"about":[{"href":"https:\/\/www.opinionpublica.tv\/portada\/wp-json\/wp\/v2\/types\/post"}],"author":[{"embeddable":true,"href":"https:\/\/www.opinionpublica.tv\/portada\/wp-json\/wp\/v2\/users\/6"}],"replies":[{"embeddable":true,"href":"https:\/\/www.opinionpublica.tv\/portada\/wp-json\/wp\/v2\/comments?post=43118"}],"version-history":[{"count":1,"href":"https:\/\/www.opinionpublica.tv\/portada\/wp-json\/wp\/v2\/posts\/43118\/revisions"}],"predecessor-version":[{"id":43120,"href":"https:\/\/www.opinionpublica.tv\/portada\/wp-json\/wp\/v2\/posts\/43118\/revisions\/43120"}],"wp:featuredmedia":[{"embeddable":true,"href":"https:\/\/www.opinionpublica.tv\/portada\/wp-json\/wp\/v2\/media\/43119"}],"wp:attachment":[{"href":"https:\/\/www.opinionpublica.tv\/portada\/wp-json\/wp\/v2\/media?parent=43118"}],"wp:term":[{"taxonomy":"category","embeddable":true,"href":"https:\/\/www.opinionpublica.tv\/portada\/wp-json\/wp\/v2\/categories?post=43118"},{"taxonomy":"post_tag","embeddable":true,"href":"https:\/\/www.opinionpublica.tv\/portada\/wp-json\/wp\/v2\/tags?post=43118"}],"curies":[{"name":"wp","href":"https:\/\/api.w.org\/{rel}","templated":true}]}}