{"id":43071,"date":"2024-09-14T12:22:22","date_gmt":"2024-09-14T18:22:22","guid":{"rendered":"https:\/\/www.opinionpublica.tv\/portada\/?p=43071"},"modified":"2024-09-14T12:22:23","modified_gmt":"2024-09-14T18:22:23","slug":"un-dia-como-hoy-20","status":"publish","type":"post","link":"https:\/\/www.opinionpublica.tv\/portada\/un-dia-como-hoy-20\/","title":{"rendered":"UN D\u00cdA COMO HOY&#8230;"},"content":{"rendered":"\n<h3 class=\"wp-block-heading\">Efem\u00e9rides 14 de septiembre<\/h3>\n\n\n\n<figure class=\"wp-block-image aligncenter size-full\"><img decoding=\"async\" width=\"270\" height=\"159\" src=\"https:\/\/www.opinionpublica.tv\/portada\/wp-content\/uploads\/2024\/09\/En-1847-tropas-estadounidenses-tomaron-la-Ciudad-de-Mexico-durante-la-guerra-con-EU.jpg\" alt=\"En 1847, Tropas Estadounidenses Tomaron La Ciudad De M\u00e9xico, Durante La Guerra Con Eu\" class=\"wp-image-43072\"\/><\/figure>\n\n\n\n<p class=\"has-text-align-center wp-block-paragraph\"><em>En 1847, tropas estadounidenses tomaron la Ciudad de M\u00e9xico, durante la guerra con EU.<\/em><\/p>\n\n\n\n<p class=\"wp-block-paragraph\">Un d\u00eda 14 de septiembre como hoy, pero de 1847, tropas estadounidenses toman la Ciudad de M\u00e9xico, durante la guerra con Estados Unidos.<\/p>\n\n\n\n<p class=\"wp-block-paragraph\"><strong>Otras efem\u00e9rides<\/strong><\/p>\n\n\n\n<p class=\"wp-block-paragraph\">1791.- El rey Luis XVI acepta la primera Constituci\u00f3n escrita de la historia de Francia bajo presi\u00f3n de la Asamblea Nacional que la hab\u00eda promulgado dos a\u00f1os antes.<\/p>\n\n\n\n<p class=\"wp-block-paragraph\">1810.- Estalla en Cochabamba el primer levantamiento revolucionario producido en el Alto Per\u00fa (actual Bolivia) contra las autoridades espa\u00f1olas.<\/p>\n\n\n\n<p class=\"wp-block-paragraph\">1812.- El ej\u00e9rcito de Napole\u00f3n Bonaparte entra en Mosc\u00fa, una ciudad fantasma vaciada de suministros e incendiada por los propios rusos, que posteriormente causa la retirada de los franceses.<\/p>\n\n\n\n<p class=\"wp-block-paragraph\">1822.- El historiador franc\u00e9s Jean-Francois Champollion, considerado el padre de la egiptolog\u00eda, descifra la escritura jerogl\u00edfica de la piedra de Rosetta.<\/p>\n\n\n\n<p class=\"wp-block-paragraph\">1829.- Los imperios ruso y otomano firman el Tratado de Edirne o Adrian\u00f3polis por el que se pone fin a la guerra con una cl\u00e1usula que conced\u00eda a Grecia la independencia frente a los turcos.<\/p>\n\n\n\n<p class=\"wp-block-paragraph\">1886.- George K. Anderson patenta la primera cinta entintada para m\u00e1quinas de escribir en Memphis (EE.UU.).<\/p>\n\n\n\n<p class=\"wp-block-paragraph\">1901.- Theodore Roosevelt se convierte en el presidente m\u00e1s joven de la historia de los Estados Unidos tras el asesinato de su predecesor, William McKinley.<\/p>\n\n\n\n<p class=\"wp-block-paragraph\">1906.- Tropas estadounidenses desembarcan en La Habana (Cuba).<\/p>\n\n\n\n<p class=\"wp-block-paragraph\">1911.- El primer ministro ruso Piotr Stolypin es tiroteado en el Teatro de la \u00d3pera de Kiev por el revolucionario Dmitri Bogrov y fallece a los cuatro d\u00edas.<\/p>\n\n\n\n<p class=\"wp-block-paragraph\">1917.- El gobierno provisional de Aleksandr K\u00e9renski, que derroc\u00f3 al zar Nicolas II en Rusia, proclama formalmente la Rep\u00fablica como forma de Estado (calendario juliano).<\/p>\n\n\n\n<p class=\"wp-block-paragraph\">1930.- La lista socialdem\u00f3crata es la m\u00e1s votada en las elecciones federales de Alemania, pero el Partido Nazi sube 95 esca\u00f1os y se convierte en la segunda fuerza del Parlamento.<\/p>\n\n\n\n<p class=\"wp-block-paragraph\">1936.- Firma de un pacto de amistad entre Per\u00fa y Bolivia.<\/p>\n\n\n\n<p class=\"wp-block-paragraph\">1944.- Maastricht se convierte en la primera ciudad neerlandesa que es liberada por fuerzas aliadas durante la Segunda Guerra Mundial.<\/p>\n\n\n\n<p class=\"wp-block-paragraph\">1950.- Promulgaci\u00f3n de una nueva Constituci\u00f3n en El Salvador. El coronel Oscar Osorio es elegido presidente del pa\u00eds.<\/p>\n\n\n\n<p class=\"wp-block-paragraph\">1954.- Un avi\u00f3n militar sovi\u00e9tico lanza una bomba at\u00f3mica en Orenburg, al sur de los montes Urales, un ensayo nuclear para estudiar los efectos de las radiaciones sobre los seres humanos.<\/p>\n\n\n\n<p class=\"wp-block-paragraph\">1955.- El m\u00fasico estadounidense Little Richard graba \u00abTutti Frutti\u00bb, una de las canciones m\u00e1s emblem\u00e1ticas de la m\u00fasica rock.<\/p>\n\n\n\n<p class=\"wp-block-paragraph\">1959.- La sonda espacial sovi\u00e9tica no tripulada \u00abLuna 2\u00bb choca contra la superficie lunar y se convierte en la primera nave en alcanzar la Luna.<\/p>\n\n\n\n<p class=\"wp-block-paragraph\">1960.- La Organizaci\u00f3n de Pa\u00edses Exportadores de Petr\u00f3leo (OPEP) se funda en Bagdad (Irak).<\/p>\n\n\n\n<p class=\"wp-block-paragraph\">1964.- Eduardo Frei es elegido presidente de Chile.<\/p>\n\n\n\n<p class=\"wp-block-paragraph\">1975.- Pablo VI canoniza a Elizabeth Ann Seton, la primera santa cat\u00f3lica nacida en Estados Unidos.<\/p>\n\n\n\n<p class=\"wp-block-paragraph\">1979.- El presidente de Afganist\u00e1n Nur Mohammed Taraki es derrocado por un golpe de Estado organizado por su primer ministro, Hafizullah Am\u00edn.<\/p>\n\n\n\n<p class=\"wp-block-paragraph\">1979.- La pel\u00edcula brit\u00e1nica Quadrophenia, basada en la \u00f3pera rock de The Who y referencia del movimiento mod, se estrena en el Festival Internacional de Toronto.<\/p>\n\n\n\n<p class=\"wp-block-paragraph\">1982.- La actriz estadounidense y princesa de M\u00f3naco, Grace Kelly, fallece tras haber sufrido un accidente de tr\u00e1fico en el Principado el d\u00eda anterior.<\/p>\n\n\n\n<p class=\"wp-block-paragraph\">1982.- El presidente del L\u00edbano Bechir Gemayel es asesinado en un atentado en Beirut por un extremista contrario a su pol\u00edtica en Oriente Pr\u00f3ximo.<\/p>\n\n\n\n<p class=\"wp-block-paragraph\">1996.- Las primeras elecciones generales celebradas en Bosnia y Herzegovina tras cuatro a\u00f1os de guerra civil dan la victoria al Partido de Acci\u00f3n Democr\u00e1tica.<\/p>\n\n\n\n<p class=\"wp-block-paragraph\">1999.- Entra en acci\u00f3n en Colombia la primera unidad antidrogas adiestrada en EE.UU.<\/p>\n\n\n\n<p class=\"wp-block-paragraph\">2000.- Microsoft lanza la \u00faltima versi\u00f3n estable del MS-DOS, un sistema operativo creado 20 a\u00f1os antes y que domin\u00f3 el mercado de los ordenadores personales.<\/p>\n\n\n\n<p class=\"wp-block-paragraph\">2000.- Se difunde un v\u00eddeo en el que Vladimiro Montesinos, principal asesor del presidente peruano Alberto Fujimori, soborna a un congresista opositor.<\/p>\n\n\n\n<p class=\"wp-block-paragraph\">2002.- Ramzi Binalshibh, destacado miembro de Al Qaeda y presunto \u00abcerebro\u00bb de los atentados del 11-S en EEUU, es detenido en Karachi (Pakist\u00e1n).<\/p>\n\n\n\n<p class=\"wp-block-paragraph\">2003.- La mayor\u00eda de la ciudadania sueca rechaza en refer\u00e9ndum la adopci\u00f3n de la moneda \u00fanica europea.<\/p>\n\n\n\n<p class=\"wp-block-paragraph\">2003.- Estonia aprueba en refer\u00e9ndum su adhesi\u00f3n a la Uni\u00f3n Europea.<\/p>\n\n\n\n<p class=\"wp-block-paragraph\">2005.- La Corte Suprema chilena desafora, por tercera vez, a Augusto Pinochet por su responsabilidad en quince secuestros de la \u00abOperaci\u00f3n Colombo\u00bb.<\/p>\n\n\n\n<p class=\"wp-block-paragraph\">2006.- El vicegobernador primero del Banco Central de Rusia, Andr\u00e9i Kozlov, muere en Mosc\u00fa tras sufrir un atentado la noche anterior.<\/p>\n\n\n\n<p class=\"wp-block-paragraph\">2010.- Francia prohibe el burka isl\u00e1mico en todos los espacios p\u00fablicos y se convierte en el primer pa\u00eds europeo que aplica esta medida.<\/p>\n\n\n\n<p class=\"wp-block-paragraph\">2017.- Corea del Norte lanza un nuevo misil de alcance intermedio desde las afueras de Pyongyang que sobrevuela el norte de Jap\u00f3n.<\/p>\n\n\n\n<p class=\"wp-block-paragraph\">2017.- Halimah Yacob se convierte en la primera mujer que preside Singapur.<\/p>\n\n\n\n<p class=\"wp-block-paragraph\">2023.- La NASA crea un departamento especializado para investigar los ovnis, ahora denominados \u2018fen\u00f3menos a\u00e9reos no identificados\u2019.<\/p>\n\n\n\n<p class=\"wp-block-paragraph\"><strong>Nacimientos<\/strong><\/p>\n\n\n\n<p class=\"wp-block-paragraph\">1580.- Francisco de Quevedo, escritor espa\u00f1ol del Siglo de Oro.<\/p>\n\n\n\n<p class=\"wp-block-paragraph\">1769.- Alejandro von Humboldt, naturalista alem\u00e1n.<\/p>\n\n\n\n<p class=\"wp-block-paragraph\">1846.- Joaqu\u00edn Costa, pol\u00edtico y jurista espa\u00f1ol, figura central del regeneracionismo.<\/p>\n\n\n\n<p class=\"wp-block-paragraph\">1879.- Margaret Sanger, feminista estadounidense.<\/p>\n\n\n\n<p class=\"wp-block-paragraph\">1920.- Mario Benedetti, escritor uruguayo.<\/p>\n\n\n\n<p class=\"wp-block-paragraph\">1929.- Larry Collins, escritor estadounidense.<\/p>\n\n\n\n<p class=\"wp-block-paragraph\">1942.- F\u00e9lix Pons, pol\u00edtico espa\u00f1ol.<\/p>\n\n\n\n<p class=\"wp-block-paragraph\">1948.- Mario Conde, financiero espa\u00f1ol.<\/p>\n\n\n\n<p class=\"wp-block-paragraph\">1968.- Ara Malikian, violinista liban\u00e9s de ascendencia armenia.<\/p>\n\n\n\n<p class=\"wp-block-paragraph\">1972.- Catalina Joanna Zita Sof\u00eda de Habsburgo Lorena, archiduquesa de Austria.<\/p>\n\n\n\n<p class=\"wp-block-paragraph\">1983.- Amy Winehouse, cantante brit\u00e1nica.<\/p>\n\n\n\n<p class=\"wp-block-paragraph\">1986.- Michelle Jenner, actriz espa\u00f1ola.<\/p>\n\n\n\n<p class=\"wp-block-paragraph\">1997.- Benjamin Ingrosso, cantante y compositor sueco.<\/p>\n\n\n\n<p class=\"wp-block-paragraph\"><strong>Defunciones<\/strong><\/p>\n\n\n\n<p class=\"wp-block-paragraph\">1321.- Dante Alighieri, poeta italiano.<\/p>\n\n\n\n<p class=\"wp-block-paragraph\">1852.- Arthur Wellesley, duque de Wellington, militar brit\u00e1nico.<\/p>\n\n\n\n<p class=\"wp-block-paragraph\">1916.- Jos\u00e9 Echegaray, escritor espa\u00f1ol, Nobel de Literatura.<\/p>\n\n\n\n<p class=\"wp-block-paragraph\">1927.- Isadora Duncan, bailarina y actriz estadounidense.<\/p>\n\n\n\n<p class=\"wp-block-paragraph\">1979.- Pastora Imperio, bailaora y cantaora espa\u00f1ola.<\/p>\n\n\n\n<p class=\"wp-block-paragraph\">1982.- Grace Kelly, actriz estadounidense y princesa de M\u00f3naco.<\/p>\n\n\n\n<p class=\"wp-block-paragraph\">1989.- D\u00e1maso P\u00e9rez Prado, m\u00fasico y compositor cubano.<\/p>\n\n\n\n<p class=\"wp-block-paragraph\">2005.- Robert Wise, cineasta estadounidense.<\/p>\n\n\n\n<p class=\"wp-block-paragraph\">2009.- Patrick Swayze, actor estadounidense.<\/p>\n\n\n\n<p class=\"wp-block-paragraph\">2014.- Isidoro \u00c1lvarez, empresario espa\u00f1ol.<\/p>\n\n\n\n<p class=\"wp-block-paragraph\">2020.- Yoshihide Suga, pol\u00edtico japon\u00e9s.<\/p>\n\n\n\n<p class=\"wp-block-paragraph\">2020.- Jos\u00e9 Antonio Lobato, actor espa\u00f1ol.<\/p>\n\n\n\n<p class=\"wp-block-paragraph\">2021.- Antonio Mart\u00ednez Sarri\u00f3n, poeta y ensayista espa\u00f1ol.<\/p>\n\n\n\n<p class=\"wp-block-paragraph\">2022.- Irene Papas, actriz griega.<br><br><\/p>\n\n\n\n<p class=\"wp-block-paragraph\"><\/p>\n","protected":false},"excerpt":{"rendered":"<p>Efem\u00e9rides 14 de septiembre En 1847, tropas estadounidenses tomaron la Ciudad de M\u00e9xico, durante la guerra con EU. Un d\u00eda 14 de septiembre como hoy, pero de 1847, tropas estadounidenses toman la Ciudad de M\u00e9xico, durante la guerra con Estados Unidos. Otras efem\u00e9rides 1791.- El rey Luis XVI acepta la primera Constituci\u00f3n escrita de la [&hellip;]<\/p>\n","protected":false},"author":6,"featured_media":43072,"comment_status":"open","ping_status":"open","sticky":false,"template":"","format":"standard","meta":{"_acf_changed":false,"_monsterinsights_skip_tracking":false,"slim_seo":{"title":"UN D\u00cdA COMO HOY... - Opini\u00f3n P\u00fablica","description":"Efem\u00e9rides 14 de septiembre En 1847, tropas estadounidenses tomaron la Ciudad de M\u00e9xico, durante la guerra con EU. Un d\u00eda 14 de septiembre como hoy, pero de 184"},"footnotes":""},"categories":[27],"tags":[],"class_list":["post-43071","post","type-post","status-publish","format-standard","has-post-thumbnail","hentry","category-un-dia-como-hoy"],"acf":[],"_links":{"self":[{"href":"https:\/\/www.opinionpublica.tv\/portada\/wp-json\/wp\/v2\/posts\/43071","targetHints":{"allow":["GET"]}}],"collection":[{"href":"https:\/\/www.opinionpublica.tv\/portada\/wp-json\/wp\/v2\/posts"}],"about":[{"href":"https:\/\/www.opinionpublica.tv\/portada\/wp-json\/wp\/v2\/types\/post"}],"author":[{"embeddable":true,"href":"https:\/\/www.opinionpublica.tv\/portada\/wp-json\/wp\/v2\/users\/6"}],"replies":[{"embeddable":true,"href":"https:\/\/www.opinionpublica.tv\/portada\/wp-json\/wp\/v2\/comments?post=43071"}],"version-history":[{"count":1,"href":"https:\/\/www.opinionpublica.tv\/portada\/wp-json\/wp\/v2\/posts\/43071\/revisions"}],"predecessor-version":[{"id":43073,"href":"https:\/\/www.opinionpublica.tv\/portada\/wp-json\/wp\/v2\/posts\/43071\/revisions\/43073"}],"wp:featuredmedia":[{"embeddable":true,"href":"https:\/\/www.opinionpublica.tv\/portada\/wp-json\/wp\/v2\/media\/43072"}],"wp:attachment":[{"href":"https:\/\/www.opinionpublica.tv\/portada\/wp-json\/wp\/v2\/media?parent=43071"}],"wp:term":[{"taxonomy":"category","embeddable":true,"href":"https:\/\/www.opinionpublica.tv\/portada\/wp-json\/wp\/v2\/categories?post=43071"},{"taxonomy":"post_tag","embeddable":true,"href":"https:\/\/www.opinionpublica.tv\/portada\/wp-json\/wp\/v2\/tags?post=43071"}],"curies":[{"name":"wp","href":"https:\/\/api.w.org\/{rel}","templated":true}]}}