{"id":43068,"date":"2024-09-14T12:20:59","date_gmt":"2024-09-14T18:20:59","guid":{"rendered":"https:\/\/www.opinionpublica.tv\/portada\/?p=43068"},"modified":"2024-09-14T12:21:00","modified_gmt":"2024-09-14T18:21:00","slug":"tribunal-suspende-publicacion-de-reforma-judicial-en-el-dof","status":"publish","type":"post","link":"https:\/\/www.opinionpublica.tv\/portada\/tribunal-suspende-publicacion-de-reforma-judicial-en-el-dof\/","title":{"rendered":"Tribunal suspende publicaci\u00f3n de reforma judicial en el DOF"},"content":{"rendered":"\n<figure class=\"wp-block-image aligncenter size-full\"><img fetchpriority=\"high\" decoding=\"async\" width=\"570\" height=\"346\" src=\"https:\/\/www.opinionpublica.tv\/portada\/wp-content\/uploads\/2024\/09\/Tribunal-suspende-publicacion-de-reforma-judicial-en-el-DOF.jpg\" alt=\"Tribunal Suspende Publicaci\u00f3n De Reforma Judicial En El Dof\" class=\"wp-image-43069\" srcset=\"https:\/\/www.opinionpublica.tv\/portada\/wp-content\/uploads\/2024\/09\/Tribunal-suspende-publicacion-de-reforma-judicial-en-el-DOF.jpg 570w, https:\/\/www.opinionpublica.tv\/portada\/wp-content\/uploads\/2024\/09\/Tribunal-suspende-publicacion-de-reforma-judicial-en-el-DOF-300x182.jpg 300w\" sizes=\"(max-width: 570px) 100vw, 570px\" \/><\/figure>\n\n\n\n<p class=\"has-text-align-center wp-block-paragraph\"><em>La publicaci\u00f3n de la reforma ocasionar\u00eda da\u00f1os y perjuicios de imposible reparaci\u00f3n.<\/em><\/p>\n\n\n\n<p class=\"wp-block-paragraph\"><em>Ciudad de M\u00e9xico<\/em>.- Al resolver un recurso de queja, un Tribunal Colegiado orden\u00f3 suspender la publicaci\u00f3n de la reforma judicial en el Diario Oficial de la Federaci\u00f3n (DOF) hasta que un juez de Distrito resuelva si concede la suspensi\u00f3n definitiva a una asociaci\u00f3n civil que impugn\u00f3 el dictamen aprobado por el Senado y la C\u00e1mara de Diputados.<\/p>\n\n\n\n<p class=\"wp-block-paragraph\">Por unanimidad de votos, los magistrados del colegiado declararon fundada la queja de la Fundaci\u00f3n Iris en Promoci\u00f3n y Defensa de los Derechos Humanos, contra los efectos de la suspensi\u00f3n provisional que un juez les otorg\u00f3 en el amparo que tramit\u00f3 para que no se llevara a cabo la discusi\u00f3n y aprobaci\u00f3n de la reforma judicial en las c\u00e1maras de Diputados y Senadores.<\/p>\n\n\n\n<p class=\"wp-block-paragraph\">En consecuencia, los magistrados consideraron procedente modificar la resoluci\u00f3n del juez y otorgarle a la asociaci\u00f3n la medida cautelar, pues la publicaci\u00f3n y entrada en vigor de la reforma ocasionar\u00eda da\u00f1os y perjuicios de imposible reparaci\u00f3n.<\/p>\n\n\n\n<p class=\"wp-block-paragraph\">\u00abPor resultar parcialmente fundados los agravios hechos valer, lo procedente es declarar fundado el presente recurso de queja y modificar los efectos de la suspensi\u00f3n, para que las autoridades responsables no materialicen los actos reclamados, esto es:<\/p>\n\n\n\n<p class=\"wp-block-paragraph\">\u00abQue no se lleve a cabo la discusi\u00f3n y aprobaci\u00f3n de la iniciativa de reforma a la Constituci\u00f3n, en las C\u00e1maras de Diputados y Senadores\u00bb.<\/p>\n\n\n\n<p class=\"wp-block-paragraph\">\u00abQue no se lleve a cabo la discusi\u00f3n y aprobaci\u00f3n de la iniciativa de reforma a la Constituci\u00f3n en las legislaturas de los Estados de la Rep\u00fablica Mexicana y de la Ciudad de M\u00e9xico, en espec\u00edfico el tema jur\u00eddico relativo al Poder Judicial\u00bb.<\/p>\n\n\n\n<p class=\"wp-block-paragraph\">\u00abEn caso de que el procedimiento de reforma constitucional impugnado se apruebe [ver art\u00edculo 135 constitucional], por las autoridades responsables, el decreto respectivo no se publique en el Diario Oficial de la Federaci\u00f3n\u00bb.<\/p>\n\n\n\n<p class=\"wp-block-paragraph\">Los magistrados se\u00f1alaron que la pretensi\u00f3n de la reforma judicial es clara en cuanto a que tiene como fin o efecto \u201cdesaparecer el Poder Judicial de la Federaci\u00f3n como fue establecido por el Poder Constituyente en la Carta Fundamental\u201d.<\/p>\n\n\n\n<p class=\"wp-block-paragraph\">El Tribunal Colegiado rechaz\u00f3 la solicitud de la fundaci\u00f3n para que se pidiera a la Suprema Corte de Justicia de la Naci\u00f3n (SCJN) que ejerciera su facultad de atracci\u00f3n, toda vez que en este asunto se est\u00e1n analizando cuestiones relacionadas con la suspensi\u00f3n provisional, las cuales deben resolverse dentro del plazo legal de 48 horas. (El Universal)<br><br><\/p>\n","protected":false},"excerpt":{"rendered":"<p>La publicaci\u00f3n de la reforma ocasionar\u00eda da\u00f1os y perjuicios de imposible reparaci\u00f3n. Ciudad de M\u00e9xico.- Al resolver un recurso de queja, un Tribunal Colegiado orden\u00f3 suspender la publicaci\u00f3n de la reforma judicial en el Diario Oficial de la Federaci\u00f3n (DOF) hasta que un juez de Distrito resuelva si concede la suspensi\u00f3n definitiva a una asociaci\u00f3n [&hellip;]<\/p>\n","protected":false},"author":6,"featured_media":43069,"comment_status":"open","ping_status":"open","sticky":false,"template":"","format":"standard","meta":{"_acf_changed":false,"_monsterinsights_skip_tracking":false,"slim_seo":{"title":"Tribunal suspende publicaci\u00f3n de reforma judicial en el DOF - Opini\u00f3n P\u00fablica","description":"La publicaci\u00f3n de la reforma ocasionar\u00eda da\u00f1os y perjuicios de imposible reparaci\u00f3n. Ciudad de M\u00e9xico .- Al resolver un recurso de queja, un Tribunal Colegiado"},"footnotes":""},"categories":[4],"tags":[],"class_list":["post-43068","post","type-post","status-publish","format-standard","has-post-thumbnail","hentry","category-pulsopolitico"],"acf":[],"_links":{"self":[{"href":"https:\/\/www.opinionpublica.tv\/portada\/wp-json\/wp\/v2\/posts\/43068","targetHints":{"allow":["GET"]}}],"collection":[{"href":"https:\/\/www.opinionpublica.tv\/portada\/wp-json\/wp\/v2\/posts"}],"about":[{"href":"https:\/\/www.opinionpublica.tv\/portada\/wp-json\/wp\/v2\/types\/post"}],"author":[{"embeddable":true,"href":"https:\/\/www.opinionpublica.tv\/portada\/wp-json\/wp\/v2\/users\/6"}],"replies":[{"embeddable":true,"href":"https:\/\/www.opinionpublica.tv\/portada\/wp-json\/wp\/v2\/comments?post=43068"}],"version-history":[{"count":1,"href":"https:\/\/www.opinionpublica.tv\/portada\/wp-json\/wp\/v2\/posts\/43068\/revisions"}],"predecessor-version":[{"id":43070,"href":"https:\/\/www.opinionpublica.tv\/portada\/wp-json\/wp\/v2\/posts\/43068\/revisions\/43070"}],"wp:featuredmedia":[{"embeddable":true,"href":"https:\/\/www.opinionpublica.tv\/portada\/wp-json\/wp\/v2\/media\/43069"}],"wp:attachment":[{"href":"https:\/\/www.opinionpublica.tv\/portada\/wp-json\/wp\/v2\/media?parent=43068"}],"wp:term":[{"taxonomy":"category","embeddable":true,"href":"https:\/\/www.opinionpublica.tv\/portada\/wp-json\/wp\/v2\/categories?post=43068"},{"taxonomy":"post_tag","embeddable":true,"href":"https:\/\/www.opinionpublica.tv\/portada\/wp-json\/wp\/v2\/tags?post=43068"}],"curies":[{"name":"wp","href":"https:\/\/api.w.org\/{rel}","templated":true}]}}