{"id":43059,"date":"2024-09-14T12:17:02","date_gmt":"2024-09-14T18:17:02","guid":{"rendered":"https:\/\/www.opinionpublica.tv\/portada\/?p=43059"},"modified":"2024-09-14T12:24:24","modified_gmt":"2024-09-14T18:24:24","slug":"inauguran-exposicion-pictorica-suenos-de-la-psique-en-cma","status":"publish","type":"post","link":"https:\/\/www.opinionpublica.tv\/portada\/inauguran-exposicion-pictorica-suenos-de-la-psique-en-cma\/","title":{"rendered":"Inauguran exposici\u00f3n pict\u00f3rica \u2018Sue\u00f1os de la Psique\u2019 en CMA"},"content":{"rendered":"\n<figure class=\"wp-block-image aligncenter size-full\"><img fetchpriority=\"high\" decoding=\"async\" width=\"570\" height=\"380\" src=\"https:\/\/www.opinionpublica.tv\/portada\/wp-content\/uploads\/2024\/09\/Inauguran-exposicion-pictorica-\u2018Suenos-de-la-Psique-en-CMA.jpg\" alt=\"Inauguran Exposici\u00f3n Pict\u00f3rica \u2018sue\u00f1os De La Psique\u2019 En Cma\" class=\"wp-image-43060\" srcset=\"https:\/\/www.opinionpublica.tv\/portada\/wp-content\/uploads\/2024\/09\/Inauguran-exposicion-pictorica-\u2018Suenos-de-la-Psique-en-CMA.jpg 570w, https:\/\/www.opinionpublica.tv\/portada\/wp-content\/uploads\/2024\/09\/Inauguran-exposicion-pictorica-\u2018Suenos-de-la-Psique-en-CMA-300x200.jpg 300w\" sizes=\"(max-width: 570px) 100vw, 570px\" \/><\/figure>\n\n\n\n<p class=\"has-text-align-center wp-block-paragraph\"><em>En esta exhibici\u00f3n, los artistas participantes buscan destacar el arte del ensamblaje.<\/em><\/p>\n\n\n\n<p class=\"wp-block-paragraph\"><em>Ciudad Ju\u00e1rez, Chih<\/em>.- El Instituto para la Cultura del Municipio de Ju\u00e1rez (IPACULT) celebr\u00f3 la exitosa apertura de la exposici\u00f3n pict\u00f3rica \u00abSue\u00f1os de la Psique\u00bb, encabezada por el destacado artista Juan Carlos Alavez y que tuvo lugar en la galer\u00eda \u00abMelisa Lara Hern\u00e1ndez\u00bb del Centro Municipal de las Artes (CMA).<\/p>\n\n\n\n<p class=\"wp-block-paragraph\">La muestra, que permanecer\u00e1 abierta al p\u00fablico hasta el 14 de octubre, presenta una serie de obras con claras influencias surrealistas, centradas en la t\u00e9cnica del ensamblaje o arte objeto, t\u00e9cnica que consiste en reutilizar objetos que ya han cumplido su funci\u00f3n original, transform\u00e1ndolos en piezas art\u00edsticas \u00fanicas.<\/p>\n\n\n\n<p class=\"wp-block-paragraph\">Los artistas que participan en la exposici\u00f3n, H\u00e9ctor Estrada, Ivonne Vida\u00f1a, Pianola Garza, Ver\u00f3nica Rico, Mirna Ajo \u00abMajo\u00bb, Alfredo T\u00e9llez y Juan Carlos Alavez, logran transmitir a trav\u00e9s de sus composiciones una profunda ambig\u00fcedad que invita al p\u00fablico a la reflexi\u00f3n y al asombro.<\/p>\n\n\n\n<p class=\"wp-block-paragraph\">Juan Carlos Alavez, originario de Oaxaca y formado en la academia de arte Rufino Tamayo, ha dedicado su carrera a perfeccionar diversas t\u00e9cnicas pl\u00e1sticas bajo la gu\u00eda de reconocidos maestros.<\/p>\n\n\n\n<p class=\"wp-block-paragraph\">A lo largo de su trayectoria ha presentado exposiciones individuales y colectivas en ciudades como Oaxaca, Ciudad de M\u00e9xico y Ciudad Ju\u00e1rez.<\/p>\n\n\n\n<p class=\"wp-block-paragraph\">Como miembro del colectivo \u00abDescatrinados\u00bb, ha participado en varias muestras, incluyendo algunas en el Museo del Chamizal y otros importantes espacios culturales de la localidad.<\/p>\n\n\n\n<p class=\"wp-block-paragraph\">En esta exhibici\u00f3n, los artistas participantes buscan destacar el arte del ensamblaje, t\u00e9cnica ligada al surrealismo, pero abordada desde un enfoque contempor\u00e1neo, donde con su obra invita al espectador a redescubrir los objetos cotidianos desde una nueva perspectiva, estableciendo un di\u00e1logo entre el arte y el p\u00fablico que va m\u00e1s all\u00e1 de lo visual, invitando a la introspecci\u00f3n.<\/p>\n\n\n\n<p class=\"wp-block-paragraph\">Myrna Judith Barajas Mart\u00ednez, directora del IPACULT, expres\u00f3 su satisfacci\u00f3n por el \u00e9xito de la inauguraci\u00f3n, subrayando que eventos como este no solo fomentan la cultura local, sino que tambi\u00e9n refuerzan el compromiso con los artistas emergentes y consolidados de la ciudad.<\/p>\n\n\n\n<p class=\"wp-block-paragraph\">Destac\u00f3 que la apertura de espacios como el CMA para este tipo de actividades contribuye a fortalecer la identidad cultural de la frontera, despertando un inter\u00e9s creciente por el arte y la cultura en general.<\/p>\n\n\n\n<p class=\"wp-block-paragraph\">La exposici\u00f3n \u00abSue\u00f1os de la Psique\u00bb representa una oportunidad \u00fanica para los habitantes de Ciudad Ju\u00e1rez de acercarse a una propuesta art\u00edstica diferente, que invita a descubrir el fascinante mundo del ensamblaje y a conocer el trabajo de destacados exponentes de esta t\u00e9cnica.<br><br><\/p>\n","protected":false},"excerpt":{"rendered":"<p>En esta exhibici\u00f3n, los artistas participantes buscan destacar el arte del ensamblaje. Ciudad Ju\u00e1rez, Chih.- El Instituto para la Cultura del Municipio de Ju\u00e1rez (IPACULT) celebr\u00f3 la exitosa apertura de la exposici\u00f3n pict\u00f3rica \u00abSue\u00f1os de la Psique\u00bb, encabezada por el destacado artista Juan Carlos Alavez y que tuvo lugar en la galer\u00eda \u00abMelisa Lara Hern\u00e1ndez\u00bb [&hellip;]<\/p>\n","protected":false},"author":6,"featured_media":43060,"comment_status":"open","ping_status":"open","sticky":false,"template":"","format":"standard","meta":{"_acf_changed":false,"_monsterinsights_skip_tracking":false,"slim_seo":{"title":"Inauguran exposici\u00f3n pict\u00f3rica \u2018Sue\u00f1os de la Psique\u2019 en CMA - Opini\u00f3n P\u00fablica","description":"En esta exhibici\u00f3n, los artistas participantes buscan destacar el arte del ensamblaje. Ciudad Ju\u00e1rez, Chih .- El Instituto para la Cultura del Municipio de Ju\u00e1r"},"footnotes":""},"categories":[41],"tags":[],"class_list":["post-43059","post","type-post","status-publish","format-standard","has-post-thumbnail","hentry","category-juarez"],"acf":[],"_links":{"self":[{"href":"https:\/\/www.opinionpublica.tv\/portada\/wp-json\/wp\/v2\/posts\/43059","targetHints":{"allow":["GET"]}}],"collection":[{"href":"https:\/\/www.opinionpublica.tv\/portada\/wp-json\/wp\/v2\/posts"}],"about":[{"href":"https:\/\/www.opinionpublica.tv\/portada\/wp-json\/wp\/v2\/types\/post"}],"author":[{"embeddable":true,"href":"https:\/\/www.opinionpublica.tv\/portada\/wp-json\/wp\/v2\/users\/6"}],"replies":[{"embeddable":true,"href":"https:\/\/www.opinionpublica.tv\/portada\/wp-json\/wp\/v2\/comments?post=43059"}],"version-history":[{"count":1,"href":"https:\/\/www.opinionpublica.tv\/portada\/wp-json\/wp\/v2\/posts\/43059\/revisions"}],"predecessor-version":[{"id":43061,"href":"https:\/\/www.opinionpublica.tv\/portada\/wp-json\/wp\/v2\/posts\/43059\/revisions\/43061"}],"wp:featuredmedia":[{"embeddable":true,"href":"https:\/\/www.opinionpublica.tv\/portada\/wp-json\/wp\/v2\/media\/43060"}],"wp:attachment":[{"href":"https:\/\/www.opinionpublica.tv\/portada\/wp-json\/wp\/v2\/media?parent=43059"}],"wp:term":[{"taxonomy":"category","embeddable":true,"href":"https:\/\/www.opinionpublica.tv\/portada\/wp-json\/wp\/v2\/categories?post=43059"},{"taxonomy":"post_tag","embeddable":true,"href":"https:\/\/www.opinionpublica.tv\/portada\/wp-json\/wp\/v2\/tags?post=43059"}],"curies":[{"name":"wp","href":"https:\/\/api.w.org\/{rel}","templated":true}]}}