{"id":43053,"date":"2024-09-14T12:14:57","date_gmt":"2024-09-14T18:14:57","guid":{"rendered":"https:\/\/www.opinionpublica.tv\/portada\/?p=43053"},"modified":"2024-09-14T12:14:58","modified_gmt":"2024-09-14T18:14:58","slug":"mantendra-el-juarezbus-su-horario-habitual-durante-el-15-y-16-de-septiembre","status":"publish","type":"post","link":"https:\/\/www.opinionpublica.tv\/portada\/mantendra-el-juarezbus-su-horario-habitual-durante-el-15-y-16-de-septiembre\/","title":{"rendered":"Mantendr\u00e1 el Ju\u00e1rezBus su horario habitual durante el 15 y 16 de septiembre"},"content":{"rendered":"\n<figure class=\"wp-block-image aligncenter size-full\"><img fetchpriority=\"high\" decoding=\"async\" width=\"570\" height=\"321\" src=\"https:\/\/www.opinionpublica.tv\/portada\/wp-content\/uploads\/2024\/09\/Mantendra-el-JuarezBus-su-horario-habitual-durante-el-15-y-16-de-septiembre.jpg\" alt=\"Mantendr\u00e1 El Ju\u00e1rezbus Su Horario Habitual Durante El 15 Y 16 De Septiembre\" class=\"wp-image-43054\" srcset=\"https:\/\/www.opinionpublica.tv\/portada\/wp-content\/uploads\/2024\/09\/Mantendra-el-JuarezBus-su-horario-habitual-durante-el-15-y-16-de-septiembre.jpg 570w, https:\/\/www.opinionpublica.tv\/portada\/wp-content\/uploads\/2024\/09\/Mantendra-el-JuarezBus-su-horario-habitual-durante-el-15-y-16-de-septiembre-300x169.jpg 300w\" sizes=\"(max-width: 570px) 100vw, 570px\" \/><\/figure>\n\n\n\n<p class=\"has-text-align-center wp-block-paragraph\"><em>El horario ser\u00e1 normal en las dos rutas: la troncal (BRT 2) y la pretroncal (G\u00f3mez Mor\u00edn).<\/em><\/p>\n\n\n\n<p class=\"wp-block-paragraph\"><em>Ciudad Ju\u00e1rez, Chih<\/em>.- La Secretar\u00eda General de Gobierno a trav\u00e9s de la Operadora de Transporte (OTV), informa que el servicio del Ju\u00e1rezBus no tendr\u00e1 afectaciones ni cambios durante los festividades del 15 y 16 de septiembre.<\/p>\n\n\n\n<p class=\"wp-block-paragraph\">El servicio se mantendr\u00e1 operando en su horario habitual para las dos rutas principales: la troncal (BRT 2) y la pretroncal (G\u00f3mez Mor\u00edn).<\/p>\n\n\n\n<p class=\"wp-block-paragraph\"><strong>Horarios<\/strong>:<\/p>\n\n\n\n<p class=\"wp-block-paragraph\"><strong>BRT 2<\/strong>:<\/p>\n\n\n\n<p class=\"wp-block-paragraph\">&#8211; Primera salida aeropuerto y ex aduana: 04:50 AM<\/p>\n\n\n\n<p class=\"wp-block-paragraph\">&#8211; \u00daltima salida de aeropuerto a ex aduana: 10:00 PM<\/p>\n\n\n\n<p class=\"wp-block-paragraph\">&#8211; \u00daltima salida de ex aduana a aeropuerto: 10:30 PM<\/p>\n\n\n\n<p class=\"wp-block-paragraph\"><strong>Pretroncal<\/strong>:<\/p>\n\n\n\n<p class=\"wp-block-paragraph\">&#8211; Primera salida Francisco Villarreal: 05:00 AM<\/p>\n\n\n\n<p class=\"wp-block-paragraph\">&#8211; \u00daltima salida de Francisco Villarreal: 10:00 PM<\/p>\n\n\n\n<p class=\"wp-block-paragraph\">Se hace un llamado a las personas que se dirijan a estos eventos a seguir las siguientes recomendaciones:<\/p>\n\n\n\n<p class=\"wp-block-paragraph\">&#8211; No rayar, ni vandalizar los autobuses<\/p>\n\n\n\n<p class=\"wp-block-paragraph\">&#8211; Evitar ingresar con explosivos o fuegos artificiales<\/p>\n\n\n\n<p class=\"wp-block-paragraph\">&#8211; No utilizar bocinas ni hacer ruido excesivo dentro de las unidades<\/p>\n\n\n\n<p class=\"wp-block-paragraph\">&#8211; Respetar los accesos exclusivos para mujeres, ni\u00f1os, adultos mayores y personas con discapacidad<\/p>\n\n\n\n<p class=\"wp-block-paragraph\">El Gobierno del Estado reiter\u00f3 que el Ju\u00e1rezBus brinda un servicio seguro y confiable para que todas y todos &nbsp;los usuarios puedan disfrutar de las fiestas patrias.<br><br><\/p>\n","protected":false},"excerpt":{"rendered":"<p>El horario ser\u00e1 normal en las dos rutas: la troncal (BRT 2) y la pretroncal (G\u00f3mez Mor\u00edn). Ciudad Ju\u00e1rez, Chih.- La Secretar\u00eda General de Gobierno a trav\u00e9s de la Operadora de Transporte (OTV), informa que el servicio del Ju\u00e1rezBus no tendr\u00e1 afectaciones ni cambios durante los festividades del 15 y 16 de septiembre. El servicio [&hellip;]<\/p>\n","protected":false},"author":6,"featured_media":43054,"comment_status":"open","ping_status":"open","sticky":false,"template":"","format":"standard","meta":{"_acf_changed":false,"_monsterinsights_skip_tracking":false,"slim_seo":{"title":"Mantendr\u00e1 el Ju\u00e1rezBus su horario habitual durante el 15 y 16 de septiembre - Opini\u00f3n P\u00fablica","description":"El horario ser\u00e1 normal en las dos rutas: la troncal (BRT 2) y la pretroncal (G\u00f3mez Mor\u00edn). Ciudad Ju\u00e1rez, Chih .- La Secretar\u00eda General de Gobierno a trav\u00e9s de"},"footnotes":""},"categories":[11],"tags":[],"class_list":["post-43053","post","type-post","status-publish","format-standard","has-post-thumbnail","hentry","category-tendencias"],"acf":[],"_links":{"self":[{"href":"https:\/\/www.opinionpublica.tv\/portada\/wp-json\/wp\/v2\/posts\/43053","targetHints":{"allow":["GET"]}}],"collection":[{"href":"https:\/\/www.opinionpublica.tv\/portada\/wp-json\/wp\/v2\/posts"}],"about":[{"href":"https:\/\/www.opinionpublica.tv\/portada\/wp-json\/wp\/v2\/types\/post"}],"author":[{"embeddable":true,"href":"https:\/\/www.opinionpublica.tv\/portada\/wp-json\/wp\/v2\/users\/6"}],"replies":[{"embeddable":true,"href":"https:\/\/www.opinionpublica.tv\/portada\/wp-json\/wp\/v2\/comments?post=43053"}],"version-history":[{"count":1,"href":"https:\/\/www.opinionpublica.tv\/portada\/wp-json\/wp\/v2\/posts\/43053\/revisions"}],"predecessor-version":[{"id":43055,"href":"https:\/\/www.opinionpublica.tv\/portada\/wp-json\/wp\/v2\/posts\/43053\/revisions\/43055"}],"wp:featuredmedia":[{"embeddable":true,"href":"https:\/\/www.opinionpublica.tv\/portada\/wp-json\/wp\/v2\/media\/43054"}],"wp:attachment":[{"href":"https:\/\/www.opinionpublica.tv\/portada\/wp-json\/wp\/v2\/media?parent=43053"}],"wp:term":[{"taxonomy":"category","embeddable":true,"href":"https:\/\/www.opinionpublica.tv\/portada\/wp-json\/wp\/v2\/categories?post=43053"},{"taxonomy":"post_tag","embeddable":true,"href":"https:\/\/www.opinionpublica.tv\/portada\/wp-json\/wp\/v2\/tags?post=43053"}],"curies":[{"name":"wp","href":"https:\/\/api.w.org\/{rel}","templated":true}]}}