{"id":43036,"date":"2024-09-13T09:24:00","date_gmt":"2024-09-13T15:24:00","guid":{"rendered":"https:\/\/www.opinionpublica.tv\/portada\/?p=43036"},"modified":"2024-09-13T09:24:01","modified_gmt":"2024-09-13T15:24:01","slug":"un-dia-como-hoy-19","status":"publish","type":"post","link":"https:\/\/www.opinionpublica.tv\/portada\/un-dia-como-hoy-19\/","title":{"rendered":"UN D\u00cdA COMO HOY&#8230;"},"content":{"rendered":"\n<h3 class=\"wp-block-heading\">Efem\u00e9rides 13 de septiembre<\/h3>\n\n\n\n<figure class=\"wp-block-image aligncenter size-full\"><img decoding=\"async\" width=\"270\" height=\"179\" src=\"https:\/\/www.opinionpublica.tv\/portada\/wp-content\/uploads\/2024\/09\/En-1847-tropas-de-EU-en-guerra-con-Mexico-asaltan-la-fortaleza-militar-de-Chapultepec.jpg\" alt=\"En 1847, Tropas De Eu En Guerra Con M\u00e9xico, Asaltan La Fortaleza Militar De Chapultepec\" class=\"wp-image-43037\"\/><\/figure>\n\n\n\n<p class=\"has-text-align-center wp-block-paragraph\"><em>En 1847, tropas de EU en guerra con M\u00e9xico, asaltan la fortaleza militar de Chapultepec.<\/em><\/p>\n\n\n\n<p class=\"wp-block-paragraph\">Un d\u00eda 13 de septiembre como hoy, pero de 1847, tropas estadounidenses, en guerra con M\u00e9xico, asaltan la fortaleza militar de Chapultepec, \u00faltimo basti\u00f3n en la defensa de Ciudad de M\u00e9xico.<\/p>\n\n\n\n<p class=\"wp-block-paragraph\"><strong>Otras efem\u00e9rides<\/strong><\/p>\n\n\n\n<p class=\"wp-block-paragraph\">1501.- El escultor y pintor italiano Miguel \u00c1ngel Buonarroti, comienza a trabajar en la escultura de El David, una de las obras maestras del Renacimiento.<\/p>\n\n\n\n<p class=\"wp-block-paragraph\">1584.- El Monasterio de San Lorenzo de El Escorial (Madrid), Patrimonio de la Humanidad por la UNESCO, finaliza las obras bajo las ordenes de Felipe II.<\/p>\n\n\n\n<p class=\"wp-block-paragraph\">1791.- El rey Luis XVI acepta la primera Constituci\u00f3n escrita de la historia de Francia bajo presi\u00f3n de la Asamblea Nacional que la hab\u00eda promulgado dos a\u00f1os antes.<\/p>\n\n\n\n<p class=\"wp-block-paragraph\">1868.- El astr\u00f3nomo canadiense James Craig Watson descubre el asteroide Climena desde el observatorio Detroit en la localidad estadounidense Ann Arbor.<\/p>\n\n\n\n<p class=\"wp-block-paragraph\">1941.- Se funda la formaci\u00f3n pol\u00edtica Acci\u00f3n Democr\u00e1tica en Venezuela.<\/p>\n\n\n\n<p class=\"wp-block-paragraph\">1949.- La Conferencia de Lausana para la Conciliaci\u00f3n en Palestina, convocada por la ONU, finaliza en la ciudad suiza con la presencia de Israel y varios pa\u00edses \u00e1rabes.<\/p>\n\n\n\n<p class=\"wp-block-paragraph\">1955.- El Gobierno de Alemania Occidental (RFA) acuerda con los sovi\u00e9ticos en Mosc\u00fa la repatriaci\u00f3n de 15.000 civiles y prisioneros de guerra alemanes.<\/p>\n\n\n\n<p class=\"wp-block-paragraph\">1968.- Albania abandona el Pacto de Varsovia como protesta por la intervenci\u00f3n sovi\u00e9tica en Checoslovaquia.<\/p>\n\n\n\n<p class=\"wp-block-paragraph\">1970.- La Exposici\u00f3n Universal de Osaka (Jap\u00f3n) es clausurada con la visita de m\u00e1s de 64 millones de personas.<\/p>\n\n\n\n<p class=\"wp-block-paragraph\">1975.- El famoso cuadro de Rembrandt \u00abLa ronda de noche\u00bb, expuesto en el Rijksmuseum de Amsterdam, sufre da\u00f1os de consideraci\u00f3n al ser acuchillado por un desequilibrado mental.<\/p>\n\n\n\n<p class=\"wp-block-paragraph\">1985.- Nintendo lanza en Jap\u00f3n el videojuego Super Mario Bros, cuya serie es una de las m\u00e1s vendidas de la historia.<\/p>\n\n\n\n<p class=\"wp-block-paragraph\">1993.- El primer ministro israel\u00ed Isaac Rabin y el l\u00edder de la OLP Yaser Arafat firman los acuerdos de Oslo en Washington, que auspician la creaci\u00f3n de la Autoridad Nacional Palestina (ANP) en Cisjordania y la Franja de Gaza.<\/p>\n\n\n\n<p class=\"wp-block-paragraph\">1999.- Un atentado con bomba atribuido a extremistas musulmanes causa 118 muertos en un edificio de viviendas en Mosc\u00fa (Rusia).<\/p>\n\n\n\n<p class=\"wp-block-paragraph\">2001.- La justicia de Per\u00fa dicta una orden de captura nacional e internacional contra el exmandatario Alberto Fujimori por delitos de homicidio, lesiones graves y desaparici\u00f3n forzada de personas.<\/p>\n\n\n\n<p class=\"wp-block-paragraph\">2007.- La ONU aprueba en Nueva York (EEUU) la Declaraci\u00f3n de Derechos de los Pueblos Ind\u00edgenas.<\/p>\n\n\n\n<p class=\"wp-block-paragraph\">2010.- La Marina de M\u00e9xico entrega al presunto narcotraficante Sergio Villareal Barrag\u00e1n, alias \u00abEl Grande\u00bb y jefe del c\u00e1rtel de los hermanos Beltr\u00e1n Leyva, a la fiscal\u00eda de la Rep\u00fablica.<\/p>\n\n\n\n<p class=\"wp-block-paragraph\">2011.- Un tribunal federal de Buenos Aires absuelve al expresidente argentino Carlos Menem de contrabando de armas a Croacia y Ecuador.<\/p>\n\n\n\n<p class=\"wp-block-paragraph\"><strong>Nacimientos<\/strong><\/p>\n\n\n\n<p class=\"wp-block-paragraph\">1903.- Claudette Colbert, actriz estadounidense.<\/p>\n\n\n\n<p class=\"wp-block-paragraph\">1911.- Bill Monroe, m\u00fasico estadounidense, fundador del bluegrass.<\/p>\n\n\n\n<p class=\"wp-block-paragraph\">1924.- Maurice Jarre, m\u00fasico estadounidense de origen franc\u00e9s.<\/p>\n\n\n\n<p class=\"wp-block-paragraph\">1941 &#8211; \u00d3scar Arias, expresidente de Costa Rica, Nobel de la Paz.<\/p>\n\n\n\n<p class=\"wp-block-paragraph\">1943.- Luis Eduardo Aute, cantautor espa\u00f1ol.<\/p>\n\n\n\n<p class=\"wp-block-paragraph\">1944.- Jacqueline Bisset, actriz brit\u00e1nica.<\/p>\n\n\n\n<p class=\"wp-block-paragraph\">1949.- Fred \u0093SonicSmith, m\u00fasico estadounidense, guitarrista de MC5.<\/p>\n\n\n\n<p class=\"wp-block-paragraph\">1967.- Michael Johnson, atleta estadounidense.<\/p>\n\n\n\n<p class=\"wp-block-paragraph\">1971.- Stella McCartney, modista brit\u00e1nica.<\/p>\n\n\n\n<p class=\"wp-block-paragraph\">1973.- Fabio Cannavaro, futbolista italiano.<\/p>\n\n\n\n<p class=\"wp-block-paragraph\">1977.- Fiona Apple, cantautora estadounidense.<\/p>\n\n\n\n<p class=\"wp-block-paragraph\">1989: Thomas M\u00fcller, futbolista alem\u00e1n.<\/p>\n\n\n\n<p class=\"wp-block-paragraph\">1996.- Lili Reinhart, actriz estadounidense.<\/p>\n\n\n\n<p class=\"wp-block-paragraph\"><strong>Defunciones<\/strong><\/p>\n\n\n\n<p class=\"wp-block-paragraph\">1506.- Andrea Mantegna, pintor y grabador italiano.<\/p>\n\n\n\n<p class=\"wp-block-paragraph\">1592.- Michel Montaigne, ensayista y fil\u00f3sofo franc\u00e9s.<\/p>\n\n\n\n<p class=\"wp-block-paragraph\">1598.- Felipe II, rey de Espa\u00f1a.<\/p>\n\n\n\n<p class=\"wp-block-paragraph\">1995.- Francesco Messina, escultor italiano.<\/p>\n\n\n\n<p class=\"wp-block-paragraph\">2001.- Dorothy McGuire, actriz estadounidense.<\/p>\n\n\n\n<p class=\"wp-block-paragraph\">2011.- Richard Hamilton, pintor brit\u00e1nico, pionero del \u00abPop Art\u00bb.<\/p>\n\n\n\n<p class=\"wp-block-paragraph\">2015.- Moses Malone, jugador de baloncesto estadounidense.<\/p>\n\n\n\n<p class=\"wp-block-paragraph\">2017.- Grant Hart, m\u00fasico estadounidense.<\/p>\n\n\n\n<p class=\"wp-block-paragraph\">2019.- Eddie Monney, cantante estadounidense.<\/p>\n\n\n\n<p class=\"wp-block-paragraph\">2022.- Jean-Luc Godard, cineasta franc\u00e9s.<br><br><\/p>\n","protected":false},"excerpt":{"rendered":"<p>Efem\u00e9rides 13 de septiembre En 1847, tropas de EU en guerra con M\u00e9xico, asaltan la fortaleza militar de Chapultepec. Un d\u00eda 13 de septiembre como hoy, pero de 1847, tropas estadounidenses, en guerra con M\u00e9xico, asaltan la fortaleza militar de Chapultepec, \u00faltimo basti\u00f3n en la defensa de Ciudad de M\u00e9xico. Otras efem\u00e9rides 1501.- El escultor [&hellip;]<\/p>\n","protected":false},"author":6,"featured_media":43037,"comment_status":"open","ping_status":"open","sticky":false,"template":"","format":"standard","meta":{"_acf_changed":false,"_monsterinsights_skip_tracking":false,"slim_seo":{"title":"UN D\u00cdA COMO HOY... - Opini\u00f3n P\u00fablica","description":"Efem\u00e9rides 13 de septiembre En 1847, tropas de EU en guerra con M\u00e9xico, asaltan la fortaleza militar de Chapultepec. Un d\u00eda 13 de septiembre como hoy, pero de 1"},"footnotes":""},"categories":[27],"tags":[],"class_list":["post-43036","post","type-post","status-publish","format-standard","has-post-thumbnail","hentry","category-un-dia-como-hoy"],"acf":[],"_links":{"self":[{"href":"https:\/\/www.opinionpublica.tv\/portada\/wp-json\/wp\/v2\/posts\/43036","targetHints":{"allow":["GET"]}}],"collection":[{"href":"https:\/\/www.opinionpublica.tv\/portada\/wp-json\/wp\/v2\/posts"}],"about":[{"href":"https:\/\/www.opinionpublica.tv\/portada\/wp-json\/wp\/v2\/types\/post"}],"author":[{"embeddable":true,"href":"https:\/\/www.opinionpublica.tv\/portada\/wp-json\/wp\/v2\/users\/6"}],"replies":[{"embeddable":true,"href":"https:\/\/www.opinionpublica.tv\/portada\/wp-json\/wp\/v2\/comments?post=43036"}],"version-history":[{"count":1,"href":"https:\/\/www.opinionpublica.tv\/portada\/wp-json\/wp\/v2\/posts\/43036\/revisions"}],"predecessor-version":[{"id":43038,"href":"https:\/\/www.opinionpublica.tv\/portada\/wp-json\/wp\/v2\/posts\/43036\/revisions\/43038"}],"wp:featuredmedia":[{"embeddable":true,"href":"https:\/\/www.opinionpublica.tv\/portada\/wp-json\/wp\/v2\/media\/43037"}],"wp:attachment":[{"href":"https:\/\/www.opinionpublica.tv\/portada\/wp-json\/wp\/v2\/media?parent=43036"}],"wp:term":[{"taxonomy":"category","embeddable":true,"href":"https:\/\/www.opinionpublica.tv\/portada\/wp-json\/wp\/v2\/categories?post=43036"},{"taxonomy":"post_tag","embeddable":true,"href":"https:\/\/www.opinionpublica.tv\/portada\/wp-json\/wp\/v2\/tags?post=43036"}],"curies":[{"name":"wp","href":"https:\/\/api.w.org\/{rel}","templated":true}]}}