{"id":43030,"date":"2024-09-13T09:21:46","date_gmt":"2024-09-13T15:21:46","guid":{"rendered":"https:\/\/www.opinionpublica.tv\/portada\/?p=43030"},"modified":"2024-09-13T09:21:48","modified_gmt":"2024-09-13T15:21:48","slug":"pleno-de-scjn-levanta-paro-de-labores-por-reforma-judicial","status":"publish","type":"post","link":"https:\/\/www.opinionpublica.tv\/portada\/pleno-de-scjn-levanta-paro-de-labores-por-reforma-judicial\/","title":{"rendered":"Pleno de SCJN levanta paro de labores por Reforma Judicial"},"content":{"rendered":"\n<figure class=\"wp-block-image aligncenter size-full\"><img fetchpriority=\"high\" decoding=\"async\" width=\"570\" height=\"346\" src=\"https:\/\/www.opinionpublica.tv\/portada\/wp-content\/uploads\/2024\/09\/Pleno-de-SCJN-levanta-paro-de-labores-por-Reforma-Judicial.jpg\" alt=\"Pleno De Scjn Levanta Paro De Labores Por Reforma Judicial\" class=\"wp-image-43031\" srcset=\"https:\/\/www.opinionpublica.tv\/portada\/wp-content\/uploads\/2024\/09\/Pleno-de-SCJN-levanta-paro-de-labores-por-Reforma-Judicial.jpg 570w, https:\/\/www.opinionpublica.tv\/portada\/wp-content\/uploads\/2024\/09\/Pleno-de-SCJN-levanta-paro-de-labores-por-Reforma-Judicial-300x182.jpg 300w\" sizes=\"(max-width: 570px) 100vw, 570px\" \/><\/figure>\n\n\n\n<p class=\"has-text-align-center wp-block-paragraph\"><em>La reanudaci\u00f3n es exclusiva en la SCJN. Los jueces y trabajadores siguen en paro.<\/em><\/p>\n\n\n\n<p class=\"wp-block-paragraph\"><em>Ciudad de M\u00e9xico<\/em>.- Por unanimidad de votos, el pleno de la Suprema Corte de Justicia de la Naci\u00f3n (SCJN) determin\u00f3 levantar el paro de labores, tras la aprobaci\u00f3n de la reforma judicial, por lo que el pr\u00f3ximo martes reanudar\u00e1n actividades.<\/p>\n\n\n\n<p class=\"wp-block-paragraph\">Entrevistada al salir del edificio de la SCJN, la ministra Yasm\u00edn Esquivel Mossa inform\u00f3 que en sesi\u00f3n privada realizada este jueves, los once ministros decidieron regresar a sesionar el pr\u00f3ximo 17 de septiembre, luego de dos semanas de paro en apoyo a los trabajadores del Poder Judicial de la Federaci\u00f3n inconformes con la reforma judicial.<\/p>\n\n\n\n<p class=\"wp-block-paragraph\">\u00abTuvimos ya una sesi\u00f3n privada en la cual se determin\u00f3 que se reanudan las actividades el pr\u00f3ximo martes 17 de septiembre\u00bb.<\/p>\n\n\n\n<p class=\"wp-block-paragraph\">Aclar\u00f3 que la reanudaci\u00f3n de actividades, es exclusiva para la Corte, porque en el caso de los magistrados y jueces es el Consejo de la Judicatura Federal (CJF), encabezado por la ministra Norma Luc\u00eda Pi\u00f1a Hern\u00e1ndez, el que deber\u00e1 decidir.<\/p>\n\n\n\n<p class=\"wp-block-paragraph\">\u00abNo se toc\u00f3 ese tema en la sesi\u00f3n privada de este momento en el Pleno de la Corte. Nada sobre el Consejo ni nada sobre la reanudaci\u00f3n de actividades por parte de jueces y magistrados. Este es un tema que compete al Consejo y seguramente el Consejo tomar\u00e1 su determinaci\u00f3n en la pr\u00f3xima sesi\u00f3n que tenga\u00bb, dijo a pregunta expresa.<\/p>\n\n\n\n<p class=\"wp-block-paragraph\">Esquivel Mossa afirm\u00f3 que aunque no se toc\u00f3 el tema del retiro de cadenas en las puertas de acceso de la Corte, \u00abes obvio que deban retirarse, toda vez que se reanudan actividades normales a partir del pr\u00f3ximo martes\u00bb. (El Universal)<br><br><\/p>\n","protected":false},"excerpt":{"rendered":"<p>La reanudaci\u00f3n es exclusiva en la SCJN. Los jueces y trabajadores siguen en paro. Ciudad de M\u00e9xico.- Por unanimidad de votos, el pleno de la Suprema Corte de Justicia de la Naci\u00f3n (SCJN) determin\u00f3 levantar el paro de labores, tras la aprobaci\u00f3n de la reforma judicial, por lo que el pr\u00f3ximo martes reanudar\u00e1n actividades. Entrevistada [&hellip;]<\/p>\n","protected":false},"author":6,"featured_media":43031,"comment_status":"open","ping_status":"open","sticky":false,"template":"","format":"standard","meta":{"_acf_changed":false,"_monsterinsights_skip_tracking":false,"slim_seo":{"title":"Pleno de SCJN levanta paro de labores por Reforma Judicial - Opini\u00f3n P\u00fablica","description":"La reanudaci\u00f3n es exclusiva en la SCJN. Los jueces y trabajadores siguen en paro. Ciudad de M\u00e9xico .- Por unanimidad de votos, el pleno de la Suprema Corte de J"},"footnotes":""},"categories":[4],"tags":[],"class_list":["post-43030","post","type-post","status-publish","format-standard","has-post-thumbnail","hentry","category-pulsopolitico"],"acf":[],"_links":{"self":[{"href":"https:\/\/www.opinionpublica.tv\/portada\/wp-json\/wp\/v2\/posts\/43030","targetHints":{"allow":["GET"]}}],"collection":[{"href":"https:\/\/www.opinionpublica.tv\/portada\/wp-json\/wp\/v2\/posts"}],"about":[{"href":"https:\/\/www.opinionpublica.tv\/portada\/wp-json\/wp\/v2\/types\/post"}],"author":[{"embeddable":true,"href":"https:\/\/www.opinionpublica.tv\/portada\/wp-json\/wp\/v2\/users\/6"}],"replies":[{"embeddable":true,"href":"https:\/\/www.opinionpublica.tv\/portada\/wp-json\/wp\/v2\/comments?post=43030"}],"version-history":[{"count":1,"href":"https:\/\/www.opinionpublica.tv\/portada\/wp-json\/wp\/v2\/posts\/43030\/revisions"}],"predecessor-version":[{"id":43032,"href":"https:\/\/www.opinionpublica.tv\/portada\/wp-json\/wp\/v2\/posts\/43030\/revisions\/43032"}],"wp:featuredmedia":[{"embeddable":true,"href":"https:\/\/www.opinionpublica.tv\/portada\/wp-json\/wp\/v2\/media\/43031"}],"wp:attachment":[{"href":"https:\/\/www.opinionpublica.tv\/portada\/wp-json\/wp\/v2\/media?parent=43030"}],"wp:term":[{"taxonomy":"category","embeddable":true,"href":"https:\/\/www.opinionpublica.tv\/portada\/wp-json\/wp\/v2\/categories?post=43030"},{"taxonomy":"post_tag","embeddable":true,"href":"https:\/\/www.opinionpublica.tv\/portada\/wp-json\/wp\/v2\/tags?post=43030"}],"curies":[{"name":"wp","href":"https:\/\/api.w.org\/{rel}","templated":true}]}}