{"id":43024,"date":"2024-09-13T09:17:08","date_gmt":"2024-09-13T15:17:08","guid":{"rendered":"https:\/\/www.opinionpublica.tv\/portada\/?p=43024"},"modified":"2024-09-13T09:17:08","modified_gmt":"2024-09-13T15:17:08","slug":"inaugura-alcalde-albergue-para-migrantes-felipe-angeles","status":"publish","type":"post","link":"https:\/\/www.opinionpublica.tv\/portada\/inaugura-alcalde-albergue-para-migrantes-felipe-angeles\/","title":{"rendered":"Inaugura alcalde albergue para migrantes \u201cFelipe \u00c1ngeles\u201d"},"content":{"rendered":"\n<figure class=\"wp-block-image aligncenter size-full\"><img fetchpriority=\"high\" decoding=\"async\" width=\"570\" height=\"380\" src=\"https:\/\/www.opinionpublica.tv\/portada\/wp-content\/uploads\/2024\/09\/El-albergue-contara-con-tres-modulos-de-dormitorios-con-lugar-para-300-personas.jpg\" alt=\"El Albergue Contar\u00e1 Con Tres M\u00f3dulos De Dormitorios Con Lugar Para 300 Personas\" class=\"wp-image-43025\" srcset=\"https:\/\/www.opinionpublica.tv\/portada\/wp-content\/uploads\/2024\/09\/El-albergue-contara-con-tres-modulos-de-dormitorios-con-lugar-para-300-personas.jpg 570w, https:\/\/www.opinionpublica.tv\/portada\/wp-content\/uploads\/2024\/09\/El-albergue-contara-con-tres-modulos-de-dormitorios-con-lugar-para-300-personas-300x200.jpg 300w\" sizes=\"(max-width: 570px) 100vw, 570px\" \/><\/figure>\n\n\n\n<p class=\"has-text-align-center wp-block-paragraph\"><em>El albergue contar\u00e1 con tres m\u00f3dulos de dormitorios con lugar para 300 personas.<\/em><\/p>\n\n\n\n<p class=\"wp-block-paragraph\"><em>Ciudad Ju\u00e1rez, Chih<\/em>.- Con la presencia de las autoridades de los tres \u00f3rdenes de Gobierno, el presidente municipal, Cruz P\u00e9rez Cu\u00e9llar inaugur\u00f3 el Albergue para Ni\u00f1as, Ni\u00f1os y Adolescentes Migrantes Acompa\u00f1ados \u201cFelipe \u00c1ngeles\u201d, ubicado en la colonia del mismo nombre, al poniente de la ciudad.<\/p>\n\n\n\n<p class=\"wp-block-paragraph\">En compa\u00f1\u00eda de su esposa, la presidenta del DIF Municipal, Rub\u00ed Enr\u00edquez; de la titular del Sistema Nacional para el Desarrollo Integral de la Familia, Nuria Fern\u00e1ndez Espresate y de la presidenta del DIF Estatal, Mar\u00eda Eugenia Galv\u00e1n Antill\u00f3n, el alcalde agradeci\u00f3 la colaboraci\u00f3n entre el DIF Municipal y la Direcci\u00f3n de Derechos Humanos, as\u00ed como el apoyo tanto del DIF Estatal como del DIF Nacional.<\/p>\n\n\n\n<p class=\"wp-block-paragraph\">El Albergue para Ni\u00f1as, Ni\u00f1os y Adolescentes Migrantes Acompa\u00f1ados \u201cFelipe \u00c1ngeles\u201d, se construy\u00f3 en las instalaciones del Centro Comunitario Felipe \u00c1ngeles y contar\u00e1 con tres m\u00f3dulos de dormitorios con lugar para 300 personas.<\/p>\n\n\n\n<p class=\"wp-block-paragraph\">Este espacio se adapt\u00f3 con dormitorios, lavander\u00eda, comedor, cocina, bodegas, \u00e1reas de consulta m\u00e9dica, \u00e1rea administrativa, ba\u00f1os completos, talleres y \u00e1rea de juegos, con una inversi\u00f3n de 38.5 millones de pesos.<\/p>\n\n\n\n<p class=\"wp-block-paragraph\">Ivana Reyes, beneficiaria de 15 a\u00f1os de edad, agradeci\u00f3 a las autoridades mexicanas por abrir las puertas de este lugar, ya que ha sido refugio seguro para ella y su familia y les ha permitido sentirse protegidos.<\/p>\n\n\n\n<p class=\"wp-block-paragraph\">\u201cHemos encontrado hogar temporal pero lleno de apoyo, me da gusto que haya espacios como \u00e9ste donde incondicionalmente ayudan a personas que venimos migrando de otro pa\u00eds y nunca olvidaremos su generosidad\u201d, expres\u00f3.<\/p>\n\n\n\n<p class=\"wp-block-paragraph\">Durante la apertura del espacio, el alcalde reiter\u00f3 la disposici\u00f3n de trabajar en equipo con los DIF Nacional y Estatal, ya que los retos son grandes.<\/p>\n\n\n\n<p class=\"wp-block-paragraph\">Coment\u00f3 que este albergue no solamente apoyar\u00e1 a las familias que est\u00e1n en situaci\u00f3n de tr\u00e1nsito por esta frontera, sino que adem\u00e1s, la construcci\u00f3n gener\u00f3 un acuerdo entre los vecinos del sector y el Municipio para construirles un nuevo parque en mejores condiciones, ya que el espacio donde est\u00e1 el albergue era un Centro Comunitario.<\/p>\n\n\n\n<p class=\"wp-block-paragraph\">Adem\u00e1s se cuenta con una ambulancia que lleg\u00f3 como apoyo extra del Gobierno Federal para disponibilidad de los migrantes y de los colonos, por lo que la unidad estar\u00e1 en el albergue, pero asistiendo tambi\u00e9n a los vecinos que requieran ayuda.<\/p>\n\n\n\n<p class=\"wp-block-paragraph\">P\u00e9rez Cu\u00e9llar tambi\u00e9n inform\u00f3 que se est\u00e1 construyendo con recursos del Gobierno Federal un nuevo espacio para migrantes que sustituir\u00e1 al albergue Enrique \u201cKiki\u201d Romero, ya que este es un gimnasio localizado en el poniente de la ciudad y volver\u00e1 a usarse como tal.<\/p>\n\n\n\n<p class=\"wp-block-paragraph\">Explic\u00f3 que en su momento se habilit\u00f3 para apoyar a las personas en situaci\u00f3n de movilidad, sin embargo se requiere un lugar dise\u00f1ado como albergue y aparte es necesario regresarle a los j\u00f3venes el sitio que hab\u00edan perdido, por lo que tambi\u00e9n se har\u00e1 remodelaci\u00f3n en el gimnasio para que se convierta en punto de pr\u00e1ctica del deporte.<\/p>\n\n\n\n<p class=\"wp-block-paragraph\">\u201cEstos apoyos no s\u00f3lo ayudan a los migrantes, sino que tambi\u00e9n impacta a los juarenses\u201d, se\u00f1al\u00f3.<\/p>\n\n\n\n<p class=\"wp-block-paragraph\">La presidenta del Sistema Integral de la Familia (DIF), Rub\u00ed Enr\u00edquez, dijo que de manera coordinada se trabaj\u00f3 para ofrecer a los ni\u00f1os y adolescentes las mejores condiciones para su desarrollo.<\/p>\n\n\n\n<p class=\"wp-block-paragraph\">\u201cA quienes llegan acompa\u00f1ados a esta hospitalaria frontera, con rumbo a Estados Unidos, nos propusimos ofrecerles un espacio digno y seguro para que tengan asegurado un trato respetuoso de sus derechos humanos durante su permanencia, adem\u00e1s de orientaci\u00f3n y acompa\u00f1amiento necesario para la toma de decisiones, acorde con el compromiso del Gobierno Municipal\u201d, expres\u00f3.<\/p>\n\n\n\n<p class=\"wp-block-paragraph\">La se\u00f1ora Enr\u00edquez agradeci\u00f3 y reconoci\u00f3 el apoyo de Fern\u00e1ndez Espresate y de Galv\u00e1n Antill\u00f3n.<\/p>\n\n\n\n<p class=\"wp-block-paragraph\">Por su parte, Nuria Fern\u00e1ndez Espresate indic\u00f3 que el presidente de la Rep\u00fablica, Andr\u00e9s Manuel L\u00f3pez Obrador, propuso recursos para construir espacios para migrantes en todo el pa\u00eds, por lo que se dise\u00f1\u00f3 una propuesta en que participan Municipio, Estado y Federaci\u00f3n.<\/p>\n\n\n\n<p class=\"wp-block-paragraph\">\u201cCruz nos abri\u00f3 las puertas del municipio en un lugar donde no ten\u00edan espacios suficientes\u201d, dijo.<\/p>\n\n\n\n<p class=\"wp-block-paragraph\">Coment\u00f3 que ahora va a cambiar la migraci\u00f3n debido a que las citas del CBP One se dar\u00e1n desde Tapachula, y aparte, a trav\u00e9s del programa \u201cM\u00e9xico te env\u00eda\u201d, los migrantes podr\u00e1n buscar empleo en este pa\u00eds desde su lugar de origen.<\/p>\n\n\n\n<p class=\"wp-block-paragraph\">Mar\u00eda Eugenia Galv\u00e1n Antill\u00f3n, presidenta del DIF Estatal, mostr\u00f3 alegr\u00eda al saber que hoy se inaugura un lugar donde familias con ni\u00f1os podr\u00e1n hospedarse, luego de recorrer un camino dif\u00edcil.<\/p>\n\n\n\n<p class=\"wp-block-paragraph\">\u201cEstamos agradecidos con el Gobierno Federal porque ha tra\u00eddo al Estado esta inversi\u00f3n que ayuda a amortiguar el dolor de las personas que vienen desde tan lejos, esto significa el amor que debemos tener, la solidaridad para dar esta fortaleza a hermanos m\u00e1s desvalidos, gracias a la federaci\u00f3n y al municipio por la construcci\u00f3n\u201c, indic\u00f3.<br><br><\/p>\n","protected":false},"excerpt":{"rendered":"<p>El albergue contar\u00e1 con tres m\u00f3dulos de dormitorios con lugar para 300 personas. Ciudad Ju\u00e1rez, Chih.- Con la presencia de las autoridades de los tres \u00f3rdenes de Gobierno, el presidente municipal, Cruz P\u00e9rez Cu\u00e9llar inaugur\u00f3 el Albergue para Ni\u00f1as, Ni\u00f1os y Adolescentes Migrantes Acompa\u00f1ados \u201cFelipe \u00c1ngeles\u201d, ubicado en la colonia del mismo nombre, al poniente [&hellip;]<\/p>\n","protected":false},"author":6,"featured_media":43025,"comment_status":"open","ping_status":"open","sticky":false,"template":"","format":"standard","meta":{"_acf_changed":false,"_monsterinsights_skip_tracking":false,"slim_seo":{"title":"Inaugura alcalde albergue para migrantes \u201cFelipe \u00c1ngeles\u201d - Opini\u00f3n P\u00fablica","description":"El albergue contar\u00e1 con tres m\u00f3dulos de dormitorios con lugar para 300 personas. Ciudad Ju\u00e1rez, Chih .- Con la presencia de las autoridades de los tres \u00f3rdenes"},"footnotes":""},"categories":[41],"tags":[],"class_list":["post-43024","post","type-post","status-publish","format-standard","has-post-thumbnail","hentry","category-juarez"],"acf":[],"_links":{"self":[{"href":"https:\/\/www.opinionpublica.tv\/portada\/wp-json\/wp\/v2\/posts\/43024","targetHints":{"allow":["GET"]}}],"collection":[{"href":"https:\/\/www.opinionpublica.tv\/portada\/wp-json\/wp\/v2\/posts"}],"about":[{"href":"https:\/\/www.opinionpublica.tv\/portada\/wp-json\/wp\/v2\/types\/post"}],"author":[{"embeddable":true,"href":"https:\/\/www.opinionpublica.tv\/portada\/wp-json\/wp\/v2\/users\/6"}],"replies":[{"embeddable":true,"href":"https:\/\/www.opinionpublica.tv\/portada\/wp-json\/wp\/v2\/comments?post=43024"}],"version-history":[{"count":1,"href":"https:\/\/www.opinionpublica.tv\/portada\/wp-json\/wp\/v2\/posts\/43024\/revisions"}],"predecessor-version":[{"id":43026,"href":"https:\/\/www.opinionpublica.tv\/portada\/wp-json\/wp\/v2\/posts\/43024\/revisions\/43026"}],"wp:featuredmedia":[{"embeddable":true,"href":"https:\/\/www.opinionpublica.tv\/portada\/wp-json\/wp\/v2\/media\/43025"}],"wp:attachment":[{"href":"https:\/\/www.opinionpublica.tv\/portada\/wp-json\/wp\/v2\/media?parent=43024"}],"wp:term":[{"taxonomy":"category","embeddable":true,"href":"https:\/\/www.opinionpublica.tv\/portada\/wp-json\/wp\/v2\/categories?post=43024"},{"taxonomy":"post_tag","embeddable":true,"href":"https:\/\/www.opinionpublica.tv\/portada\/wp-json\/wp\/v2\/tags?post=43024"}],"curies":[{"name":"wp","href":"https:\/\/api.w.org\/{rel}","templated":true}]}}