{"id":43018,"date":"2024-09-13T09:14:34","date_gmt":"2024-09-13T15:14:34","guid":{"rendered":"https:\/\/www.opinionpublica.tv\/portada\/?p=43018"},"modified":"2024-09-13T09:14:35","modified_gmt":"2024-09-13T15:14:35","slug":"preve-la-cepc-probabilidad-de-lluvias-en-la-entidad-durante-el-fin-de-semana","status":"publish","type":"post","link":"https:\/\/www.opinionpublica.tv\/portada\/preve-la-cepc-probabilidad-de-lluvias-en-la-entidad-durante-el-fin-de-semana\/","title":{"rendered":"Prev\u00e9 la CEPC probabilidad de lluvias en la entidad durante el fin de semana"},"content":{"rendered":"\n<figure class=\"wp-block-image aligncenter size-full\"><img fetchpriority=\"high\" decoding=\"async\" width=\"570\" height=\"320\" src=\"https:\/\/www.opinionpublica.tv\/portada\/wp-content\/uploads\/2024\/09\/Preve-la-CEPC-probabilidad-de-lluvias-en-la-entidad-durante-el-fin-de-semana.jpg\" alt=\"Prev\u00e9 La Cepc Probabilidad De Lluvias En La Entidad Durante El Fin De Semana\" class=\"wp-image-43019\" srcset=\"https:\/\/www.opinionpublica.tv\/portada\/wp-content\/uploads\/2024\/09\/Preve-la-CEPC-probabilidad-de-lluvias-en-la-entidad-durante-el-fin-de-semana.jpg 570w, https:\/\/www.opinionpublica.tv\/portada\/wp-content\/uploads\/2024\/09\/Preve-la-CEPC-probabilidad-de-lluvias-en-la-entidad-durante-el-fin-de-semana-300x168.jpg 300w\" sizes=\"(max-width: 570px) 100vw, 570px\" \/><\/figure>\n\n\n\n<p class=\"has-text-align-center wp-block-paragraph\"><em>Para este viernes, se mantendr\u00e1 un ambiente fresco por la ma\u00f1ana y caluroso por la tarde.<\/em><\/p>\n\n\n\n<p class=\"wp-block-paragraph\"><em>Chihuahua, Chih<\/em>.- La Coordinaci\u00f3n Estatal de Protecci\u00f3n Civil (CEPC) dio a conocer que para el pr\u00f3ximo fin de semana, hay la posibilidad de lluvias en diferentes regiones del estado, as\u00ed como de temperaturas fr\u00edas en municipios de la Sierra Tarahumara.<\/p>\n\n\n\n<p class=\"wp-block-paragraph\">Con base en la informaci\u00f3n emitida por el Servicio Meteorol\u00f3gico Nacional (SMN), la CEPC pronostica que para la noche del jueves se presenten lluvias aisladas en Moris, Uruachi, Ch\u00ednipas, Guazapares, Urique, Batopilas, Morelos y Guadalupe y Calvo.<\/p>\n\n\n\n<p class=\"wp-block-paragraph\">Tambi\u00e9n se prev\u00e9n rachas de viento que pueden superar los 45 kil\u00f3metros por hora (km\/h) en Ascensi\u00f3n y Janos.<\/p>\n\n\n\n<p class=\"wp-block-paragraph\">Para este viernes 13 de septiembre, se mantendr\u00e1 un ambiente fresco por la ma\u00f1ana y caluroso por la tarde, con temperaturas fr\u00edas a frescas en la zona serrana y cielo de despejado a mayormente nublado.<\/p>\n\n\n\n<p class=\"wp-block-paragraph\">Las rachas de viento pueden superar los 45 km\/h en partes de la zona sureste, incluyendo Matamoros, Allende, L\u00f3pez y Coronado, adem\u00e1s pueden superar los 35 km\/h en partes de las zonas noroeste y oeste, que incluyen Ascensi\u00f3n, Janos, Nuevo Casas Grandes, Guerrero, Rosario, Parral, Jim\u00e9nez, San Francisco de Conchos, Camargo y Manuel Benavides durante este viernes 13 y el s\u00e1bado 14 de septiembre.<\/p>\n\n\n\n<p class=\"wp-block-paragraph\">Las precipitaciones ser\u00e1n de dispersas a moderadas con intervalos de chubascos en partes de Moris, Uruachi, Ch\u00ednipas, Guazapares, Morelos, Guadalupe y Calvo, y Balleza.<\/p>\n\n\n\n<p class=\"wp-block-paragraph\">Tambi\u00e9n se pronostican lluvias de aisladas a dispersas para Casas Grandes, Ocampo, Urique, Batopilas, Guachochi, Nonoava, El Tule, Rosario, Huejotit\u00e1n, San Francisco del Oro, Santa B\u00e1rbara, Ascensi\u00f3n, Janos, Nuevo Casas Grandes, Madera, Tem\u00f3sachic, Guerrero, Bocoyna, Carich\u00ed, San Francisco de Borja, Satev\u00f3, Valle de Zaragoza, Parral, Matamoros y Coronado.<\/p>\n\n\n\n<p class=\"wp-block-paragraph\">Para el s\u00e1bado 14, se esperan la presencia de lluvias fuertes a puntualmente muy fuertes en Ch\u00ednipas, Guazapares y Urique, adem\u00e1s de lluvias moderadas a puntualmente fuertes en partes de Ocampo, Uruachi, Maguarichi, Guerrero, Bocoyna, Carich\u00ed, Batopilas, Guachochi, Parral y Coronado.<\/p>\n\n\n\n<p class=\"wp-block-paragraph\">Las lluvias ser\u00e1n de dispersas a moderadas con chubascos en Moris, Morelos, Guadalupe y Calvo, Balleza, Nonoava, San Francisco de Borja, Cusihuiriachi, Cuauht\u00e9moc, Riva Palacio, Gran Morelos, Satev\u00f3, Rosario, El Tule, Huejotit\u00e1n, Valle de Zaragoza, San Francisco del Oro, Santa B\u00e1rbara, Matamoros, Allende, L\u00f3pez, Jim\u00e9nez y San Francisco de Conchos.<br><br><\/p>\n","protected":false},"excerpt":{"rendered":"<p>Para este viernes, se mantendr\u00e1 un ambiente fresco por la ma\u00f1ana y caluroso por la tarde. Chihuahua, Chih.- La Coordinaci\u00f3n Estatal de Protecci\u00f3n Civil (CEPC) dio a conocer que para el pr\u00f3ximo fin de semana, hay la posibilidad de lluvias en diferentes regiones del estado, as\u00ed como de temperaturas fr\u00edas en municipios de la Sierra [&hellip;]<\/p>\n","protected":false},"author":6,"featured_media":43019,"comment_status":"open","ping_status":"open","sticky":false,"template":"","format":"standard","meta":{"_acf_changed":false,"_monsterinsights_skip_tracking":false,"slim_seo":{"title":"Prev\u00e9 la CEPC probabilidad de lluvias en la entidad durante el fin de semana - Opini\u00f3n P\u00fablica","description":"Para este viernes, se mantendr\u00e1 un ambiente fresco por la ma\u00f1ana y caluroso por la tarde. Chihuahua, Chih .- La Coordinaci\u00f3n Estatal de Protecci\u00f3n Civil (CEPC)"},"footnotes":""},"categories":[11],"tags":[],"class_list":["post-43018","post","type-post","status-publish","format-standard","has-post-thumbnail","hentry","category-tendencias"],"acf":[],"_links":{"self":[{"href":"https:\/\/www.opinionpublica.tv\/portada\/wp-json\/wp\/v2\/posts\/43018","targetHints":{"allow":["GET"]}}],"collection":[{"href":"https:\/\/www.opinionpublica.tv\/portada\/wp-json\/wp\/v2\/posts"}],"about":[{"href":"https:\/\/www.opinionpublica.tv\/portada\/wp-json\/wp\/v2\/types\/post"}],"author":[{"embeddable":true,"href":"https:\/\/www.opinionpublica.tv\/portada\/wp-json\/wp\/v2\/users\/6"}],"replies":[{"embeddable":true,"href":"https:\/\/www.opinionpublica.tv\/portada\/wp-json\/wp\/v2\/comments?post=43018"}],"version-history":[{"count":1,"href":"https:\/\/www.opinionpublica.tv\/portada\/wp-json\/wp\/v2\/posts\/43018\/revisions"}],"predecessor-version":[{"id":43020,"href":"https:\/\/www.opinionpublica.tv\/portada\/wp-json\/wp\/v2\/posts\/43018\/revisions\/43020"}],"wp:featuredmedia":[{"embeddable":true,"href":"https:\/\/www.opinionpublica.tv\/portada\/wp-json\/wp\/v2\/media\/43019"}],"wp:attachment":[{"href":"https:\/\/www.opinionpublica.tv\/portada\/wp-json\/wp\/v2\/media?parent=43018"}],"wp:term":[{"taxonomy":"category","embeddable":true,"href":"https:\/\/www.opinionpublica.tv\/portada\/wp-json\/wp\/v2\/categories?post=43018"},{"taxonomy":"post_tag","embeddable":true,"href":"https:\/\/www.opinionpublica.tv\/portada\/wp-json\/wp\/v2\/tags?post=43018"}],"curies":[{"name":"wp","href":"https:\/\/api.w.org\/{rel}","templated":true}]}}