{"id":42965,"date":"2024-09-11T14:02:31","date_gmt":"2024-09-11T20:02:31","guid":{"rendered":"https:\/\/www.opinionpublica.tv\/portada\/?p=42965"},"modified":"2024-09-11T14:02:32","modified_gmt":"2024-09-11T20:02:32","slug":"un-dia-como-hoy-17","status":"publish","type":"post","link":"https:\/\/www.opinionpublica.tv\/portada\/un-dia-como-hoy-17\/","title":{"rendered":"UN D\u00cdA COMO HOY&#8230;"},"content":{"rendered":"\n<h3 class=\"wp-block-heading\">Efem\u00e9rides 11 de septiembre<\/h3>\n\n\n\n<figure class=\"wp-block-image aligncenter size-full\"><img decoding=\"async\" width=\"270\" height=\"159\" src=\"https:\/\/www.opinionpublica.tv\/portada\/wp-content\/uploads\/2024\/09\/Dos-aviones-secuestrados-impactaron-las-Torres-Gemelas-de-Nueva-York-en-2001.jpg\" alt=\"Dos Aviones Secuestrados Impactaron Las Torres Gemelas De Nueva York En 2001.\" class=\"wp-image-42966\"\/><\/figure>\n\n\n\n<p class=\"has-text-align-center wp-block-paragraph\"><em>Dos aviones secuestrados impactaron las Torres Gemelas de Nueva York en 2001.<\/em><\/p>\n\n\n\n<p class=\"wp-block-paragraph\">Un d\u00eda 11 de septiembre como hoy, pero de 2001, Estados Unidos sufre el mayor ataque terrorista de su historia, con casi 3 mil v\u00edctimas, cometido por el grupo islamista Al Qaeda. Dos aviones secuestrados impactaron en las Torres Gemelas de Nueva York y otro contra el Pent\u00e1gono, mientras que una cuarta aeronave se estrell\u00f3 en Pensilvania.<\/p>\n\n\n\n<p class=\"wp-block-paragraph\"><strong>Otras efem\u00e9rides<\/strong><\/p>\n\n\n\n<p class=\"wp-block-paragraph\">1541.- La ciudad de Santiago de los Caballeros de Guatemala es destruida por un terremoto causado por la erupci\u00f3n del volc\u00e1n de Fuego.<\/p>\n\n\n\n<p class=\"wp-block-paragraph\">1649.- Las tropas inglesas comandadas por Oliver Cromwell asaltan la localidad de Drogheda con el fin de sofocar la rebeli\u00f3n mon\u00e1rquica irlandesa y masacran a la poblaci\u00f3n cat\u00f3lica.<\/p>\n\n\n\n<p class=\"wp-block-paragraph\">1887.- Se funda en Paraguay el Partido Colorado o Asociaci\u00f3n Nacional Republicana, formaci\u00f3n pol\u00edtica conservadora y nacionalista.<\/p>\n\n\n\n<p class=\"wp-block-paragraph\">1906.- El activista Mahatma Gandhi inicia el \u00abMovimiento de No Violencia\u00bb con una protesta pac\u00edfica en Johannesburgo contra una ley sudafricana que obligaba a registrarse a todos los inmigrantes indios.<\/p>\n\n\n\n<p class=\"wp-block-paragraph\">1919.- Estados Unidos invade Honduras, inmersa en una guerra civil, con el objetivo de proteger sus intereses econ\u00f3micos en el sector bananero y las infraestructuras ferroviarias.<\/p>\n\n\n\n<p class=\"wp-block-paragraph\">1922.- Un memor\u00e1ndum establece el mandato brit\u00e1nico de Palestina, la parte oeste del Jord\u00e1n, y la administraci\u00f3n de Transjordania, excluida de todos los acuerdos referentes al Estado jud\u00edo.<\/p>\n\n\n\n<p class=\"wp-block-paragraph\">1926.- El dictador italiano Benito Mussolini sale ileso de un atentado en Roma por parte de un anarquista que le arroj\u00f3 una bomba.<\/p>\n\n\n\n<p class=\"wp-block-paragraph\">1940.- El investigador de Bell Labs George Stibitz utiliza una m\u00e1quina computadora de forma remota a trav\u00e9s de una conexi\u00f3n telef\u00f3nica por primera vez en la historia.<\/p>\n\n\n\n<p class=\"wp-block-paragraph\">1943.- La aviaci\u00f3n alemana hunde en Venecia por error el lujoso trasatl\u00e1ntico italiano \u00abConte di Savoia\u00bb destinado a transporte militar, durante el transcurso de la II Guerra Mundial.<\/p>\n\n\n\n<p class=\"wp-block-paragraph\">1973.- Un golpe militar, encabezado por el general Augusto Pinochet, derroca en Chile al gobierno socialista de Salvador Allende, que muere durante el asalto de los rebeldes al presidencial Palacio de la Moneda.<\/p>\n\n\n\n<p class=\"wp-block-paragraph\">1978.- El periodista de la BBC y disidente b\u00falgaro Georgi Markov muere en Londres 4 d\u00edas despu\u00e9s de ser envenenado con ricino mediante un pinchazo con la punta de un paraguas en plena calle.<\/p>\n\n\n\n<p class=\"wp-block-paragraph\">1980.- La Constituci\u00f3n de la Rep\u00fablica de Chile, promulgada durante el r\u00e9gimen militar liderado por el dictador Augusto Pinochet, es ratificada en plebiscito.<\/p>\n\n\n\n<p class=\"wp-block-paragraph\">1985.- Comienza el juicio contra las tres primeras juntas militares de la dictadura argentina, en el que se sientan en el banquillo los generales Videla, Viola y Galtieri.<\/p>\n\n\n\n<p class=\"wp-block-paragraph\">1985.- M\u00e1s de un centenar de personas mueren en un accidente ferroviario en la localidad portuguesa de Mangualde.<\/p>\n\n\n\n<p class=\"wp-block-paragraph\">1989.- Hungr\u00eda permite la salida de ciudadanos germanorientales hacia la Rep\u00fablica Federal de Alemania (RFA) tras suspender provisionalmente el acuerdo que les obligaba a devolver a los ciudadanos de este pa\u00eds.<\/p>\n\n\n\n<p class=\"wp-block-paragraph\">1997.- Escocia recupera el parlamento aut\u00f3nomo en un refer\u00e9ndum con el 74 % de votos afirmativos, tras casi trescientos a\u00f1os sin esa instituci\u00f3n.<\/p>\n\n\n\n<p class=\"wp-block-paragraph\">2008.- El presidente venezolano, Hugo Ch\u00e1vez, expulsa al embajador estadounidense en Caracas y ordena regresar a su embajador en Washington.<\/p>\n\n\n\n<p class=\"wp-block-paragraph\">2012.- El asalto al consulado estadounidense en Bengasi (Libia) provoca la muerte de cuatro personas, entre ellas el embajador en el pa\u00eds magreb\u00ed, Christopher Stevens.<\/p>\n\n\n\n<p class=\"wp-block-paragraph\">2012.- Mueren 260 personas en el incendio en dos f\u00e1bricas textiles en Karachi y Lahore (Pakist\u00e1n).<\/p>\n\n\n\n<p class=\"wp-block-paragraph\">2020.- El excoronel de El Salvador Inocente Montano es condenado a 133 a\u00f1os como responsable de la matanza de cinco jesuitas espa\u00f1oles en 1989.<\/p>\n\n\n\n<p class=\"wp-block-paragraph\"><strong>Nacimientos<\/strong><\/p>\n\n\n\n<p class=\"wp-block-paragraph\">1911.- Ignacio Villa, \u00abBola de Nieve\u00bb, cantante, compositor y pianista cubano.<\/p>\n\n\n\n<p class=\"wp-block-paragraph\">1917.- Ferdinand Marcos, presidente filipino.<\/p>\n\n\n\n<p class=\"wp-block-paragraph\">1940.- Brian de Palma, cineasta estadounidense.<\/p>\n\n\n\n<p class=\"wp-block-paragraph\">1965.- Richard Melville, \u00abMoby\u00bb, compositor estadounidense de m\u00fasica electr\u00f3nica.<\/p>\n\n\n\n<p class=\"wp-block-paragraph\">1965.- Bachar al Asad, presidente sirio.<\/p>\n\n\n\n<p class=\"wp-block-paragraph\">1967.- Harry Connick, m\u00fasico y actor estadounidense.<\/p>\n\n\n\n<p class=\"wp-block-paragraph\">1971.- Richard Ashcroft, cantante y compositor brit\u00e1nico, l\u00edder de The Verve.<\/p>\n\n\n\n<p class=\"wp-block-paragraph\"><strong>Defunciones<\/strong><\/p>\n\n\n\n<p class=\"wp-block-paragraph\">1971.- Nikita Jruschev, dirigente sovi\u00e9tico.<\/p>\n\n\n\n<p class=\"wp-block-paragraph\">1973.- Salvador Allende, presidente de Chile.<\/p>\n\n\n\n<p class=\"wp-block-paragraph\">1987.- Peter Tosh, m\u00fasico jamaicano de reggae.<\/p>\n\n\n\n<p class=\"wp-block-paragraph\">1994.- Jessica Tandy, actriz brit\u00e1nica nacionalizada estadounidense.<\/p>\n\n\n\n<p class=\"wp-block-paragraph\">2003.- Anna Lindh, ministra de Exteriores de Suecia, asesinada en Estocolmo.<\/p>\n\n\n\n<p class=\"wp-block-paragraph\">2009.- Juan Almeida, l\u00edder hist\u00f3rico de la revoluci\u00f3n cubana.<\/p>\n\n\n\n<p class=\"wp-block-paragraph\">2016.- Alexis Arquette, actriz francesa.<\/p>\n\n\n\n<p class=\"wp-block-paragraph\">2017.- Peter Hall, director teatral brit\u00e1nico.<\/p>\n\n\n\n<p class=\"wp-block-paragraph\">2021.- Abimael Guzm\u00e1n, peruano, fundador y l\u00edder de la banda terrorista Sendero Luminoso.<\/p>\n\n\n\n<p class=\"wp-block-paragraph\">2022.- Javier Mar\u00edas, escritor espa\u00f1ol.<br><br><\/p>\n","protected":false},"excerpt":{"rendered":"<p>Efem\u00e9rides 11 de septiembre Dos aviones secuestrados impactaron las Torres Gemelas de Nueva York en 2001. Un d\u00eda 11 de septiembre como hoy, pero de 2001, Estados Unidos sufre el mayor ataque terrorista de su historia, con casi 3 mil v\u00edctimas, cometido por el grupo islamista Al Qaeda. Dos aviones secuestrados impactaron en las Torres [&hellip;]<\/p>\n","protected":false},"author":6,"featured_media":42966,"comment_status":"open","ping_status":"open","sticky":false,"template":"","format":"standard","meta":{"_acf_changed":false,"_monsterinsights_skip_tracking":false,"slim_seo":{"title":"UN D\u00cdA COMO HOY... - Opini\u00f3n P\u00fablica","description":"Efem\u00e9rides 11 de septiembre Dos aviones secuestrados impactaron las Torres Gemelas de Nueva York en 2001. Un d\u00eda 11 de septiembre como hoy, pero de 2001, Estado"},"footnotes":""},"categories":[27],"tags":[],"class_list":["post-42965","post","type-post","status-publish","format-standard","has-post-thumbnail","hentry","category-un-dia-como-hoy"],"acf":[],"_links":{"self":[{"href":"https:\/\/www.opinionpublica.tv\/portada\/wp-json\/wp\/v2\/posts\/42965","targetHints":{"allow":["GET"]}}],"collection":[{"href":"https:\/\/www.opinionpublica.tv\/portada\/wp-json\/wp\/v2\/posts"}],"about":[{"href":"https:\/\/www.opinionpublica.tv\/portada\/wp-json\/wp\/v2\/types\/post"}],"author":[{"embeddable":true,"href":"https:\/\/www.opinionpublica.tv\/portada\/wp-json\/wp\/v2\/users\/6"}],"replies":[{"embeddable":true,"href":"https:\/\/www.opinionpublica.tv\/portada\/wp-json\/wp\/v2\/comments?post=42965"}],"version-history":[{"count":1,"href":"https:\/\/www.opinionpublica.tv\/portada\/wp-json\/wp\/v2\/posts\/42965\/revisions"}],"predecessor-version":[{"id":42967,"href":"https:\/\/www.opinionpublica.tv\/portada\/wp-json\/wp\/v2\/posts\/42965\/revisions\/42967"}],"wp:featuredmedia":[{"embeddable":true,"href":"https:\/\/www.opinionpublica.tv\/portada\/wp-json\/wp\/v2\/media\/42966"}],"wp:attachment":[{"href":"https:\/\/www.opinionpublica.tv\/portada\/wp-json\/wp\/v2\/media?parent=42965"}],"wp:term":[{"taxonomy":"category","embeddable":true,"href":"https:\/\/www.opinionpublica.tv\/portada\/wp-json\/wp\/v2\/categories?post=42965"},{"taxonomy":"post_tag","embeddable":true,"href":"https:\/\/www.opinionpublica.tv\/portada\/wp-json\/wp\/v2\/tags?post=42965"}],"curies":[{"name":"wp","href":"https:\/\/api.w.org\/{rel}","templated":true}]}}