{"id":42807,"date":"2024-09-05T09:30:56","date_gmt":"2024-09-05T15:30:56","guid":{"rendered":"https:\/\/www.opinionpublica.tv\/portada\/?p=42807"},"modified":"2024-09-05T09:30:57","modified_gmt":"2024-09-05T15:30:57","slug":"los-entornos-en-contra-de-las-reformas-de-amlo","status":"publish","type":"post","link":"https:\/\/www.opinionpublica.tv\/portada\/los-entornos-en-contra-de-las-reformas-de-amlo\/","title":{"rendered":"Los entornos en contra de las reformas de AMLO"},"content":{"rendered":"\n<p class=\"wp-block-paragraph\">Carlos Fernando Angulo Parra.<\/p>\n\n\n\n<p class=\"wp-block-paragraph\">Leo, veo y oigo en la comentocracia, una gran tristeza por la destrucci\u00f3n de nuestra Rep\u00fablica que viene, al haberse consolidado el Golpe de Estado t\u00e9cnico que consolid\u00f3 una antidemocr\u00e1tica y arbitraria mayor\u00eda calificada en el Congreso de la Uni\u00f3n. Percibo un ambiente de decepci\u00f3n y desesperaci\u00f3n dentro de las pocas, personas pensantes y conscientes del pa\u00eds, que perciben menores posibilidades de salida de la autocracia consolidada que ha desarrollado el presidente L\u00f3pez, quienes tambi\u00e9n observan las consecuencias nefastas que tendr\u00e1 para el pa\u00eds la consolidaci\u00f3n de dicha autocracia.<\/p>\n\n\n\n<p class=\"wp-block-paragraph\">Sin embargo, quiero dar unos elementos a considerar para generar una esperanza de que podemos salir de esta encrucijada. Me explico:<\/p>\n\n\n\n<p class=\"wp-block-paragraph\">1. Nuestra historia se desarrolla en ciclos que pueden ser largos o cortos. Anteriormente estos ciclos pod\u00edan durar siglos, y con el advenimiento de la tecnolog\u00eda en las comunicaciones humanas se han venido acortando. Primeramente, la invenci\u00f3n de la escritura, luego de la imprenta, con ella los peri\u00f3dicos; entrando en la electricidad, el tel\u00e9grafo, la radio y televisi\u00f3n; y finalmente, con el avance de las tecnolog\u00eda de la informaci\u00f3n, con las actuales redes sociales, que generan un fen\u00f3meno antropol\u00f3gico de comunicaciones multidireccionales en escritura, audio y video, que pueden generar instant\u00e1neamente tendencias sociales, culturales y pol\u00edticas.<\/p>\n\n\n\n<p class=\"wp-block-paragraph\">2. Ahora los ciclos hist\u00f3ricos pueden durar hasta unos cuantos meses.<\/p>\n\n\n\n<p class=\"wp-block-paragraph\">3. Los impactos de las anti-reformas estructurales que este r\u00e9gimen est\u00e1 a punto de instrumentar tendr\u00e1n consecuencias econ\u00f3micas y financieras catastr\u00f3ficas en muy corto plazo, gener\u00e1ndose de inmediato un entorno adverso al r\u00e9gimen. M\u00e9xico ya no est\u00e1 aislado; forma parte integral del bloque m\u00e1s grande econ\u00f3mico y pol\u00edtico del mundo llamado Norteam\u00e9rica y ese entorno se generar\u00e1n grandes presiones internacionales para que M\u00e9xico contin\u00fae alineado al bloque.<\/p>\n\n\n\n<p class=\"wp-block-paragraph\">4. Hasta ahora el r\u00e9gimen ha tenido \u00e9xito porque sus pifias no se han visto reflejadas mayormente en el bolsillo de los mexicanos. Al contrario, la mayor\u00eda de las familias mexicanas reciben ingresos del gobierno que antes no ten\u00edan, aunque gran parte de estos se vean desperdiciados en la compra de medicamentos y visitas m\u00e9dicas en farmacias particulares y en el impacto que ha generado la inflaci\u00f3n. Pero, en t\u00e9rminos generales, a\u00fan no se percibe un caos y descomposici\u00f3n en la sociedad, a pesar de la gran penetraci\u00f3n que han tenido las intervenciones del crimen organizado en la econom\u00eda de las comunidades rurales en el pa\u00eds, a trav\u00e9s de su violencia, de sus extorsiones con sus derechos de piso y cuotas en la producci\u00f3n agr\u00edcola.<\/p>\n\n\n\n<p class=\"wp-block-paragraph\">5. El gobierno actual ha dilapidado los ahorros del pa\u00eds de una manera inmisericorde. Claudia Sheinbaum ya no tendr\u00e1 tela de donde cortar, a menos que haga los cambios constitucionales pertinentes para dilapidar las reservas internacionales del Banco de M\u00e9xico.<\/p>\n\n\n\n<p class=\"wp-block-paragraph\">6. Al perderse pr\u00f3ximamente la independencia del Poder Judicial, lo primero que suceder\u00e1 es la reacci\u00f3n en cadena de los mercados financieros internacionales de ordenar el retiro de sus inversiones financieras en M\u00e9xico, ya que sus reglamentaciones dom\u00e9sticas les impiden tener fondos en pa\u00edses que no pueden garantizar su seguridad por carecer de Estado de Derecho, que se pierde al no existir una independencia judicial.<\/p>\n\n\n\n<p class=\"wp-block-paragraph\">7. Lo anterior acarrear\u00e1 de inmediato una salida de capitales del pa\u00eds como la que tuvimos en los a\u00f1os ochenta del siglo pasado, gener\u00e1ndose una devaluaci\u00f3n de nuestra moneda y mega inflaci\u00f3n al estilo Argentina, empobreciendo a los mexicanos de una manera catastr\u00f3fica. Ya quiero ver a Claudia Sheinbaum enfrentar con saliva la reacci\u00f3n social y pol\u00edtica que se desatar\u00e1 en contra de ella y su r\u00e9gimen. Con esto, la principal oposici\u00f3n al gobierno ser\u00e1 la realidad misma.<\/p>\n\n\n\n<p class=\"wp-block-paragraph\">Conclusi\u00f3n:<\/p>\n\n\n\n<p class=\"wp-block-paragraph\">Con estos entornos negativos que se vienen de inmediato hacia el nuevo r\u00e9gimen, lo que la oposici\u00f3n debe hacer desde ahora, es prepararse para que inteligentemente hacer que la poblaci\u00f3n se empiece a alinear con ella para recomponer al pa\u00eds.<\/p>\n\n\n\n<p class=\"wp-block-paragraph\">Esperemos que haya dentro y fuera del r\u00e9gimen, personas con la visi\u00f3n pol\u00edtica, como la que tuvieron en su tiempo pol\u00edticos principalmente del PRI y del PAN y algunos del PRD, para comprender el cambio de los tiempos, para que tengan la visi\u00f3n de que debemos de hacer un gran consenso nacional para continuar con nuestro desarrollo a partir del regreso de nuestras instituciones democr\u00e1ticas.<\/p>\n","protected":false},"excerpt":{"rendered":"<p>Carlos Fernando Angulo Parra. Leo, veo y oigo en la comentocracia, una gran tristeza por la destrucci\u00f3n de nuestra Rep\u00fablica que viene, al haberse consolidado el Golpe de Estado t\u00e9cnico que consolid\u00f3 una antidemocr\u00e1tica y arbitraria mayor\u00eda calificada en el Congreso de la Uni\u00f3n. Percibo un ambiente de decepci\u00f3n y desesperaci\u00f3n dentro de las pocas, [&hellip;]<\/p>\n","protected":false},"author":6,"featured_media":0,"comment_status":"open","ping_status":"open","sticky":false,"template":"","format":"standard","meta":{"_acf_changed":false,"_monsterinsights_skip_tracking":false,"slim_seo":{"title":"Los entornos en contra de las reformas de AMLO - Opini\u00f3n P\u00fablica","description":"Carlos Fernando Angulo Parra. Leo, veo y oigo en la comentocracia, una gran tristeza por la destrucci\u00f3n de nuestra Rep\u00fablica que viene, al haberse consolidado e"},"footnotes":""},"categories":[17],"tags":[],"class_list":["post-42807","post","type-post","status-publish","format-standard","hentry","category-ultima-instancia"],"acf":[],"_links":{"self":[{"href":"https:\/\/www.opinionpublica.tv\/portada\/wp-json\/wp\/v2\/posts\/42807","targetHints":{"allow":["GET"]}}],"collection":[{"href":"https:\/\/www.opinionpublica.tv\/portada\/wp-json\/wp\/v2\/posts"}],"about":[{"href":"https:\/\/www.opinionpublica.tv\/portada\/wp-json\/wp\/v2\/types\/post"}],"author":[{"embeddable":true,"href":"https:\/\/www.opinionpublica.tv\/portada\/wp-json\/wp\/v2\/users\/6"}],"replies":[{"embeddable":true,"href":"https:\/\/www.opinionpublica.tv\/portada\/wp-json\/wp\/v2\/comments?post=42807"}],"version-history":[{"count":1,"href":"https:\/\/www.opinionpublica.tv\/portada\/wp-json\/wp\/v2\/posts\/42807\/revisions"}],"predecessor-version":[{"id":42808,"href":"https:\/\/www.opinionpublica.tv\/portada\/wp-json\/wp\/v2\/posts\/42807\/revisions\/42808"}],"wp:attachment":[{"href":"https:\/\/www.opinionpublica.tv\/portada\/wp-json\/wp\/v2\/media?parent=42807"}],"wp:term":[{"taxonomy":"category","embeddable":true,"href":"https:\/\/www.opinionpublica.tv\/portada\/wp-json\/wp\/v2\/categories?post=42807"},{"taxonomy":"post_tag","embeddable":true,"href":"https:\/\/www.opinionpublica.tv\/portada\/wp-json\/wp\/v2\/tags?post=42807"}],"curies":[{"name":"wp","href":"https:\/\/api.w.org\/{rel}","templated":true}]}}