{"id":42618,"date":"2024-08-29T09:18:45","date_gmt":"2024-08-29T15:18:45","guid":{"rendered":"https:\/\/www.opinionpublica.tv\/portada\/?p=42618"},"modified":"2024-08-29T09:18:45","modified_gmt":"2024-08-29T15:18:45","slug":"que-hemos-hecho-los-mexicanos","status":"publish","type":"post","link":"https:\/\/www.opinionpublica.tv\/portada\/que-hemos-hecho-los-mexicanos\/","title":{"rendered":"Qu\u00e9 hemos hecho los mexicanos"},"content":{"rendered":"\n<p class=\"wp-block-paragraph\">Carlos Fernando Angulo Parra.<\/p>\n\n\n\n<p class=\"wp-block-paragraph\">Los mexicanos votaron este 2 de junio pasado por darle a Claudia Sheinbaum la presidencia de la Rep\u00fablica. Tambi\u00e9n votaron para darle una mayor\u00eda absoluta a Morena y a sus aliados en el Congreso de La Uni\u00f3n. Aunque nunca se imaginaron los mexicanos que esa mayor\u00eda absoluta artificialmente, iba a ser convertida por el INE como mayor\u00eda calificada, si el Tribunal Electoral ratifica dicha decisi\u00f3n, permitir\u00e1, literalmente, destruir nuestra Rep\u00fablica y nuestra democracia, para crear aut\u00e9nticamente un gobierno autocr\u00e1tico.&nbsp;Con esa mayor\u00eda calificada el partido del gobierno podr\u00e1 hacer cualquier cambio a la Constituci\u00f3n, pudiendo tener posibilidades ilimitadas de pol\u00edticas autocr\u00e1ticas.<\/p>\n\n\n\n<p class=\"wp-block-paragraph\">\u00bfQu\u00e9 es un gobierno autocr\u00e1tico? Es un gobierno dirigido por una sola persona, que no tiene l\u00edmites en el ejercicio del poder.<\/p>\n\n\n\n<p class=\"wp-block-paragraph\">El primer cambio, programado por el presidente L\u00f3pez es, la destrucci\u00f3n del poder judicial de la Federaci\u00f3n, porque se destituye a la totalidad de los integrantes de dicho Poder, independientemente del plazo en que sean destituidos, eligi\u00e9ndose a los nuevos mediante voto popular.<\/p>\n\n\n\n<p class=\"wp-block-paragraph\">Con esto, se elimina por completo el balance de Poder, permitiendo que todas las resoluciones de gobierno que violen el principio de legalidad, ya no puedan los ciudadanos impugnarlas, as\u00ed como las violaciones a los derechos humanos.<\/p>\n\n\n\n<p class=\"wp-block-paragraph\">El principio de legalidad consiste en que toda acci\u00f3n de gobierno debe de estar debidamente motivada y fundamentada en una ley previamente establecida al acto de gobierno impugnado. Los derechos humanos, son los consagrados por la Constituci\u00f3n y los tratados internacionales, otorgados a todo ser humano por el s\u00f3lo hecho de serlo.<\/p>\n\n\n\n<p class=\"wp-block-paragraph\">Si se tiene capturado por el poder ejecutivo al poder legislativo y al poder judicial, los ciudadanos quedar\u00edamos totalmente desprotegidos de los actos autoritarios del gobierno y de las violaciones a los derechos humanos realizadas por las autoridades, incluyendo las del poder ejecutivo y las del poder legislativo.<\/p>\n\n\n\n<p class=\"wp-block-paragraph\">El t\u00edtulo de esta columna dice \u201cqu\u00e9 hemos hecho los mexicanos\u201d. Ello aduce a que, con la votaci\u00f3n mayoritaria otorgada tanto a la presidente electa como al Congreso de La Uni\u00f3n, nunca se tuvo la intenci\u00f3n de generar un gobierno autoritario. Esto es lo que tiene que considerar el Tribunal Electoral antes de otorgar la mayor\u00eda calificada a los partidos del gobierno.<\/p>\n\n\n\n<p class=\"wp-block-paragraph\">Las consecuencias de tener un gobierno autoritario son infinitas. Enumerar\u00e9 las principales:<\/p>\n\n\n\n<p class=\"wp-block-paragraph\">1. Se puede perder la libertad, por cualquier motivo, independientemente de que haya prisi\u00f3n preventiva oficiosas limitada a ciertos delitos, ya que el poder judicial queda capturado por parte del Ejecutivo. Cualquier ciudadano est\u00e1 desprotegido de que lo encarcelen sin motivo alguno. Esta p\u00e9rdida es la madre del resto de p\u00e9rdida de garant\u00edas que tendremos, ya que cualquier acto u omisi\u00f3n de un ciudadano, puede acarrear la p\u00e9rdida de la libertad.<\/p>\n\n\n\n<p class=\"wp-block-paragraph\">2. P\u00e9rdida de la libertad de expresi\u00f3n. El gobierno podr\u00e1 dictar cualquier pol\u00edtica que haga que perdamos nuestra libertad de expresi\u00f3n, teniendo el mazo de la c\u00e1rcel a su disposici\u00f3n en todo momento.<\/p>\n\n\n\n<p class=\"wp-block-paragraph\">3. P\u00e9rdida de nuestro patrimonio. El gobierno podr\u00e1 confiscar nuestras propiedades, bienes y dinero en efectivo, con la \u00fanica presi\u00f3n de las consecuencias que esto pueda tener el que los inversionistas extranjeros y nacionales pierdan la confianza para invertir, gener\u00e1ndose una crisis econ\u00f3mica.<\/p>\n\n\n\n<p class=\"wp-block-paragraph\">4. Afectaciones a nuestra salud, seguridad, educaci\u00f3n, bienes y servicios proporcionados por el Estado a los ciudadanos. Al estar el gobierno en plena libertad de hacer, literalmente lo que se le pegue la gana, as\u00ed como faltar a sus obligaciones gubernamentales, el gobierno podr\u00e1 imponernos la educaci\u00f3n que desee, faltar a sus obligaciones de proporcionarnos, servicios de seguridad, salud y de impulsar la construcci\u00f3n de vivienda, as\u00ed como faltar a sus obligaciones de proporcionarnos los servicios p\u00fablicos necesarios, como el agua, la electricidad, gas y telecomunicaciones.<\/p>\n\n\n\n<p class=\"wp-block-paragraph\">Por todo lo anterior, debemos los ciudadanos insistir al Tribunal Electoral que no le dimos a Claudia, ni a Morena y aliados, los votos para poder cambiar la Constituci\u00f3n que hemos pagado por ella sangre para poder protegernos de los abusos del poder y garantizar nuestros derechos humanos.<\/p>\n","protected":false},"excerpt":{"rendered":"<p>Carlos Fernando Angulo Parra. Los mexicanos votaron este 2 de junio pasado por darle a Claudia Sheinbaum la presidencia de la Rep\u00fablica. Tambi\u00e9n votaron para darle una mayor\u00eda absoluta a Morena y a sus aliados en el Congreso de La Uni\u00f3n. Aunque nunca se imaginaron los mexicanos que esa mayor\u00eda absoluta artificialmente, iba a ser [&hellip;]<\/p>\n","protected":false},"author":6,"featured_media":0,"comment_status":"open","ping_status":"open","sticky":false,"template":"","format":"standard","meta":{"_acf_changed":false,"_monsterinsights_skip_tracking":false,"slim_seo":{"title":"Qu\u00e9 hemos hecho los mexicanos - Opini\u00f3n P\u00fablica","description":"Carlos Fernando Angulo Parra. Los mexicanos votaron este 2 de junio pasado por darle a Claudia Sheinbaum la presidencia de la Rep\u00fablica. Tambi\u00e9n votaron para da"},"footnotes":""},"categories":[17],"tags":[],"class_list":["post-42618","post","type-post","status-publish","format-standard","hentry","category-ultima-instancia"],"acf":[],"_links":{"self":[{"href":"https:\/\/www.opinionpublica.tv\/portada\/wp-json\/wp\/v2\/posts\/42618","targetHints":{"allow":["GET"]}}],"collection":[{"href":"https:\/\/www.opinionpublica.tv\/portada\/wp-json\/wp\/v2\/posts"}],"about":[{"href":"https:\/\/www.opinionpublica.tv\/portada\/wp-json\/wp\/v2\/types\/post"}],"author":[{"embeddable":true,"href":"https:\/\/www.opinionpublica.tv\/portada\/wp-json\/wp\/v2\/users\/6"}],"replies":[{"embeddable":true,"href":"https:\/\/www.opinionpublica.tv\/portada\/wp-json\/wp\/v2\/comments?post=42618"}],"version-history":[{"count":1,"href":"https:\/\/www.opinionpublica.tv\/portada\/wp-json\/wp\/v2\/posts\/42618\/revisions"}],"predecessor-version":[{"id":42619,"href":"https:\/\/www.opinionpublica.tv\/portada\/wp-json\/wp\/v2\/posts\/42618\/revisions\/42619"}],"wp:attachment":[{"href":"https:\/\/www.opinionpublica.tv\/portada\/wp-json\/wp\/v2\/media?parent=42618"}],"wp:term":[{"taxonomy":"category","embeddable":true,"href":"https:\/\/www.opinionpublica.tv\/portada\/wp-json\/wp\/v2\/categories?post=42618"},{"taxonomy":"post_tag","embeddable":true,"href":"https:\/\/www.opinionpublica.tv\/portada\/wp-json\/wp\/v2\/tags?post=42618"}],"curies":[{"name":"wp","href":"https:\/\/api.w.org\/{rel}","templated":true}]}}