{"id":42329,"date":"2024-08-22T09:43:27","date_gmt":"2024-08-22T15:43:27","guid":{"rendered":"https:\/\/www.opinionpublica.tv\/portada\/?p=42329"},"modified":"2024-08-22T09:43:28","modified_gmt":"2024-08-22T15:43:28","slug":"un-dia-como-hoy-2","status":"publish","type":"post","link":"https:\/\/www.opinionpublica.tv\/portada\/un-dia-como-hoy-2\/","title":{"rendered":"UN D\u00cdA COMO HOY&#8230;"},"content":{"rendered":"\n<h3 class=\"wp-block-heading\">Efem\u00e9rides 22 de agosto<\/h3>\n\n\n\n<figure class=\"wp-block-image aligncenter size-full\"><img fetchpriority=\"high\" decoding=\"async\" width=\"270\" height=\"202\" src=\"https:\/\/www.opinionpublica.tv\/portada\/wp-content\/uploads\/2024\/08\/Personal-del-Museo-del-Louvre-descubrio-el-robo-de-La-Gioconda-en-1911.jpg\" alt=\"Personal Del Museo Del Louvre Descubri\u00f3 El Robo De La Gioconda En 1911\" class=\"wp-image-42330\"\/><\/figure>\n\n\n\n<p class=\"has-text-align-center wp-block-paragraph\"><em>Personal del Museo del Louvre descubri\u00f3 el robo de \u00abLa Gioconda\u00bb en 1911<\/em><\/p>\n\n\n\n<p class=\"wp-block-paragraph\">Un d\u00eda 22 de agosto como hoy, pero de 1911, el personal del Museo del Louvre descubre el robo de \u00abLa Gioconda\u00bb, que fue recuperada dos a\u00f1os despu\u00e9s en Florencia.<\/p>\n\n\n\n<p class=\"wp-block-paragraph\"><strong>Otras efem\u00e9rides<\/strong><\/p>\n\n\n\n<p class=\"wp-block-paragraph\">1526.- El espa\u00f1ol Toribio Alonso de Salazar desembarca, en nombre de rey espa\u00f1ol y emperador Carlos V, en las Islas Carolinas en el Pac\u00edfico.<\/p>\n\n\n\n<p class=\"wp-block-paragraph\">1795.- La Convenci\u00f3n Nacional aprueba la Constituci\u00f3n que confiere el poder ejecutivo al Directorio, durante la Revoluci\u00f3n Francesa.<\/p>\n\n\n\n<p class=\"wp-block-paragraph\">1812.- El explorador y aventurero suizo Johann Ludwig encuentra las ruinas de Petra en Jordania.<\/p>\n\n\n\n<p class=\"wp-block-paragraph\">1846.- Guerra entre EE.UU. y M\u00e9xico: Los norteamericanos conquistan la ciudad de Santa F\u00e9, capital de Nuevo M\u00e9xico.<\/p>\n\n\n\n<p class=\"wp-block-paragraph\">1864.- Se firma el Convenio de Ginebra y se crea la Cruz Roja Internacional para asistir a v\u00edctimas de conflictos b\u00e9licos.<\/p>\n\n\n\n<p class=\"wp-block-paragraph\">1872.- Un incendio destruye la C\u00e1mara de Diputados de M\u00e9xico.<\/p>\n\n\n\n<p class=\"wp-block-paragraph\">1910.- Jap\u00f3n anuncia la anexi\u00f3n de Corea en calidad de protectorado.<\/p>\n\n\n\n<p class=\"wp-block-paragraph\">1920.- Se inaugura el primer Festival de Salzburgo, que, tras la guerra, surge como mensaje de paz y uni\u00f3n de culturas a trav\u00e9s de la m\u00fasica, la \u00f3pera y el teatro.<\/p>\n\n\n\n<p class=\"wp-block-paragraph\">1922.- El l\u00edder nacionalista y ministro de Finanzas de Irlanda Micheal Collins, es asesinado durante una emboscada en el pueblo de B\u00e9al na Bl\u00e1th, en el marco de la Guerra Civil del pa\u00eds.<\/p>\n\n\n\n<p class=\"wp-block-paragraph\">1926.- Golpe militar en Grecia dirigido por Georges Kondylis, que depone la dictadura de Theodoros Pangalos.<\/p>\n\n\n\n<p class=\"wp-block-paragraph\">1930.- El militar Luis S\u00e1nchez Cerro encabeza un pronunciamiento revolucionario en Arequipa (Per\u00fa), que termina con el gobierno de once a\u00f1os de Augusto B. Legu\u00eda.<\/p>\n\n\n\n<p class=\"wp-block-paragraph\">1968.- El papa Pablo VI llega a Bogot\u00e1, en la que es la primera visita de un papa a Latinoam\u00e9rica.<\/p>\n\n\n\n<p class=\"wp-block-paragraph\">1978.- Un comando sandinista asalta el Palacio Nacional de Nicarag\u00fca y toma como rehenes a los legisladores afines al dictador Anastasio Somoza.<\/p>\n\n\n\n<p class=\"wp-block-paragraph\">1998.- El Ej\u00e9rcito Nacional de Liberaci\u00f3n Irland\u00e9s (INLA) declara el alto el fuego tras 23 a\u00f1os de violencia en el Ulster.<\/p>\n\n\n\n<p class=\"wp-block-paragraph\">2001.- El transbordador Discovery, con tres astronautas a bordo, aterriza en Cabo Ca\u00f1averal (Florida, EE.UU.) tras cinco meses en el espacio.<\/p>\n\n\n\n<p class=\"wp-block-paragraph\">2003.- Un cohete VLS-3 explota en el Centro de lanzamiento de Alc\u00e1ntara (Brasil) y mueren 16 ingenieros. Se preparaba para poner en \u00f3rbita dos sat\u00e9lites.<\/p>\n\n\n\n<p class=\"wp-block-paragraph\">2004.- Los dos cuadros m\u00e1s famosos de Edvard Munch, \u00abEl grito\u00bb y \u00abLa Madonna\u00bb, son robados en Oslo (Noruega).<\/p>\n\n\n\n<p class=\"wp-block-paragraph\">2006.- 169 muertos al estrellarse en Ucrania el avi\u00f3n ruso Tu-154 durante un aterrizaje de emergencia tras ser alcanzados por un rayo.<\/p>\n\n\n\n<p class=\"wp-block-paragraph\">2010.- Al Qaeda libera a los cooperantes espa\u00f1oles Albert Vilalta y Roque Pasqual, secuestrados desde el 29 de noviembre en Mauritania.<\/p>\n\n\n\n<p class=\"wp-block-paragraph\">2010.- Treinta y tres mineros atrapados en el yacimiento de San Jos\u00e9 (Atacama, Chile) son encontrados con vida tras 17 d\u00edas de b\u00fasqueda.<\/p>\n\n\n\n<p class=\"wp-block-paragraph\">2012.- Rusia entra a formar parte de la Organizaci\u00f3n Mundial del Comercio (OMC).<\/p>\n\n\n\n<p class=\"wp-block-paragraph\">2020.- El opositor ruso Alexei Navalni, envenenado d\u00edas antes en el aeropuerto de Omsk (Siberia), llega a Berl\u00edn para ser tratado en el hospital universitario de La Charit\u00e9.<\/p>\n\n\n\n<p class=\"wp-block-paragraph\">2020.- Per\u00fa reconoce a las parejas homosexuales y sus derechos (econ\u00f3micos, patrimoniales y de herencia), y las faculta para poder cobrar las indemnizaciones por Covid de los sanitarios fallecidos por contagio mientras ejerc\u00edan su trabajo.<\/p>\n\n\n\n<p class=\"wp-block-paragraph\">2023.- El director espa\u00f1ol V\u00edctor Erice, Premio Donostia del Festival de Cine de San Sebasti\u00e1n.<\/p>\n\n\n\n<p class=\"wp-block-paragraph\"><strong>Nacimientos<\/strong><\/p>\n\n\n\n<p class=\"wp-block-paragraph\">1647.- Dionis Papin, f\u00edsico franc\u00e9s.<\/p>\n\n\n\n<p class=\"wp-block-paragraph\">1862.- Claude-Achille Debussy, compositor franc\u00e9s.<\/p>\n\n\n\n<p class=\"wp-block-paragraph\">1893.- Dorothy Parker, escritora estadounidense.<\/p>\n\n\n\n<p class=\"wp-block-paragraph\">1898.- Alexander Calder, escultor estadounidense.<\/p>\n\n\n\n<p class=\"wp-block-paragraph\">1902.- Leni Riefenstahl, fot\u00f3grafa alemana.<\/p>\n\n\n\n<p class=\"wp-block-paragraph\">1904.- Deng Xiaoping, dirigente chino.<\/p>\n\n\n\n<p class=\"wp-block-paragraph\">1928.- Karlheinz Stockhausen, compositor alem\u00e1n.<\/p>\n\n\n\n<p class=\"wp-block-paragraph\">1934.- Norman Schwarzkopf, militar estadounidense.<\/p>\n\n\n\n<p class=\"wp-block-paragraph\">1936.- Peter Mladenov, expresidente de Bulgaria.<\/p>\n\n\n\n<p class=\"wp-block-paragraph\">1937.- Enrique Garc\u00eda Asensio, director de orquesta espa\u00f1ol.<\/p>\n\n\n\n<p class=\"wp-block-paragraph\">1941.- Enrique Loewe, empresario espa\u00f1ol.<\/p>\n\n\n\n<p class=\"wp-block-paragraph\">1961.- Andr\u00e9s Calamaro, cantautor, m\u00fasico, compositor y productor argentino.<\/p>\n\n\n\n<p class=\"wp-block-paragraph\">1964.- Mats Wilander, tenista sueco.<\/p>\n\n\n\n<p class=\"wp-block-paragraph\"><strong>Defunciones<\/strong><\/p>\n\n\n\n<p class=\"wp-block-paragraph\">1811.- Juan de Villanueva, arquitecto espa\u00f1ol.<\/p>\n\n\n\n<p class=\"wp-block-paragraph\">1877.- Tom\u00e1s Price, empresario circense espa\u00f1ol.<\/p>\n\n\n\n<p class=\"wp-block-paragraph\">1878.- Mar\u00eda Cristina de Borb\u00f3n, reina de Espa\u00f1a.<\/p>\n\n\n\n<p class=\"wp-block-paragraph\">1980.- James Mc Donell, pionero de la aviaci\u00f3n estadounidense.<\/p>\n\n\n\n<p class=\"wp-block-paragraph\">1998.- Elena Garro, escritora mexicana.<\/p>\n\n\n\n<p class=\"wp-block-paragraph\">2003.- Imperio Argentina (Magdalena Nile del R\u00edo), cantante hispano-argentina.<\/p>\n\n\n\n<p class=\"wp-block-paragraph\">2009.- Matilde Ladr\u00f3n de Guevara, escritora chilena.<\/p>\n\n\n\n<p class=\"wp-block-paragraph\">2016.- Edward Malefakis, historiador estadounidense.<\/p>\n\n\n\n<p class=\"wp-block-paragraph\">2017.- John Abercrombie, m\u00fasico estadounidense.<\/p>\n\n\n\n<p class=\"wp-block-paragraph\">2018.- Jes\u00fas Torbado, escritor y periodista espa\u00f1ol, Premio Planeta, Alfaguara, Ateneo de Sevilla y Mariano de Cavia.<\/p>\n\n\n\n<p class=\"wp-block-paragraph\">2020.- Walter Lure, m\u00fasico estadounidense miembro de la banda de punk rock \u00abThe Heartbreakers\u00bb<\/p>\n\n\n\n<p class=\"wp-block-paragraph\">2021.- Don Everly, m\u00fasico estadounidense del d\u00fao \u00abEverly Brothers\u00bb.<\/p>\n\n\n\n<p class=\"wp-block-paragraph\">2021.- Brian Travers, saxofonista brit\u00e1nico, fundador de UB40.<\/p>\n\n\n\n<p class=\"wp-block-paragraph\">2021.- Carlos Jim\u00e9nez Gonz\u00e1lez, exbajista del grupo espa\u00f1ol Extremoduro.<\/p>\n\n\n\n<p class=\"wp-block-paragraph\">2023.- Toto Cutugno, cantautor italiano.<\/p>\n","protected":false},"excerpt":{"rendered":"<p>Efem\u00e9rides 22 de agosto Personal del Museo del Louvre descubri\u00f3 el robo de \u00abLa Gioconda\u00bb en 1911 Un d\u00eda 22 de agosto como hoy, pero de 1911, el personal del Museo del Louvre descubre el robo de \u00abLa Gioconda\u00bb, que fue recuperada dos a\u00f1os despu\u00e9s en Florencia. Otras efem\u00e9rides 1526.- El espa\u00f1ol Toribio Alonso de [&hellip;]<\/p>\n","protected":false},"author":6,"featured_media":42330,"comment_status":"open","ping_status":"open","sticky":false,"template":"","format":"standard","meta":{"_acf_changed":false,"_monsterinsights_skip_tracking":false,"slim_seo":{"title":"UN D\u00cdA COMO HOY... - Opini\u00f3n P\u00fablica","description":"Efem\u00e9rides 22 de agosto Personal del Museo del Louvre descubri\u00f3 el robo de \"La Gioconda\" en 1911 Un d\u00eda 22 de agosto como hoy, pero de 1911, el personal del Mus"},"footnotes":""},"categories":[27],"tags":[],"class_list":["post-42329","post","type-post","status-publish","format-standard","has-post-thumbnail","hentry","category-un-dia-como-hoy"],"acf":[],"_links":{"self":[{"href":"https:\/\/www.opinionpublica.tv\/portada\/wp-json\/wp\/v2\/posts\/42329","targetHints":{"allow":["GET"]}}],"collection":[{"href":"https:\/\/www.opinionpublica.tv\/portada\/wp-json\/wp\/v2\/posts"}],"about":[{"href":"https:\/\/www.opinionpublica.tv\/portada\/wp-json\/wp\/v2\/types\/post"}],"author":[{"embeddable":true,"href":"https:\/\/www.opinionpublica.tv\/portada\/wp-json\/wp\/v2\/users\/6"}],"replies":[{"embeddable":true,"href":"https:\/\/www.opinionpublica.tv\/portada\/wp-json\/wp\/v2\/comments?post=42329"}],"version-history":[{"count":1,"href":"https:\/\/www.opinionpublica.tv\/portada\/wp-json\/wp\/v2\/posts\/42329\/revisions"}],"predecessor-version":[{"id":42331,"href":"https:\/\/www.opinionpublica.tv\/portada\/wp-json\/wp\/v2\/posts\/42329\/revisions\/42331"}],"wp:featuredmedia":[{"embeddable":true,"href":"https:\/\/www.opinionpublica.tv\/portada\/wp-json\/wp\/v2\/media\/42330"}],"wp:attachment":[{"href":"https:\/\/www.opinionpublica.tv\/portada\/wp-json\/wp\/v2\/media?parent=42329"}],"wp:term":[{"taxonomy":"category","embeddable":true,"href":"https:\/\/www.opinionpublica.tv\/portada\/wp-json\/wp\/v2\/categories?post=42329"},{"taxonomy":"post_tag","embeddable":true,"href":"https:\/\/www.opinionpublica.tv\/portada\/wp-json\/wp\/v2\/tags?post=42329"}],"curies":[{"name":"wp","href":"https:\/\/api.w.org\/{rel}","templated":true}]}}