{"id":42317,"date":"2024-08-22T09:37:36","date_gmt":"2024-08-22T15:37:36","guid":{"rendered":"https:\/\/www.opinionpublica.tv\/portada\/?p=42317"},"modified":"2024-08-22T09:37:37","modified_gmt":"2024-08-22T15:37:37","slug":"piden-a-ciclistas-y-motociclistas-transitar-con-mucha-precaucion","status":"publish","type":"post","link":"https:\/\/www.opinionpublica.tv\/portada\/piden-a-ciclistas-y-motociclistas-transitar-con-mucha-precaucion\/","title":{"rendered":"Piden a ciclistas y motociclistas transitar con mucha precauci\u00f3n"},"content":{"rendered":"\n<figure class=\"wp-block-image aligncenter size-full\"><img fetchpriority=\"high\" decoding=\"async\" width=\"570\" height=\"380\" src=\"https:\/\/www.opinionpublica.tv\/portada\/wp-content\/uploads\/2024\/08\/7ed3b3abac46c3aef85c1bf2d94cd2f2_XL.jpg\" alt=\"7ed3b3abac46c3aef85c1bf2d94cd2f2 Xl\" class=\"wp-image-42318\" srcset=\"https:\/\/www.opinionpublica.tv\/portada\/wp-content\/uploads\/2024\/08\/7ed3b3abac46c3aef85c1bf2d94cd2f2_XL.jpg 570w, https:\/\/www.opinionpublica.tv\/portada\/wp-content\/uploads\/2024\/08\/7ed3b3abac46c3aef85c1bf2d94cd2f2_XL-300x200.jpg 300w\" sizes=\"(max-width: 570px) 100vw, 570px\" \/><\/figure>\n\n\n\n<p class=\"has-text-align-center wp-block-paragraph\"><em>Los motociclistas deben respetar los l\u00edmites de velocidad y usar casco.<\/em><\/p>\n\n\n\n<p class=\"wp-block-paragraph\"><em>Ciudad de M\u00e9xico<\/em>.- La Coordinaci\u00f3n General de Seguridad Vial exhorta a ciclistas y motociclistas a transitar con precauci\u00f3n y bajo los preceptos que indica el Reglamento de Vialidad y Tr\u00e1nsito para el Municipio de Ju\u00e1rez.<\/p>\n\n\n\n<p class=\"wp-block-paragraph\">Lo anterior con la finalidad de evitar lamentables accidentes viales, toda vez que hay quienes utilizan este tipo de veh\u00edculos como medio de transporte y se exponen al tr\u00e1fico regular, sobre todo, durante las horas de mayor saturaci\u00f3n vehicular en la ciudad.<\/p>\n\n\n\n<p class=\"wp-block-paragraph\">Ante ello se recuerda que en el art\u00edculo 93 del Reglamento de Vialidad y Tr\u00e1nsito anota las siguientes obligaciones para los conductores de bicicletas, triciclos, bicimotos, trimotos, tetramotos y motocicletas:<\/p>\n\n\n\n<p class=\"wp-block-paragraph\">&#8211; Acompa\u00f1arse s\u00f3lo por el n\u00famero de personas para el que existan asientos disponibles<\/p>\n\n\n\n<p class=\"wp-block-paragraph\">&#8211; Circular por el carril de la extrema derecha de la v\u00eda y proceder con cuidado al rebasar veh\u00edculos estacionados<\/p>\n\n\n\n<p class=\"wp-block-paragraph\">&#8211; Circular por el carril de la derecha y al rebasar alg\u00fan veh\u00edculo, utilizar el carril izquierdo<\/p>\n\n\n\n<p class=\"wp-block-paragraph\">&#8211; No rebasar sobre el mismo carril, cuando este se encuentre debidamente delimitado a veh\u00edculos en o sin movimiento<\/p>\n\n\n\n<p class=\"wp-block-paragraph\">&#8211; Utilizar un solo carril de circulaci\u00f3n y conducir por el centro del mismo<\/p>\n\n\n\n<p class=\"wp-block-paragraph\">&#8211; Circular con las luces encendidas<\/p>\n\n\n\n<p class=\"wp-block-paragraph\">La normatividad tambi\u00e9n se\u00f1ala que el usuario de estos veh\u00edculos debe:<\/p>\n\n\n\n<p class=\"wp-block-paragraph\">&#8211; Usar casco protector y lentes cuando la motocicleta carezca de parabrisas o el casco no tenga pl\u00e1stico protector<\/p>\n\n\n\n<p class=\"wp-block-paragraph\">&#8211; No sujetarse o asirse a otro veh\u00edculo que circule por la v\u00eda p\u00fablica<\/p>\n\n\n\n<p class=\"wp-block-paragraph\">&#8211; Se\u00f1alar de manera anticipada cuando se vaya a efectuar una vuelta<\/p>\n\n\n\n<p class=\"wp-block-paragraph\">&#8211; No transitar dos veh\u00edculos de los referidos en posici\u00f3n paralela dentro de un mismo carril<\/p>\n\n\n\n<p class=\"wp-block-paragraph\">En caso de llevar carga, evitar que esta dificulte su visibilidad, afecte al equilibrio para la adecuada operaci\u00f3n del veh\u00edculo o que constituya un peligro para s\u00ed o para otros usuarios de la v\u00eda p\u00fablica.<\/p>\n\n\n\n<p class=\"wp-block-paragraph\">Adem\u00e1s, el art\u00edculo 71, menciona que, para conducir una motocicleta en particular, igualmente se debe contar con los siguientes aditamentos que otorgan una mayor protecci\u00f3n a los usuarios que las utilizan:<\/p>\n\n\n\n<p class=\"wp-block-paragraph\">En la parte delantera debe haber un faro principal que cuente con dispositivo de cambio de luces altas y bajas, colocado al centro y a una altura no mayor de un metro, mientras que en la parte posterior se debe llevar una l\u00e1mpara de luz roja y un reflectante. Asimismo, se debe contar con doble sistema de frenos, uno de los cuales deber\u00e1 actuar sobre la rueda trasera y el otro en la delantera.<\/p>\n\n\n\n<p class=\"wp-block-paragraph\">Ante esto y para evitar accidentes es que Seguridad Vial sugiere a los ciclistas y motociclistas:<\/p>\n\n\n\n<p class=\"wp-block-paragraph\">&#8211; Respetar los l\u00edmites de velocidad<\/p>\n\n\n\n<p class=\"wp-block-paragraph\">&#8211; Usar casco siempre<\/p>\n\n\n\n<p class=\"wp-block-paragraph\">&#8211; Manejar a la defensiva<\/p>\n\n\n\n<p class=\"wp-block-paragraph\">&#8211; Siempre pendiente de los errores que puedan cometer otros conductores<\/p>\n","protected":false},"excerpt":{"rendered":"<p>Los motociclistas deben respetar los l\u00edmites de velocidad y usar casco. Ciudad de M\u00e9xico.- La Coordinaci\u00f3n General de Seguridad Vial exhorta a ciclistas y motociclistas a transitar con precauci\u00f3n y bajo los preceptos que indica el Reglamento de Vialidad y Tr\u00e1nsito para el Municipio de Ju\u00e1rez. Lo anterior con la finalidad de evitar lamentables accidentes [&hellip;]<\/p>\n","protected":false},"author":6,"featured_media":42318,"comment_status":"open","ping_status":"open","sticky":false,"template":"","format":"standard","meta":{"_acf_changed":false,"_monsterinsights_skip_tracking":false,"slim_seo":{"title":"Piden a ciclistas y motociclistas transitar con mucha precauci\u00f3n - Opini\u00f3n P\u00fablica","description":"Los motociclistas deben respetar los l\u00edmites de velocidad y usar casco. Ciudad de M\u00e9xico .- La Coordinaci\u00f3n General de Seguridad Vial exhorta a ciclistas y moto"},"footnotes":""},"categories":[41],"tags":[],"class_list":["post-42317","post","type-post","status-publish","format-standard","has-post-thumbnail","hentry","category-juarez"],"acf":[],"_links":{"self":[{"href":"https:\/\/www.opinionpublica.tv\/portada\/wp-json\/wp\/v2\/posts\/42317","targetHints":{"allow":["GET"]}}],"collection":[{"href":"https:\/\/www.opinionpublica.tv\/portada\/wp-json\/wp\/v2\/posts"}],"about":[{"href":"https:\/\/www.opinionpublica.tv\/portada\/wp-json\/wp\/v2\/types\/post"}],"author":[{"embeddable":true,"href":"https:\/\/www.opinionpublica.tv\/portada\/wp-json\/wp\/v2\/users\/6"}],"replies":[{"embeddable":true,"href":"https:\/\/www.opinionpublica.tv\/portada\/wp-json\/wp\/v2\/comments?post=42317"}],"version-history":[{"count":1,"href":"https:\/\/www.opinionpublica.tv\/portada\/wp-json\/wp\/v2\/posts\/42317\/revisions"}],"predecessor-version":[{"id":42319,"href":"https:\/\/www.opinionpublica.tv\/portada\/wp-json\/wp\/v2\/posts\/42317\/revisions\/42319"}],"wp:featuredmedia":[{"embeddable":true,"href":"https:\/\/www.opinionpublica.tv\/portada\/wp-json\/wp\/v2\/media\/42318"}],"wp:attachment":[{"href":"https:\/\/www.opinionpublica.tv\/portada\/wp-json\/wp\/v2\/media?parent=42317"}],"wp:term":[{"taxonomy":"category","embeddable":true,"href":"https:\/\/www.opinionpublica.tv\/portada\/wp-json\/wp\/v2\/categories?post=42317"},{"taxonomy":"post_tag","embeddable":true,"href":"https:\/\/www.opinionpublica.tv\/portada\/wp-json\/wp\/v2\/tags?post=42317"}],"curies":[{"name":"wp","href":"https:\/\/api.w.org\/{rel}","templated":true}]}}