{"id":42311,"date":"2024-08-22T09:34:34","date_gmt":"2024-08-22T15:34:34","guid":{"rendered":"https:\/\/www.opinionpublica.tv\/portada\/?p=42311"},"modified":"2024-08-22T09:34:35","modified_gmt":"2024-08-22T15:34:35","slug":"presenta-side-proyectos-y-estrategias-para-promover-crecimiento-de-la-frontera","status":"publish","type":"post","link":"https:\/\/www.opinionpublica.tv\/portada\/presenta-side-proyectos-y-estrategias-para-promover-crecimiento-de-la-frontera\/","title":{"rendered":"Presenta SIDE proyectos y estrategias para promover crecimiento de la frontera"},"content":{"rendered":"\n<figure class=\"wp-block-image aligncenter size-full\"><img fetchpriority=\"high\" decoding=\"async\" width=\"570\" height=\"380\" src=\"https:\/\/www.opinionpublica.tv\/portada\/wp-content\/uploads\/2024\/08\/71c7f18816f673a69c33ce009e492391_XL.jpg\" alt=\"71c7f18816f673a69c33ce009e492391 Xl\" class=\"wp-image-42312\" srcset=\"https:\/\/www.opinionpublica.tv\/portada\/wp-content\/uploads\/2024\/08\/71c7f18816f673a69c33ce009e492391_XL.jpg 570w, https:\/\/www.opinionpublica.tv\/portada\/wp-content\/uploads\/2024\/08\/71c7f18816f673a69c33ce009e492391_XL-300x200.jpg 300w\" sizes=\"(max-width: 570px) 100vw, 570px\" \/><\/figure>\n\n\n\n<p class=\"has-text-align-center wp-block-paragraph\"><em>En la sesi\u00f3n tambi\u00e9n se abordaron proyectos clave para mejorar la competitividad del estado.<\/em><\/p>\n\n\n\n<p class=\"wp-block-paragraph\"><em>Ciudad Ju\u00e1rez, Chih<\/em>.- El titular de la Secretar\u00eda de Innovaci\u00f3n y Desarrollo Econ\u00f3mico, Ulises Fern\u00e1ndez Gamboa se reuni\u00f3 con el equipo de Desarrollo Econ\u00f3mico de Ciudad Ju\u00e1rez A.C. (DECJ) para dar a conocer estrategias que guiar\u00e1n el crecimiento econ\u00f3mico del estado.<\/p>\n\n\n\n<p class=\"wp-block-paragraph\">El funcionario estatal present\u00f3 un informe basado en tres bloques: el contexto econ\u00f3mico del estado, sectores estrat\u00e9gicos actuales y perspectiva futura, y proyectos habilitadores para la competitividad, al destacar las fortalezas de la entidad y las \u00e1reas de oportunidad para continuar impulsando el desarrollo econ\u00f3mico.<\/p>\n\n\n\n<p class=\"wp-block-paragraph\">Fern\u00e1ndez Gamboa habl\u00f3 de las ventajas competitivas de Chihuahua, que lo posicionan en los primeros lugares a nivel nacional en varios sectores importantes.<\/p>\n\n\n\n<p class=\"wp-block-paragraph\">Expuso un an\u00e1lisis detallado de las inversiones y las industrias predominantes, entre ellas las correspondientes a los sectores automotriz, el\u00e9ctrico-electr\u00f3nico, dispositivos m\u00e9dicos y aeroespacial, con una visi\u00f3n de futuro centrada en la innovaci\u00f3n y en la adaptaci\u00f3n a las tendencias globales.<\/p>\n\n\n\n<p class=\"wp-block-paragraph\">En la sesi\u00f3n tambi\u00e9n se abordaron proyectos clave para mejorar la competitividad del estado, incluyendo iniciativas en materia de energ\u00eda para mantener y fortalecer la atracci\u00f3n de Inversi\u00f3n Extranjera Directa (IED), respondiendo a las necesidades tanto del sector energ\u00e9tico como de la poblaci\u00f3n de Chihuahua.<\/p>\n\n\n\n<p class=\"wp-block-paragraph\">Por otro lado, se habl\u00f3 sobre infraestructura y capacitaci\u00f3n, particularmente de aspectos cr\u00edticos como la mejora de la infraestructura h\u00eddrica y de conectividad, as\u00ed como la necesidad de optimizar la capacitaci\u00f3n del talento local para satisfacer las demandas del mercado laboral. Adem\u00e1s, se destac\u00f3 la importancia de fortalecer el desarrollo regional para asegurar un crecimiento equilibrado en todas las \u00e1reas del estado.<br><br><\/p>\n","protected":false},"excerpt":{"rendered":"<p>En la sesi\u00f3n tambi\u00e9n se abordaron proyectos clave para mejorar la competitividad del estado. Ciudad Ju\u00e1rez, Chih.- El titular de la Secretar\u00eda de Innovaci\u00f3n y Desarrollo Econ\u00f3mico, Ulises Fern\u00e1ndez Gamboa se reuni\u00f3 con el equipo de Desarrollo Econ\u00f3mico de Ciudad Ju\u00e1rez A.C. (DECJ) para dar a conocer estrategias que guiar\u00e1n el crecimiento econ\u00f3mico del estado. [&hellip;]<\/p>\n","protected":false},"author":6,"featured_media":42312,"comment_status":"open","ping_status":"open","sticky":false,"template":"","format":"standard","meta":{"_acf_changed":false,"_monsterinsights_skip_tracking":false,"slim_seo":{"title":"Presenta SIDE proyectos y estrategias para promover crecimiento de la frontera - Opini\u00f3n P\u00fablica","description":"En la sesi\u00f3n tambi\u00e9n se abordaron proyectos clave para mejorar la competitividad del estado. Ciudad Ju\u00e1rez, Chih .- El titular de la Secretar\u00eda de Innovaci\u00f3n y"},"footnotes":""},"categories":[11],"tags":[],"class_list":["post-42311","post","type-post","status-publish","format-standard","has-post-thumbnail","hentry","category-tendencias"],"acf":[],"_links":{"self":[{"href":"https:\/\/www.opinionpublica.tv\/portada\/wp-json\/wp\/v2\/posts\/42311","targetHints":{"allow":["GET"]}}],"collection":[{"href":"https:\/\/www.opinionpublica.tv\/portada\/wp-json\/wp\/v2\/posts"}],"about":[{"href":"https:\/\/www.opinionpublica.tv\/portada\/wp-json\/wp\/v2\/types\/post"}],"author":[{"embeddable":true,"href":"https:\/\/www.opinionpublica.tv\/portada\/wp-json\/wp\/v2\/users\/6"}],"replies":[{"embeddable":true,"href":"https:\/\/www.opinionpublica.tv\/portada\/wp-json\/wp\/v2\/comments?post=42311"}],"version-history":[{"count":1,"href":"https:\/\/www.opinionpublica.tv\/portada\/wp-json\/wp\/v2\/posts\/42311\/revisions"}],"predecessor-version":[{"id":42313,"href":"https:\/\/www.opinionpublica.tv\/portada\/wp-json\/wp\/v2\/posts\/42311\/revisions\/42313"}],"wp:featuredmedia":[{"embeddable":true,"href":"https:\/\/www.opinionpublica.tv\/portada\/wp-json\/wp\/v2\/media\/42312"}],"wp:attachment":[{"href":"https:\/\/www.opinionpublica.tv\/portada\/wp-json\/wp\/v2\/media?parent=42311"}],"wp:term":[{"taxonomy":"category","embeddable":true,"href":"https:\/\/www.opinionpublica.tv\/portada\/wp-json\/wp\/v2\/categories?post=42311"},{"taxonomy":"post_tag","embeddable":true,"href":"https:\/\/www.opinionpublica.tv\/portada\/wp-json\/wp\/v2\/tags?post=42311"}],"curies":[{"name":"wp","href":"https:\/\/api.w.org\/{rel}","templated":true}]}}