{"id":42305,"date":"2024-08-22T09:31:30","date_gmt":"2024-08-22T15:31:30","guid":{"rendered":"https:\/\/www.opinionpublica.tv\/portada\/?p=42305"},"modified":"2024-08-22T09:31:30","modified_gmt":"2024-08-22T15:31:30","slug":"arranca-en-chihuahua-entrega-de-libros-de-texto-gratuitos-ciclo-2024-2025","status":"publish","type":"post","link":"https:\/\/www.opinionpublica.tv\/portada\/arranca-en-chihuahua-entrega-de-libros-de-texto-gratuitos-ciclo-2024-2025\/","title":{"rendered":"Arranca en Chihuahua entrega de Libros de Texto Gratuitos ciclo 2024-2025"},"content":{"rendered":"\n<figure class=\"wp-block-image aligncenter size-full\"><img fetchpriority=\"high\" decoding=\"async\" width=\"570\" height=\"380\" src=\"https:\/\/www.opinionpublica.tv\/portada\/wp-content\/uploads\/2024\/08\/1b5f7f32bc07dba87d517fa54f333bfe_XL.jpg\" alt=\"1b5f7f32bc07dba87d517fa54f333bfe Xl\" class=\"wp-image-42306\" srcset=\"https:\/\/www.opinionpublica.tv\/portada\/wp-content\/uploads\/2024\/08\/1b5f7f32bc07dba87d517fa54f333bfe_XL.jpg 570w, https:\/\/www.opinionpublica.tv\/portada\/wp-content\/uploads\/2024\/08\/1b5f7f32bc07dba87d517fa54f333bfe_XL-300x200.jpg 300w\" sizes=\"(max-width: 570px) 100vw, 570px\" \/><\/figure>\n\n\n\n<p class=\"has-text-align-center wp-block-paragraph\"><em>Se entregar\u00e1n 4 millones 651 mil 582 libros de todos los niveles de Educaci\u00f3n B\u00e1sica.<\/em><\/p>\n\n\n\n<p class=\"wp-block-paragraph\"><em>Chihuahua, Chih<\/em>.- La Secretar\u00eda de Educaci\u00f3n y Deporte (SEyD) en coordinaci\u00f3n con Servicios Educativos del Estado de Chihuahua (SEECH), arranc\u00f3 la entrega de los Libros de Texto Gratuitos (LTG) del nivel Primaria correspondientes al ciclo escolar 2024-2025.<\/p>\n\n\n\n<p class=\"wp-block-paragraph\">La ceremonia protocolaria fue encabezada por el secretario de Educaci\u00f3n y Deporte, Francisco Hugo Guti\u00e9rrez D\u00e1vila, quien precis\u00f3 que estos paquetes son el resultado de uno de los esfuerzos m\u00e1s consistentes del Estado para responder a una necesidad concreta de la poblaci\u00f3n mexicana.<\/p>\n\n\n\n<p class=\"wp-block-paragraph\">De la misma manera, agradeci\u00f3 a las autoridades educativas, personal de supervisi\u00f3n general de sector y de zona, y directivos de los diferentes niveles, su apoyo para hacer posible que estos materiales lleguen a todos los rincones de la entidad.<\/p>\n\n\n\n<p class=\"wp-block-paragraph\">\u201cA todos ustedes les pido que en este ciclo escolar 2024-2025, renovemos nuestro compromiso con la educaci\u00f3n, y trabajemos juntos con dedicaci\u00f3n y entusiasmo para garantizar que cada alumna y alumno de nuestro estado desarrollen su m\u00e1ximo potencial, tal como nos lo ha encomendado nuestra gobernadora Maru Campos\u201d, puntualiz\u00f3 el titular de la SEyD.<\/p>\n\n\n\n<p class=\"wp-block-paragraph\">A su vez, el secretario general de la Secci\u00f3n 8 del Sindicato Nacional de Trabajadores de la Educaci\u00f3n (SNTE), Eduardo Antonio Zendejas Ampar\u00e1n, agradeci\u00f3 el apoyo por la coordinaci\u00f3n con el Gobierno del Estado para atender de manera puntual el derecho constitucional que tienen la ni\u00f1ez y juventud chihuahuense de recibir estos materiales de trabajo escolar.<\/p>\n\n\n\n<p class=\"wp-block-paragraph\">Luis Mar\u00eda Aguilar Castillo, en representaci\u00f3n del secretario general del Comit\u00e9 Ejecutivo Nacional del SNTE, Alfonso Cepeda Salas, destac\u00f3 la sinergia de trabajo que se mantiene con la gobernadora Maru Campos y con el secretario de Educaci\u00f3n, para lograr una calidad en la atenci\u00f3n que se brinda en todas las escuelas del estado.<\/p>\n\n\n\n<p class=\"wp-block-paragraph\">El subsecretario de Educaci\u00f3n B\u00e1sica, Lorenzo Arturo Parga Amado, brind\u00f3 una breve rese\u00f1a hist\u00f3rica sobre la forma en que hace 65 a\u00f1os se constituy\u00f3 y confirm\u00f3 el inicio del trabajo para la elaboraci\u00f3n de los Libros de Texto Gratuitos que llegan a millones de estudiantes de todo el pa\u00eds.<\/p>\n\n\n\n<p class=\"wp-block-paragraph\">A nivel estatal, se contempla la entrega total de 4 millones 651 mil 582 libros para todos los niveles de Educaci\u00f3n B\u00e1sica.<\/p>\n\n\n\n<p class=\"wp-block-paragraph\">Lo que servir\u00e1 para brindar una educaci\u00f3n integral de calidad que se complementar\u00e1 con las estrategias y planes de trabajo impulsados por las maestras y los maestros chihuahuenses.<br><br><\/p>\n","protected":false},"excerpt":{"rendered":"<p>Se entregar\u00e1n 4 millones 651 mil 582 libros de todos los niveles de Educaci\u00f3n B\u00e1sica. Chihuahua, Chih.- La Secretar\u00eda de Educaci\u00f3n y Deporte (SEyD) en coordinaci\u00f3n con Servicios Educativos del Estado de Chihuahua (SEECH), arranc\u00f3 la entrega de los Libros de Texto Gratuitos (LTG) del nivel Primaria correspondientes al ciclo escolar 2024-2025. La ceremonia protocolaria [&hellip;]<\/p>\n","protected":false},"author":6,"featured_media":42306,"comment_status":"open","ping_status":"open","sticky":false,"template":"","format":"standard","meta":{"_acf_changed":false,"_monsterinsights_skip_tracking":false,"slim_seo":{"title":"Arranca en Chihuahua entrega de Libros de Texto Gratuitos ciclo 2024-2025 - Opini\u00f3n P\u00fablica","description":"Se entregar\u00e1n 4 millones 651 mil 582 libros de todos los niveles de Educaci\u00f3n B\u00e1sica. Chihuahua, Chih .- La Secretar\u00eda de Educaci\u00f3n y Deporte (SEyD) en coordina"},"footnotes":""},"categories":[11],"tags":[],"class_list":["post-42305","post","type-post","status-publish","format-standard","has-post-thumbnail","hentry","category-tendencias"],"acf":[],"_links":{"self":[{"href":"https:\/\/www.opinionpublica.tv\/portada\/wp-json\/wp\/v2\/posts\/42305","targetHints":{"allow":["GET"]}}],"collection":[{"href":"https:\/\/www.opinionpublica.tv\/portada\/wp-json\/wp\/v2\/posts"}],"about":[{"href":"https:\/\/www.opinionpublica.tv\/portada\/wp-json\/wp\/v2\/types\/post"}],"author":[{"embeddable":true,"href":"https:\/\/www.opinionpublica.tv\/portada\/wp-json\/wp\/v2\/users\/6"}],"replies":[{"embeddable":true,"href":"https:\/\/www.opinionpublica.tv\/portada\/wp-json\/wp\/v2\/comments?post=42305"}],"version-history":[{"count":1,"href":"https:\/\/www.opinionpublica.tv\/portada\/wp-json\/wp\/v2\/posts\/42305\/revisions"}],"predecessor-version":[{"id":42307,"href":"https:\/\/www.opinionpublica.tv\/portada\/wp-json\/wp\/v2\/posts\/42305\/revisions\/42307"}],"wp:featuredmedia":[{"embeddable":true,"href":"https:\/\/www.opinionpublica.tv\/portada\/wp-json\/wp\/v2\/media\/42306"}],"wp:attachment":[{"href":"https:\/\/www.opinionpublica.tv\/portada\/wp-json\/wp\/v2\/media?parent=42305"}],"wp:term":[{"taxonomy":"category","embeddable":true,"href":"https:\/\/www.opinionpublica.tv\/portada\/wp-json\/wp\/v2\/categories?post=42305"},{"taxonomy":"post_tag","embeddable":true,"href":"https:\/\/www.opinionpublica.tv\/portada\/wp-json\/wp\/v2\/tags?post=42305"}],"curies":[{"name":"wp","href":"https:\/\/api.w.org\/{rel}","templated":true}]}}