{"id":42300,"date":"2024-08-22T09:28:06","date_gmt":"2024-08-22T15:28:06","guid":{"rendered":"https:\/\/www.opinionpublica.tv\/portada\/?p=42300"},"modified":"2024-08-22T09:28:07","modified_gmt":"2024-08-22T15:28:07","slug":"queremos-heroes-de-verdad","status":"publish","type":"post","link":"https:\/\/www.opinionpublica.tv\/portada\/queremos-heroes-de-verdad\/","title":{"rendered":"Queremos h\u00e9roes de verdad"},"content":{"rendered":"\n<p class=\"wp-block-paragraph\">Carlos Fernando Angulo Parra.<\/p>\n\n\n\n<p class=\"wp-block-paragraph\">Ante la reforma al Poder Judicial, la reestructuraci\u00f3n del Congreso de la Uni\u00f3n, que desaparece la representaci\u00f3n proporcional, la desaparici\u00f3n de los \u00f3rganos aut\u00f3nomos,&nbsp; y la reinstauraci\u00f3n de la prisi\u00f3n preventiva oficiosa que hace que se encarcelen a los ciudadanos sin que se haya probado su culpabilidad; se concentra el poder del Estado mexicano en la presidencia de la Rep\u00fablica, eliminando por completo los frenos constitucionales al abuso del poder, que se dirige a que los ciudadanos perdamos nuestras garant\u00edas que nos dan los derechos humanos, poni\u00e9ndose en riesgo nuestros trabajos, nuestro patrimonio, nuestra democracia y nuestra libertad.<\/p>\n\n\n\n<p class=\"wp-block-paragraph\">Los \u00fanicos que nos pueden salvar de estas amenazas son los integrantes de la Sala Superior del Tribunal Electoral del Poder Judicial de la Federaci\u00f3n.<\/p>\n\n\n\n<p class=\"wp-block-paragraph\">Si los magistrados del Tribunal Electoral deciden cumplir con el esp\u00edritu democr\u00e1tico de nuestra Constituci\u00f3n, se convertir\u00e1n en los h\u00e9roes que salvaron a la Patria, al proteger nuestro sistema democr\u00e1tico y nuestras libertades.<\/p>\n\n\n\n<p class=\"wp-block-paragraph\">De lo contrario, si traicionando al pueblo de M\u00e9xico, deciden seguir los dictados del presidente Andr\u00e9s L\u00f3pez, van a llevar por el resto de sus vidas la carga del repudio ciudadano, de sus parientes, amigos, vecinos, colegas y toda persona que los reconozca en su colonia, supermercado, cine, eventos deportivos, escuelas, clubes y universidades. No podr\u00e1n salir de sus casas sin enfrentar todos los d\u00edas el repudio ciudadano.<\/p>\n\n\n\n<p class=\"wp-block-paragraph\">Por ello, ustedes, magistrados del Tribunal Electoral, deben de pensar claramente cu\u00e1l es la disyuntiva: afrontar la ira presidencial o la ira ciudadana.<\/p>\n\n\n\n<p class=\"wp-block-paragraph\">El presidente ya se va, la presidente electa se encuentra entre la espada y la pared, tiene que afrontar el enorme problema que estas reformas causar\u00e1n a M\u00e9xico. Primeramente, se perder\u00e1 el grado de inversi\u00f3n, que har\u00e1 que el costo deo servicio y la negociaci\u00f3n de la deuda p\u00fablica sea m\u00e1s elevado y m\u00e1s complicada. Habr\u00e1 reclamos bajo el T-Mec, respecto de mantener un sistema judicial independiente, as\u00ed como reclamaciones de la ONU y de la OEA. Se observar\u00e1n las reformas violatorias a las garant\u00edas de respeto a los derechos humanos en la reinstauraci\u00f3n de la prisi\u00f3n preventiva oficiosa.<\/p>\n\n\n\n<p class=\"wp-block-paragraph\">Tambi\u00e9n esta situaci\u00f3n causar\u00e1 da\u00f1os mayores a nuestra econom\u00eda, habr\u00e1 fuga de capitales, primeramente los capitales de inversi\u00f3n en bolsa, provenientes de fondos que se encuentran regulados en sus pa\u00edses de origen, que no les permiten invertir en pa\u00edses que no tienen sistemas judiciales independientes, luego vendr\u00e1n las cancelaciones de inversiones que se ver\u00e1n con riesgos mayores a los proyectados con este cambio radical de r\u00e9gimen que se vendr\u00eda, sin contar con la fuga de capitales de mexicanos que prefieren proteger sus capitales en pa\u00edses extranjeros, ante el miedo que da la incertidumbre del actuar futuro del gobierno ante el ominoso poder que le otorga la reforma constitucional.<\/p>\n\n\n\n<p class=\"wp-block-paragraph\">Y, no se diga, la enorme p\u00e9rdida de empleos que todo ello ocasionar\u00e1, con la generaci\u00f3n de pobreza que vendr\u00e1.<\/p>\n\n\n\n<p class=\"wp-block-paragraph\">La presidente electa se ver\u00e1 arrinconada con una deuda externa que se tornar\u00e1 superior frente a las devaluaciones del peso que se nos vendr\u00e1n encima, derivada de la fuga de capitales que requerir\u00e1n divisas encareci\u00e9ndose su adquisici\u00f3n.<\/p>\n\n\n\n<p class=\"wp-block-paragraph\">Por lo antes mencionado, los magistrados electorales deben considerar que las supuestas consecuencias de la venganza que pueda venir del presidente L\u00f3pez quien no tendr\u00e1 tiempo de llevarse a cabo en los treinta d\u00edas que le quedar\u00e1n de mandato, y para la nueva presidente le caer\u00e1 como anillo al dedo el rechazo a la sobrerrepresentaci\u00f3n, ya que no tendr\u00e1 que afrontar las consecuencias de la reforma y de una posibilidad de verse en la necesidad de revertirla.<\/p>\n\n\n\n<p class=\"wp-block-paragraph\">Sin embargo, para que el escenario positivo que planteo se lleve a feliz conclusi\u00f3n ser\u00e1 necesario que los ciudadanos, organismos empresariales, colegios de profesionistas, universidades y entidades de gobierno continuemos con nuestras protestas, para reducirle a la presidente electa el costo de tener que lidiar con una situaci\u00f3n insostenible de crisis financiera que le costar\u00e1 a su gobierno infinitamente m\u00e1s que mantener el statu quo de las instituciones del pa\u00eds.<\/p>\n","protected":false},"excerpt":{"rendered":"<p>Carlos Fernando Angulo Parra. Ante la reforma al Poder Judicial, la reestructuraci\u00f3n del Congreso de la Uni\u00f3n, que desaparece la representaci\u00f3n proporcional, la desaparici\u00f3n de los \u00f3rganos aut\u00f3nomos,&nbsp; y la reinstauraci\u00f3n de la prisi\u00f3n preventiva oficiosa que hace que se encarcelen a los ciudadanos sin que se haya probado su culpabilidad; se concentra el poder [&hellip;]<\/p>\n","protected":false},"author":6,"featured_media":0,"comment_status":"open","ping_status":"open","sticky":false,"template":"","format":"standard","meta":{"_acf_changed":false,"_monsterinsights_skip_tracking":false,"slim_seo":{"title":"Queremos h\u00e9roes de verdad - Opini\u00f3n P\u00fablica","description":"Carlos Fernando Angulo Parra. Ante la reforma al Poder Judicial, la reestructuraci\u00f3n del Congreso de la Uni\u00f3n, que desaparece la representaci\u00f3n proporcional, la"},"footnotes":""},"categories":[17],"tags":[],"class_list":["post-42300","post","type-post","status-publish","format-standard","hentry","category-ultima-instancia"],"acf":[],"_links":{"self":[{"href":"https:\/\/www.opinionpublica.tv\/portada\/wp-json\/wp\/v2\/posts\/42300","targetHints":{"allow":["GET"]}}],"collection":[{"href":"https:\/\/www.opinionpublica.tv\/portada\/wp-json\/wp\/v2\/posts"}],"about":[{"href":"https:\/\/www.opinionpublica.tv\/portada\/wp-json\/wp\/v2\/types\/post"}],"author":[{"embeddable":true,"href":"https:\/\/www.opinionpublica.tv\/portada\/wp-json\/wp\/v2\/users\/6"}],"replies":[{"embeddable":true,"href":"https:\/\/www.opinionpublica.tv\/portada\/wp-json\/wp\/v2\/comments?post=42300"}],"version-history":[{"count":1,"href":"https:\/\/www.opinionpublica.tv\/portada\/wp-json\/wp\/v2\/posts\/42300\/revisions"}],"predecessor-version":[{"id":42301,"href":"https:\/\/www.opinionpublica.tv\/portada\/wp-json\/wp\/v2\/posts\/42300\/revisions\/42301"}],"wp:attachment":[{"href":"https:\/\/www.opinionpublica.tv\/portada\/wp-json\/wp\/v2\/media?parent=42300"}],"wp:term":[{"taxonomy":"category","embeddable":true,"href":"https:\/\/www.opinionpublica.tv\/portada\/wp-json\/wp\/v2\/categories?post=42300"},{"taxonomy":"post_tag","embeddable":true,"href":"https:\/\/www.opinionpublica.tv\/portada\/wp-json\/wp\/v2\/tags?post=42300"}],"curies":[{"name":"wp","href":"https:\/\/api.w.org\/{rel}","templated":true}]}}