{"id":42297,"date":"2024-08-22T09:27:01","date_gmt":"2024-08-22T15:27:01","guid":{"rendered":"https:\/\/www.opinionpublica.tv\/portada\/?p=42297"},"modified":"2024-08-22T09:27:02","modified_gmt":"2024-08-22T15:27:02","slug":"javier-corral-el-politico-al-que-le-crecieron-las-propiedades-ya-tiene-14-segun-el-rpp","status":"publish","type":"post","link":"https:\/\/www.opinionpublica.tv\/portada\/javier-corral-el-politico-al-que-le-crecieron-las-propiedades-ya-tiene-14-segun-el-rpp\/","title":{"rendered":"Javier Corral, el pol\u00edtico al que le crecieron las propiedades; ya tiene 14 seg\u00fan el RPP"},"content":{"rendered":"\n<figure class=\"wp-block-image aligncenter size-full\"><img fetchpriority=\"high\" decoding=\"async\" width=\"370\" height=\"215\" src=\"https:\/\/www.opinionpublica.tv\/portada\/wp-content\/uploads\/2024\/08\/70aca4b405b096630c2dcc90507663c5_L.jpg\" alt=\"70aca4b405b096630c2dcc90507663c5 L\" class=\"wp-image-42298\" srcset=\"https:\/\/www.opinionpublica.tv\/portada\/wp-content\/uploads\/2024\/08\/70aca4b405b096630c2dcc90507663c5_L.jpg 370w, https:\/\/www.opinionpublica.tv\/portada\/wp-content\/uploads\/2024\/08\/70aca4b405b096630c2dcc90507663c5_L-300x174.jpg 300w\" sizes=\"(max-width: 370px) 100vw, 370px\" \/><\/figure>\n\n\n\n<p class=\"has-text-align-center wp-block-paragraph\"><em>El valor comercial de las propiedades de Javier Corral suman m\u00e1s de 73.6 millones de pesos.<\/em><\/p>\n\n\n\n<p class=\"wp-block-paragraph\">Como otros integrantes de la clase pol\u00edtica, Javier Corral, exgobernador de Chihuahua, acusado por autoridades de ese estado por peculado y corrupci\u00f3n, ha aumentado su patrimonio inmobiliario en las \u00faltimas dos d\u00e9cadas. Hoy es due\u00f1o de 14 propiedades, entre casas, departamentos y terrenos.<\/p>\n\n\n\n<p class=\"wp-block-paragraph\">En una revisi\u00f3n hecha a los registros p\u00fablicos de la Propiedad se encontr\u00f3 que estos inmuebles se ubican en diversos municipios de Chihuahua, as\u00ed como en la Ciudad de M\u00e9xico y Sinaloa.<\/p>\n\n\n\n<p class=\"wp-block-paragraph\">Seg\u00fan estimaciones, el valor comercial de estas propiedades, las cuales adquiri\u00f3 entre 1987 y 2018, pudieran sumar m\u00e1s de 73.6 millones de pesos.<\/p>\n\n\n\n<p class=\"wp-block-paragraph\">Al igual que el caso de Corral, otros pol\u00edticos que incrementaron su patrimonio son Irma Er\u00e9ndira Sandoval, exsecretaria de la Funci\u00f3n P\u00fablica, y su pareja John Ackerman, quienes compraron de contado seis casas en nueve a\u00f1os, mismo caso de la familia de Manuel Bartlett, titular de la CFE, quien junto a su pareja y los hijos de cada uno de ellos poseen un conjunto de 25 propiedades que suman cerca de 800 millones de pesos.<\/p>\n\n\n\n<p class=\"wp-block-paragraph\">Propiedades sin registrar en declaraci\u00f3n patrimonial<\/p>\n\n\n\n<p class=\"wp-block-paragraph\">En su \u00faltima declaraci\u00f3n patrimonial de 2021, al t\u00e9rmino de su gobierno en Chihuahua, Corral Jurado report\u00f3 13 propiedades con un valor de cerca de 19 millones de pesos, adem\u00e1s de cuatro veh\u00edculos.<\/p>\n\n\n\n<p class=\"wp-block-paragraph\">Entre las propiedades de Javier Corral est\u00e1 una de la que en octubre de 2018 firm\u00f3 un contrato privado de compra-venta para adquirir un terreno contiguo a su casa de Ignacio de la Pe\u00f1a 2079, de 227 metros cuadrados, por la cantidad de 200 mil pesos, cuyo valor comercial oscila en los 778 mil 500 pesos.<\/p>\n\n\n\n<p class=\"wp-block-paragraph\">Sin embargo, destaca que el terreno contiguo lateral pertenece a la misma propiedad, seg\u00fan el dise\u00f1o arquitect\u00f3nico, pero no aparece a su nombre en el Registro P\u00fablico de la Propiedad y, como se aprecia en fotograf\u00edas a\u00e9reas, ya est\u00e1 incorporada a su propiedad.<\/p>\n\n\n\n<p class=\"wp-block-paragraph\">Tambi\u00e9n tiene el lote 17, manzana 4, en Monte de las Cruces, enseguida de la casa n\u00famero 930, tambi\u00e9n suya, en el fraccionamiento Jardines de San Marcos en Ciudad Ju\u00e1rez, que compr\u00f3 el 12 de julio de 2002.<\/p>\n\n\n\n<p class=\"wp-block-paragraph\">Esta adquisici\u00f3n tampoco aparece en la declaraci\u00f3n patrimonial modificada de 2021, pero est\u00e1 inscrita a su nombre en el Registro P\u00fablico de la Propiedad.<\/p>\n\n\n\n<p class=\"wp-block-paragraph\">Javier Corral tambi\u00e9n es due\u00f1o de un terreno de 150 hect\u00e1reas en el ejido Nombre de Dios, que compr\u00f3 el 29 abril de 2009 por 4 millones de pesos y que no incluy\u00f3 en su declaraci\u00f3n de 2016 y por lo cual la Fiscal\u00eda Anticorrupci\u00f3n de Chihuahua busca detenerlo por presunto enriquecimiento il\u00edcito y defraudaci\u00f3n fiscal.<\/p>\n\n\n\n<p class=\"wp-block-paragraph\"><strong>Hasta caba\u00f1a<\/strong><\/p>\n\n\n\n<p class=\"wp-block-paragraph\">Otra de las propiedades del exgobernador es una caba\u00f1a en la comunidad de Basaseachi en Ocampo, Chihuahua, que compr\u00f3 el 15 de agosto de 2002 con una extensi\u00f3n de 300 metros en 450 mil pesos y su valor comercial hoy es de un mill\u00f3n 785 mil pesos.<\/p>\n\n\n\n<p class=\"wp-block-paragraph\">Javier Corral tiene una propiedad en la calle Canitzan 622, fraccionamiento Villa Alegre, en Ciudad Ju\u00e1rez, con una extensi\u00f3n de 150 metros, la cual adquiri\u00f3 en diciembre de 1987. Destaca que en este terreno el exgobernador edific\u00f3 una casa que vendi\u00f3 el 7 de junio de 2022.<\/p>\n\n\n\n<p class=\"wp-block-paragraph\">El ex panista suma otra propiedad que se encuentra en Fuentes de Andaluc\u00eda 6418, en la capital chihuahuense, con una extensi\u00f3n de 448 metros que adquiri\u00f3 en 2004 y cuyo valor comercial actual es de 5 millones 620 mil pesos.<\/p>\n\n\n\n<p class=\"wp-block-paragraph\">El 10 de febrero de 2006, Corral Jurado compr\u00f3 un inmueble de 648 metros por un mill\u00f3n 300 mil pesos, en una de las zonas antiguas pero exclusivas de la capital de Chihuahua, el fraccionamiento Campanario. Hoy su valor es de m\u00e1s de 11 millones de pesos.<\/p>\n\n\n\n<p class=\"wp-block-paragraph\">El ex panista hoy morenista es due\u00f1o del local ubicado en Independencia 2001, colonia Centro, Chihuahua, y que funciona como sede de su librer\u00eda Sandor M\u00e1rai, que adquiri\u00f3 el 22 octubre 2014.<\/p>\n\n\n\n<p class=\"wp-block-paragraph\">Tiene una extensi\u00f3n de 307 metros y fue comprada por un mill\u00f3n 400 mil pesos, hoy valuada en 4.7 millones de pesos.<\/p>\n\n\n\n<p class=\"wp-block-paragraph\">Por 750 mil pesos, el exgobernador compr\u00f3 el 1 de julio de 2016 una propiedad ubicada en la calle Ignacio de la Pe\u00f1a 2086, en Ciudad Ju\u00e1rez, casa tipo colonial con una superficie de 400 metros cuadrados.<\/p>\n\n\n\n<p class=\"wp-block-paragraph\"><strong>Departamentos de lujo en la Ciudad de M\u00e9xico y Mazatl\u00e1n<\/strong><\/p>\n\n\n\n<p class=\"wp-block-paragraph\">En la Ciudad de M\u00e9xico es due\u00f1o de dos departamentos en la calle Lucerna, n\u00famero 60, colonia Ju\u00e1rez, en la alcald\u00eda Cuauht\u00e9moc. Lo compr\u00f3 el 1 de septiembre 2003 por 392 mil pesos. Mide 57 metros cuadrados y est\u00e1 identificado como suite 404. Actualmente su valor comercial oscila en 2 millones 860 mil pesos.<\/p>\n\n\n\n<p class=\"wp-block-paragraph\">A 13 a\u00f1os de esta compra, Corral Jurado adquiri\u00f3 otro departamento en este mismo edificio, la suite 602, por un mill\u00f3n 675 mil pesos, y su valor comercial est\u00e1 tasado en 5 millones 522 mil pesos.<\/p>\n\n\n\n<p class=\"wp-block-paragraph\">En Mazatl\u00e1n, Sinaloa, Corral tambi\u00e9n tiene un departamento de 327 metros en la zona exclusiva Quintas del Mar, por el que pag\u00f3 un mill\u00f3n 750 mil y hoy est\u00e1 valuado en 7.5 millones de pesos.<\/p>\n\n\n\n<p class=\"wp-block-paragraph\"><em>Con informaci\u00f3n de El Universal<\/em>.<br><br><\/p>\n","protected":false},"excerpt":{"rendered":"<p>El valor comercial de las propiedades de Javier Corral suman m\u00e1s de 73.6 millones de pesos. Como otros integrantes de la clase pol\u00edtica, Javier Corral, exgobernador de Chihuahua, acusado por autoridades de ese estado por peculado y corrupci\u00f3n, ha aumentado su patrimonio inmobiliario en las \u00faltimas dos d\u00e9cadas. Hoy es due\u00f1o de 14 propiedades, entre [&hellip;]<\/p>\n","protected":false},"author":6,"featured_media":42298,"comment_status":"open","ping_status":"open","sticky":false,"template":"","format":"standard","meta":{"_acf_changed":false,"_monsterinsights_skip_tracking":false,"slim_seo":{"title":"Javier Corral, el pol\u00edtico al que le crecieron las propiedades; ya tiene 14 seg\u00fan el RPP - Opini\u00f3n P\u00fablica","description":"El valor comercial de las propiedades de Javier Corral suman m\u00e1s de 73.6 millones de pesos. Como otros integrantes de la clase pol\u00edtica, Javier Corral, exgobern"},"footnotes":""},"categories":[3],"tags":[],"class_list":["post-42297","post","type-post","status-publish","format-standard","has-post-thumbnail","hentry","category-principal"],"acf":[],"_links":{"self":[{"href":"https:\/\/www.opinionpublica.tv\/portada\/wp-json\/wp\/v2\/posts\/42297","targetHints":{"allow":["GET"]}}],"collection":[{"href":"https:\/\/www.opinionpublica.tv\/portada\/wp-json\/wp\/v2\/posts"}],"about":[{"href":"https:\/\/www.opinionpublica.tv\/portada\/wp-json\/wp\/v2\/types\/post"}],"author":[{"embeddable":true,"href":"https:\/\/www.opinionpublica.tv\/portada\/wp-json\/wp\/v2\/users\/6"}],"replies":[{"embeddable":true,"href":"https:\/\/www.opinionpublica.tv\/portada\/wp-json\/wp\/v2\/comments?post=42297"}],"version-history":[{"count":1,"href":"https:\/\/www.opinionpublica.tv\/portada\/wp-json\/wp\/v2\/posts\/42297\/revisions"}],"predecessor-version":[{"id":42299,"href":"https:\/\/www.opinionpublica.tv\/portada\/wp-json\/wp\/v2\/posts\/42297\/revisions\/42299"}],"wp:featuredmedia":[{"embeddable":true,"href":"https:\/\/www.opinionpublica.tv\/portada\/wp-json\/wp\/v2\/media\/42298"}],"wp:attachment":[{"href":"https:\/\/www.opinionpublica.tv\/portada\/wp-json\/wp\/v2\/media?parent=42297"}],"wp:term":[{"taxonomy":"category","embeddable":true,"href":"https:\/\/www.opinionpublica.tv\/portada\/wp-json\/wp\/v2\/categories?post=42297"},{"taxonomy":"post_tag","embeddable":true,"href":"https:\/\/www.opinionpublica.tv\/portada\/wp-json\/wp\/v2\/tags?post=42297"}],"curies":[{"name":"wp","href":"https:\/\/api.w.org\/{rel}","templated":true}]}}