{"id":42287,"date":"2024-08-21T18:43:52","date_gmt":"2024-08-22T00:43:52","guid":{"rendered":"https:\/\/www.opinionpublica.tv\/portada\/?p=42287"},"modified":"2024-08-21T18:46:32","modified_gmt":"2024-08-22T00:46:32","slug":"el-paraiso-criminal","status":"publish","type":"post","link":"https:\/\/www.opinionpublica.tv\/portada\/el-paraiso-criminal\/","title":{"rendered":"El para\u00edso criminal"},"content":{"rendered":"\n<p class=\"wp-block-paragraph\">Ra\u00fal Ruiz G\u00f3mez.<\/p>\n\n\n\n<p class=\"wp-block-paragraph\">\u00abNo lo fui a rescatar, s\u00f3lo imped\u00ed una detenci\u00f3n ilegal\u00bb, dijo Ulises Lara L\u00f3pez, encargado de despacho de la Fiscal\u00eda General de Justicia de la Ciudad de M\u00e9xico, con el alma henchida, inflamada, plena, del ombudsman que todos los fiscales, ministeriales y hombres de la ley, llevan dentro.<\/p>\n\n\n\n<p class=\"wp-block-paragraph\">Y a\u00f1adi\u00f3: \u201cTodos los actos de investigaci\u00f3n practicados por la Fiscal\u00eda Anticorrupci\u00f3n de Chihuahua fueron orquestados y planeados dolosamente con fines pol\u00edticos y no jur\u00eddicos\u00bb. As\u00ed, \u00a1categ\u00f3rico!, con el proceso a Corral, desbaratado, y cortado en rajas \u00abjulianas\u00bb, rebosantes de verdad absoluta.<\/p>\n\n\n\n<p class=\"wp-block-paragraph\">Cuidadoso a extremo, muy preocupado de que fuera cumplido&#8230; EL DEBIDO PROCESO.<\/p>\n\n\n\n<p class=\"wp-block-paragraph\">Oficioso defensor en esta parad\u00f3jica charada.<\/p>\n\n\n\n<p class=\"wp-block-paragraph\">Y agreg\u00f3&#8230;<\/p>\n\n\n\n<p class=\"wp-block-paragraph\">\u00abEsa dependencia chihuahuense, no forma parte del convenio de colaboraci\u00f3n entre fiscal\u00edas.<\/p>\n\n\n\n<p class=\"wp-block-paragraph\">Por lo tanto, la @FiscaliaCDMX presentar\u00e1 una denuncia ante la @FGRMexico contra quienes resulten responsables, por este acto il\u00edcito\u00bb. \u00a1T\u00f3mala!<\/p>\n\n\n\n<p class=\"wp-block-paragraph\">Nomamespancho.<\/p>\n\n\n\n<p class=\"wp-block-paragraph\">\u00bfAs\u00ed? O m\u00e1s protectores de Javier Corral Jurado.<\/p>\n\n\n\n<p class=\"wp-block-paragraph\">Aqu\u00ed no importan los hechos documentados.<\/p>\n\n\n\n<p class=\"wp-block-paragraph\">Anticipadamente se descalifican, y se desconoce la investidura institucional de la Fiscal\u00eda Anticorrupci\u00f3n del Estado de Chihuahua, como esos pa\u00edses que protegen a los criminales internacionales y no permiten extradici\u00f3n.<\/p>\n\n\n\n<p class=\"wp-block-paragraph\">Creo que tuvo m\u00e1s reconocimiento, presencia legal y jur\u00eddica, la FISCAL\u00cdA CIUDADANA ANTICORRUPCI\u00d3N, fundada por el &#8216;Puma&#8217; Jos\u00e9 Luis Rodr\u00edguez, Vicky Caraveo, y el legendario colectivo denominado CIUDADANOS VIGILANTES, all\u00e1 por el 2016.<\/p>\n\n\n\n<p class=\"wp-block-paragraph\">Por lo visto, en M\u00e9xico, priva la burocracia en trat\u00e1ndose de personajes \u00abcarnales\u00bb.<\/p>\n\n\n\n<p class=\"wp-block-paragraph\">Se requiere de una inscripci\u00f3n previa a la Liga de la Justicia, y un &#8216;CONVENIO DE COLABORACI\u00d3N\u00bb, autentificado y signado por todos los cofrades.<\/p>\n\n\n\n<p class=\"wp-block-paragraph\">Explicar\u00e9 que es un convenio de colaboraci\u00f3n.<\/p>\n\n\n\n<p class=\"wp-block-paragraph\">Convenio de colaboraci\u00f3n es un acuerdo formal entre dos o m\u00e1s entidades que deciden trabajar juntas en un proyecto o actividad espec\u00edfica.<\/p>\n\n\n\n<p class=\"wp-block-paragraph\">Este tipo de convenio puede darse entre diversas partes, como empresas, instituciones p\u00fablicas, organizaciones no gubernamentales, universidades, y m\u00e1s.<\/p>\n\n\n\n<p class=\"wp-block-paragraph\">Los convenios de colaboraci\u00f3n suelen incluir detalles sobre los objetivos del proyecto, las responsabilidades de cada parte, la distribuci\u00f3n de recursos y beneficios, y otros aspectos relevantes para asegurar una cooperaci\u00f3n efectiva.<\/p>\n\n\n\n<p class=\"wp-block-paragraph\">Bueno, pues en este rigor, la Fiscal\u00eda Anticorrupci\u00f3n del Gobierno de Chihuahua, no juega. No participa.<\/p>\n\n\n\n<p class=\"wp-block-paragraph\">De hecho no es reconocida por la gran comisi\u00f3n de fiscal\u00edas.<\/p>\n\n\n\n<p class=\"wp-block-paragraph\">Una gran oportunidad para los criminales, pues basta venir a territorio chihuahuita, cometer todos los delitos que se les antoje, y luego trasladarse a la CDMX, para evadir la justicia.<\/p>\n\n\n\n<p class=\"wp-block-paragraph\">El para\u00edso criminal.<\/p>\n","protected":false},"excerpt":{"rendered":"<p>Ra\u00fal Ruiz G\u00f3mez. \u00abNo lo fui a rescatar, s\u00f3lo imped\u00ed una detenci\u00f3n ilegal\u00bb, dijo Ulises Lara L\u00f3pez, encargado de despacho de la Fiscal\u00eda General de Justicia de la Ciudad de M\u00e9xico, con el alma henchida, inflamada, plena, del ombudsman que todos los fiscales, ministeriales y hombres de la ley, llevan dentro. Y a\u00f1adi\u00f3: \u201cTodos los [&hellip;]<\/p>\n","protected":false},"author":6,"featured_media":0,"comment_status":"open","ping_status":"open","sticky":false,"template":"","format":"standard","meta":{"_acf_changed":false,"_monsterinsights_skip_tracking":false,"slim_seo":{"title":"El para\u00edso criminal - Opini\u00f3n P\u00fablica","description":"Ra\u00fal Ruiz G\u00f3mez. \"No lo fui a rescatar, s\u00f3lo imped\u00ed una detenci\u00f3n ilegal\", dijo Ulises Lara L\u00f3pez, encargado de despacho de la Fiscal\u00eda General de Justicia de l"},"footnotes":""},"categories":[21],"tags":[],"class_list":["post-42287","post","type-post","status-publish","format-standard","hentry","category-cartapacio"],"acf":[],"_links":{"self":[{"href":"https:\/\/www.opinionpublica.tv\/portada\/wp-json\/wp\/v2\/posts\/42287","targetHints":{"allow":["GET"]}}],"collection":[{"href":"https:\/\/www.opinionpublica.tv\/portada\/wp-json\/wp\/v2\/posts"}],"about":[{"href":"https:\/\/www.opinionpublica.tv\/portada\/wp-json\/wp\/v2\/types\/post"}],"author":[{"embeddable":true,"href":"https:\/\/www.opinionpublica.tv\/portada\/wp-json\/wp\/v2\/users\/6"}],"replies":[{"embeddable":true,"href":"https:\/\/www.opinionpublica.tv\/portada\/wp-json\/wp\/v2\/comments?post=42287"}],"version-history":[{"count":2,"href":"https:\/\/www.opinionpublica.tv\/portada\/wp-json\/wp\/v2\/posts\/42287\/revisions"}],"predecessor-version":[{"id":42293,"href":"https:\/\/www.opinionpublica.tv\/portada\/wp-json\/wp\/v2\/posts\/42287\/revisions\/42293"}],"wp:attachment":[{"href":"https:\/\/www.opinionpublica.tv\/portada\/wp-json\/wp\/v2\/media?parent=42287"}],"wp:term":[{"taxonomy":"category","embeddable":true,"href":"https:\/\/www.opinionpublica.tv\/portada\/wp-json\/wp\/v2\/categories?post=42287"},{"taxonomy":"post_tag","embeddable":true,"href":"https:\/\/www.opinionpublica.tv\/portada\/wp-json\/wp\/v2\/tags?post=42287"}],"curies":[{"name":"wp","href":"https:\/\/api.w.org\/{rel}","templated":true}]}}