{"id":42248,"date":"2024-08-21T18:22:32","date_gmt":"2024-08-22T00:22:32","guid":{"rendered":"https:\/\/www.opinionpublica.tv\/portada\/?p=42248"},"modified":"2024-08-21T18:22:33","modified_gmt":"2024-08-22T00:22:33","slug":"pese-a-paro-nacional-reforma-al-poder-judicial-si-va-mier","status":"publish","type":"post","link":"https:\/\/www.opinionpublica.tv\/portada\/pese-a-paro-nacional-reforma-al-poder-judicial-si-va-mier\/","title":{"rendered":"Pese a paro nacional, \u201creforma al Poder Judicial s\u00ed va\u201d: Mier"},"content":{"rendered":"\n<figure class=\"wp-block-image size-full\"><img fetchpriority=\"high\" decoding=\"async\" width=\"570\" height=\"345\" src=\"https:\/\/www.opinionpublica.tv\/portada\/wp-content\/uploads\/2024\/08\/bcd3aa2ce8db61842ebbacaa584a5c12_XL.jpg\" alt=\"Bcd3aa2ce8db61842ebbacaa584a5c12 Xl\" class=\"wp-image-42249\" srcset=\"https:\/\/www.opinionpublica.tv\/portada\/wp-content\/uploads\/2024\/08\/bcd3aa2ce8db61842ebbacaa584a5c12_XL.jpg 570w, https:\/\/www.opinionpublica.tv\/portada\/wp-content\/uploads\/2024\/08\/bcd3aa2ce8db61842ebbacaa584a5c12_XL-300x182.jpg 300w\" sizes=\"(max-width: 570px) 100vw, 570px\" \/><\/figure>\n\n\n\n<p class=\"wp-block-paragraph\"><em>Ignacio Mier, coordinador de la bancada de Morena en la C\u00e1mara de Diputados.<\/em><\/p>\n\n\n\n<p class=\"wp-block-paragraph\"><em>Ciudad de M\u00e9xico<\/em>.- El coordinador de Morena en la C\u00e1mara de Diputados, Ignacio Mier, advirti\u00f3 que, pese al paro nacional de jueces, magistrados, ministros, y empleados del Poder Judicial de la federaci\u00f3n, la reforma en esa materia ser\u00e1 dictaminada el pr\u00f3ximo lunes 26 de agosto.<\/p>\n\n\n\n<p class=\"wp-block-paragraph\">\u201cLa C\u00e1mara de Diputados hizo un gran esfuerzo de hacer un amplio di\u00e1logo adem\u00e1s de los que ya se hab\u00edan realizado, ese ejercicio se hizo y se escucharon las voces de todos especialistas, los trabajadores del Poder Judicial de la Federaci\u00f3n, desde los propios ministros hasta el personal operativo se expresaron. Ahora el dictamen est\u00e1 circulando y una vez que sea discutido y en su caso aprobado, se remitir\u00e1 a la mesa directiva y continuar\u00e1 el proceso legislativo\u201d, asever\u00f3.<\/p>\n\n\n\n<p class=\"wp-block-paragraph\">El l\u00edder guinda, dijo que Morena escuch\u00f3 todas las voces, incluidos 40 % de trabajadores que han realizado en carrera judicial y hasta ocho ex\u00e1menes para ser promovidos de jueces a magistrados: \u201cHan hecho ocho ex\u00e1menes para ser promovidos y finalmente, en los ex\u00e1menes de oposici\u00f3n, lo que prevalece no es solo el puntaje sino quienes tienen un padrino arriba, entonces esto se va a acabar\u201d.<\/p>\n\n\n\n<p class=\"wp-block-paragraph\">Record\u00f3 que desde que comenzaron los foros, advirtieron que su propuesta \u201cno era la biblia\u201d ni \u201cuna posici\u00f3n m\u00edstica pura de lo intocado\u201d, pero tampoco iba a ser el liberalismo a ultranza de cambiarlo todo.<\/p>\n\n\n\n<p class=\"wp-block-paragraph\">\u201cEra de acercamientos y creo que finalmente como qued\u00f3 confeccionado abre la posibilidad de garantizar todos los derechos a los trabajadores, incluidos los ministros y magistrados, y por otro lado la posibilidad de que en condiciones de equidad y de transparencia puedan aspirar todos los que tienen carrera judicial, a que sin que haya favoritismo, puedan ser electos por el pueblo de M\u00e9xico\u201d, detall\u00f3.<\/p>\n\n\n\n<p class=\"wp-block-paragraph\">Mier Velazco, dijo que quienes se levantaron en paro est\u00e1n en su derecho, pero los acus\u00f3 de formar parte de una composici\u00f3n \u201ccasi feudal\u201d del Poder Judicial.<\/p>\n\n\n\n<p class=\"wp-block-paragraph\">\u201cHay una discrepancia de los trabajadores porque es normal y natural, no hay que olvidar que el 57% casi el 60% de quienes se manifiestan tienen una relaci\u00f3n directa familiar y de amistad de grupo, en esa composici\u00f3n casi feudal que tiene el Consejo de la Judicatura Federal a trav\u00e9s de los estados, y ellos son los que utilizan esta incertidumbre para desinformar a los trabajadores\u201d, asever\u00f3.<\/p>\n\n\n\n<p class=\"wp-block-paragraph\">Por lo anterior, los llam\u00f3 a \u201cinteriorizar\u201d la reforma: \u201cYo creo que deben de interiorizar, reflexionar. Si se hace una revisi\u00f3n del cuadro comparativo que est\u00e1 circulando sobre el dictamen de la iniciativa y lo que qued\u00f3 establecido en los criterios, se levantar\u00eda el paro\u201d.<\/p>\n\n\n\n<p class=\"wp-block-paragraph\">Finalmente, Ignacio Mier advirti\u00f3 dijo que le parecer \u201cbuena idea\u201d la propuesta que el presidente Andr\u00e9s Manuel L\u00f3pez Obrador plante\u00f3 la ma\u00f1ana de este martes, para hacer una adenda a la reforma del Poder Judicial, a fin de proteger a jueces y ministros del crimen organizado.<\/p>\n\n\n\n<p class=\"wp-block-paragraph\">\u201cHoy la escuch\u00e9 y creo que es buena idea, se me hace oportuno poder presentar una reserva cuando se est\u00e9 discutiendo para garantizar se preserve la seguridad de juzgadores. Vamos a analizarlo\u201d, concluy\u00f3. (El Universal)<br><br><\/p>\n","protected":false},"excerpt":{"rendered":"<p>Ignacio Mier, coordinador de la bancada de Morena en la C\u00e1mara de Diputados. Ciudad de M\u00e9xico.- El coordinador de Morena en la C\u00e1mara de Diputados, Ignacio Mier, advirti\u00f3 que, pese al paro nacional de jueces, magistrados, ministros, y empleados del Poder Judicial de la federaci\u00f3n, la reforma en esa materia ser\u00e1 dictaminada el pr\u00f3ximo lunes [&hellip;]<\/p>\n","protected":false},"author":6,"featured_media":42249,"comment_status":"open","ping_status":"open","sticky":false,"template":"","format":"standard","meta":{"_acf_changed":false,"_monsterinsights_skip_tracking":false,"slim_seo":{"title":"Pese a paro nacional, \u201creforma al Poder Judicial s\u00ed va\u201d: Mier - Opini\u00f3n P\u00fablica","description":"Ignacio Mier, coordinador de la bancada de Morena en la C\u00e1mara de Diputados. Ciudad de M\u00e9xico .- El coordinador de Morena en la C\u00e1mara de Diputados, Ignacio Mie"},"footnotes":""},"categories":[4],"tags":[],"class_list":["post-42248","post","type-post","status-publish","format-standard","has-post-thumbnail","hentry","category-pulsopolitico"],"acf":[],"_links":{"self":[{"href":"https:\/\/www.opinionpublica.tv\/portada\/wp-json\/wp\/v2\/posts\/42248","targetHints":{"allow":["GET"]}}],"collection":[{"href":"https:\/\/www.opinionpublica.tv\/portada\/wp-json\/wp\/v2\/posts"}],"about":[{"href":"https:\/\/www.opinionpublica.tv\/portada\/wp-json\/wp\/v2\/types\/post"}],"author":[{"embeddable":true,"href":"https:\/\/www.opinionpublica.tv\/portada\/wp-json\/wp\/v2\/users\/6"}],"replies":[{"embeddable":true,"href":"https:\/\/www.opinionpublica.tv\/portada\/wp-json\/wp\/v2\/comments?post=42248"}],"version-history":[{"count":1,"href":"https:\/\/www.opinionpublica.tv\/portada\/wp-json\/wp\/v2\/posts\/42248\/revisions"}],"predecessor-version":[{"id":42250,"href":"https:\/\/www.opinionpublica.tv\/portada\/wp-json\/wp\/v2\/posts\/42248\/revisions\/42250"}],"wp:featuredmedia":[{"embeddable":true,"href":"https:\/\/www.opinionpublica.tv\/portada\/wp-json\/wp\/v2\/media\/42249"}],"wp:attachment":[{"href":"https:\/\/www.opinionpublica.tv\/portada\/wp-json\/wp\/v2\/media?parent=42248"}],"wp:term":[{"taxonomy":"category","embeddable":true,"href":"https:\/\/www.opinionpublica.tv\/portada\/wp-json\/wp\/v2\/categories?post=42248"},{"taxonomy":"post_tag","embeddable":true,"href":"https:\/\/www.opinionpublica.tv\/portada\/wp-json\/wp\/v2\/tags?post=42248"}],"curies":[{"name":"wp","href":"https:\/\/api.w.org\/{rel}","templated":true}]}}