{"id":42242,"date":"2024-08-21T17:28:53","date_gmt":"2024-08-21T23:28:53","guid":{"rendered":"https:\/\/www.opinionpublica.tv\/portada\/?p=42242"},"modified":"2024-08-21T17:30:53","modified_gmt":"2024-08-21T23:30:53","slug":"entrega-dif-aparatos-auditivos-y-sillas-a-adultos-mayores","status":"publish","type":"post","link":"https:\/\/www.opinionpublica.tv\/portada\/entrega-dif-aparatos-auditivos-y-sillas-a-adultos-mayores\/","title":{"rendered":"Entrega DIF aparatos auditivos y sillas a adultos mayores"},"content":{"rendered":"\n<figure class=\"wp-block-image size-full\"><img fetchpriority=\"high\" decoding=\"async\" width=\"570\" height=\"380\" src=\"https:\/\/www.opinionpublica.tv\/portada\/wp-content\/uploads\/2024\/08\/04f9b22b559be9097d36f85f5a01b105_XL.jpg\" alt=\"04f9b22b559be9097d36f85f5a01b105 Xl\" class=\"wp-image-42243\" srcset=\"https:\/\/www.opinionpublica.tv\/portada\/wp-content\/uploads\/2024\/08\/04f9b22b559be9097d36f85f5a01b105_XL.jpg 570w, https:\/\/www.opinionpublica.tv\/portada\/wp-content\/uploads\/2024\/08\/04f9b22b559be9097d36f85f5a01b105_XL-300x200.jpg 300w\" sizes=\"(max-width: 570px) 100vw, 570px\" \/><\/figure>\n\n\n\n<p class=\"wp-block-paragraph\"><em>Durante la presente administraci\u00f3n se han invertido 14 millones de pesos en este programa.<\/em><\/p>\n\n\n\n<p class=\"wp-block-paragraph\"><em>Ciudad Ju\u00e1rez, Chih<\/em>.- Con el objetivo de que mejore su calidad de vida, el DIF Municipal realiz\u00f3 este d\u00eda la entrega de 100 aparatos funcionales y auditivos a personas en condici\u00f3n prioritaria.<\/p>\n\n\n\n<p class=\"wp-block-paragraph\">El evento estuvo encabezado por el alcalde, Cruz P\u00e9rez Cu\u00e9llar y la presidenta del DIF Municipal, Rub\u00ed Enr\u00edquez, quienes realizaron una entrega simb\u00f3lica a 10 beneficiarios.<\/p>\n\n\n\n<p class=\"wp-block-paragraph\">Rub\u00ed Enr\u00edquez resalt\u00f3 la importancia y emotividad de estos eventos, subrayando que la entrega de estos aparatos tiene un impacto profundo en la vida de los beneficiarios.<\/p>\n\n\n\n<p class=\"wp-block-paragraph\">Se\u00f1al\u00f3 que durante la presente administraci\u00f3n se han invertido ya 14 millones de pesos en este programa, una cifra r\u00e9cord que refleja el compromiso del DIF con las personas en situaci\u00f3n de vulnerabilidad.<\/p>\n\n\n\n<p class=\"wp-block-paragraph\">Por su parte, el alcalde, Cruz P\u00e9rez Cu\u00e9llar, felicit\u00f3 a la Presidenta del DIF y a su equipo de trabajo por su destacada labor en beneficio de la comunidad.<\/p>\n\n\n\n<p class=\"wp-block-paragraph\">Expres\u00f3 que estas acciones representan un importante esfuerzo del Gobierno Municipal para mejorar las condiciones de vida de las personas con alguna discapacidad, contribuyendo as\u00ed a un cambio positivo en su d\u00eda a d\u00eda.<\/p>\n\n\n\n<p class=\"wp-block-paragraph\">Uno de los beneficiarios es Francisco De Paula V\u00e1zquez, quien expres\u00f3 su profundo agradecimiento por el apoyo recibido.<\/p>\n\n\n\n<p class=\"wp-block-paragraph\">Resalt\u00f3 que no solo se ha beneficiado a ciudadanos juarenses, sino tambi\u00e9n a personas de otras nacionalidades, como \u00e9l, quien siendo de origen cubano tuvo la oportunidad de acceder a este valioso apoyo que transformar\u00e1 su vida.<br><br><\/p>\n","protected":false},"excerpt":{"rendered":"<p>Durante la presente administraci\u00f3n se han invertido 14 millones de pesos en este programa. Ciudad Ju\u00e1rez, Chih.- Con el objetivo de que mejore su calidad de vida, el DIF Municipal realiz\u00f3 este d\u00eda la entrega de 100 aparatos funcionales y auditivos a personas en condici\u00f3n prioritaria. El evento estuvo encabezado por el alcalde, Cruz P\u00e9rez [&hellip;]<\/p>\n","protected":false},"author":6,"featured_media":42243,"comment_status":"open","ping_status":"open","sticky":false,"template":"","format":"standard","meta":{"_acf_changed":false,"_monsterinsights_skip_tracking":false,"slim_seo":{"title":"Entrega DIF aparatos auditivos y sillas a adultos mayores - Opini\u00f3n P\u00fablica","description":"Durante la presente administraci\u00f3n se han invertido 14 millones de pesos en este programa. Ciudad Ju\u00e1rez, Chih .- Con el objetivo de que mejore su calidad de vi"},"footnotes":""},"categories":[41],"tags":[],"class_list":["post-42242","post","type-post","status-publish","format-standard","has-post-thumbnail","hentry","category-juarez"],"acf":[],"_links":{"self":[{"href":"https:\/\/www.opinionpublica.tv\/portada\/wp-json\/wp\/v2\/posts\/42242","targetHints":{"allow":["GET"]}}],"collection":[{"href":"https:\/\/www.opinionpublica.tv\/portada\/wp-json\/wp\/v2\/posts"}],"about":[{"href":"https:\/\/www.opinionpublica.tv\/portada\/wp-json\/wp\/v2\/types\/post"}],"author":[{"embeddable":true,"href":"https:\/\/www.opinionpublica.tv\/portada\/wp-json\/wp\/v2\/users\/6"}],"replies":[{"embeddable":true,"href":"https:\/\/www.opinionpublica.tv\/portada\/wp-json\/wp\/v2\/comments?post=42242"}],"version-history":[{"count":1,"href":"https:\/\/www.opinionpublica.tv\/portada\/wp-json\/wp\/v2\/posts\/42242\/revisions"}],"predecessor-version":[{"id":42244,"href":"https:\/\/www.opinionpublica.tv\/portada\/wp-json\/wp\/v2\/posts\/42242\/revisions\/42244"}],"wp:featuredmedia":[{"embeddable":true,"href":"https:\/\/www.opinionpublica.tv\/portada\/wp-json\/wp\/v2\/media\/42243"}],"wp:attachment":[{"href":"https:\/\/www.opinionpublica.tv\/portada\/wp-json\/wp\/v2\/media?parent=42242"}],"wp:term":[{"taxonomy":"category","embeddable":true,"href":"https:\/\/www.opinionpublica.tv\/portada\/wp-json\/wp\/v2\/categories?post=42242"},{"taxonomy":"post_tag","embeddable":true,"href":"https:\/\/www.opinionpublica.tv\/portada\/wp-json\/wp\/v2\/tags?post=42242"}],"curies":[{"name":"wp","href":"https:\/\/api.w.org\/{rel}","templated":true}]}}