{"id":41520,"date":"2024-01-09T07:00:00","date_gmt":"2024-01-09T06:00:00","guid":{"rendered":"https:\/\/www.opinionpublica.tv\/portada\/2024\/01\/09\/video-evangelio-de-hoy-martes-9-de-enero-de-2024\/"},"modified":"2024-01-09T07:00:00","modified_gmt":"2024-01-09T06:00:00","slug":"video-evangelio-de-hoy-martes-9-de-enero-de-2024","status":"publish","type":"post","link":"https:\/\/www.opinionpublica.tv\/portada\/video-evangelio-de-hoy-martes-9-de-enero-de-2024\/","title":{"rendered":"Video: Evangelio de hoy, martes 9 de enero de 2024"},"content":{"rendered":"<p><img fetchpriority=\"high\" decoding=\"async\" class=\" size-full wp-image-41519\" src=\"https:\/\/www.opinionpublica.tv\/portada\/wp-content\/uploads\/2024\/01\/26a3183946d0e173ab35620150f2a05e.jpg\" alt=\"\" width=\"640\" height=\"359\" srcset=\"https:\/\/www.opinionpublica.tv\/portada\/wp-content\/uploads\/2024\/01\/26a3183946d0e173ab35620150f2a05e.jpg 640w, https:\/\/www.opinionpublica.tv\/portada\/wp-content\/uploads\/2024\/01\/26a3183946d0e173ab35620150f2a05e-300x168.jpg 300w\" sizes=\"(max-width: 640px) 100vw, 640px\" \/><br \/>\n<!--more--><\/p>\n<p style=\"text-align: justify;\">\u00abJes\u00fas, pues, resucit\u00f3 en la madrugada del primer d\u00eda de la semana.\u00bb Marcos 16:9-15.<\/p>\n<div class=\"k2_video\"><a href=\"https:\/\/www.youtube.com\/watch?v=HczdpHjdHpQ?si=uyHNnlai3AxufO9x\">https:\/\/www.youtube.com\/watch?v=HczdpHjdHpQ?si=uyHNnlai3AxufO9x<\/a>\n<\/div>\n","protected":false},"excerpt":{"rendered":"","protected":false},"author":6,"featured_media":41519,"comment_status":"open","ping_status":"open","sticky":false,"template":"","format":"standard","meta":{"_acf_changed":false,"_monsterinsights_skip_tracking":false,"slim_seo":{"title":"Video: Evangelio de hoy, martes 9 de enero de 2024 - Opini\u00f3n P\u00fablica","description":"\"Jes\u00fas, pues, resucit\u00f3 en la madrugada del primer d\u00eda de la semana.\" Marcos 16:9-15."},"footnotes":""},"categories":[8],"tags":[],"class_list":["post-41520","post","type-post","status-publish","format-standard","has-post-thumbnail","hentry","category-videos"],"acf":[],"_links":{"self":[{"href":"https:\/\/www.opinionpublica.tv\/portada\/wp-json\/wp\/v2\/posts\/41520","targetHints":{"allow":["GET"]}}],"collection":[{"href":"https:\/\/www.opinionpublica.tv\/portada\/wp-json\/wp\/v2\/posts"}],"about":[{"href":"https:\/\/www.opinionpublica.tv\/portada\/wp-json\/wp\/v2\/types\/post"}],"author":[{"embeddable":true,"href":"https:\/\/www.opinionpublica.tv\/portada\/wp-json\/wp\/v2\/users\/6"}],"replies":[{"embeddable":true,"href":"https:\/\/www.opinionpublica.tv\/portada\/wp-json\/wp\/v2\/comments?post=41520"}],"version-history":[{"count":0,"href":"https:\/\/www.opinionpublica.tv\/portada\/wp-json\/wp\/v2\/posts\/41520\/revisions"}],"wp:featuredmedia":[{"embeddable":true,"href":"https:\/\/www.opinionpublica.tv\/portada\/wp-json\/wp\/v2\/media\/41519"}],"wp:attachment":[{"href":"https:\/\/www.opinionpublica.tv\/portada\/wp-json\/wp\/v2\/media?parent=41520"}],"wp:term":[{"taxonomy":"category","embeddable":true,"href":"https:\/\/www.opinionpublica.tv\/portada\/wp-json\/wp\/v2\/categories?post=41520"},{"taxonomy":"post_tag","embeddable":true,"href":"https:\/\/www.opinionpublica.tv\/portada\/wp-json\/wp\/v2\/tags?post=41520"}],"curies":[{"name":"wp","href":"https:\/\/api.w.org\/{rel}","templated":true}]}}