{"id":41516,"date":"2024-01-09T07:00:00","date_gmt":"2024-01-09T06:00:00","guid":{"rendered":"https:\/\/www.opinionpublica.tv\/portada\/2024\/01\/09\/querido-teto\/"},"modified":"2024-01-09T07:00:00","modified_gmt":"2024-01-09T06:00:00","slug":"querido-teto","status":"publish","type":"post","link":"https:\/\/www.opinionpublica.tv\/portada\/querido-teto\/","title":{"rendered":"Querido Teto"},"content":{"rendered":"<p><img fetchpriority=\"high\" decoding=\"async\" class=\" size-full wp-image-41514\" src=\"https:\/\/www.opinionpublica.tv\/portada\/wp-content\/uploads\/2024\/01\/1e8d75aceb6e3fafe0509328c6508e5e.jpg\" alt=\"\" width=\"570\" height=\"354\" srcset=\"https:\/\/www.opinionpublica.tv\/portada\/wp-content\/uploads\/2024\/01\/1e8d75aceb6e3fafe0509328c6508e5e.jpg 570w, https:\/\/www.opinionpublica.tv\/portada\/wp-content\/uploads\/2024\/01\/1e8d75aceb6e3fafe0509328c6508e5e-300x186.jpg 300w\" sizes=\"(max-width: 570px) 100vw, 570px\" \/><\/p>\n<p style=\"text-align: justify;\">La ciudadan\u00eda te recuerda en tus encargos de servidor p\u00fablico principalmente en el de presidente municipal, o en cualquiera de los puestos que ocupaste en tu larga trayectoria.<\/p>\n<p><!--more--><\/p>\n<p style=\"text-align: justify;\">Para otros, queda el amigo sensible y apasionado, conmovido hasta las l\u00e1grimas cuando de sentimientos se trataba; aunque todos coincidimos en una caracter\u00edstica que te distingui\u00f3: tu car\u00e1cter explosivo, alegre y voluntarioso, due\u00f1o de una fuerte determinaci\u00f3n para llevar a cabo tus proyectos.<\/p>\n<p style=\"text-align: justify;\">Pero tal vez muy pocas personas te recuerdan empe\u00f1ado y empe\u00f1oso en ganar las elecciones de lo que a la postre fue tu primer puesto pol\u00edtico: Presidente de la sociedad de alumnos de la Escuela Preparatoria Federal diurna por cooperaci\u00f3n que en ese entonces (1969) operaba en las instalaciones de la secundaria del Parque Borunda.<\/p>\n<p style=\"text-align: justify;\"><img decoding=\"async\" class=\" size-full wp-image-41515\" src=\"https:\/\/www.opinionpublica.tv\/portada\/wp-content\/uploads\/2024\/01\/teto.jpeg\" width=\"570\" height=\"354\" srcset=\"https:\/\/www.opinionpublica.tv\/portada\/wp-content\/uploads\/2024\/01\/teto.jpeg 570w, https:\/\/www.opinionpublica.tv\/portada\/wp-content\/uploads\/2024\/01\/teto-300x186.jpeg 300w\" sizes=\"(max-width: 570px) 100vw, 570px\" \/><\/p>\n<p style=\"text-align: justify;\">Algunos conocimos los entre telones de tu primera campa\u00f1a pol\u00edtica: para empezar, que fue un asunto de tres: Tu, una amiga y compa\u00f1era estudiante de la preparatoria federal nocturna y su novio. Supimos que, en la cocina de la casa de ella, se escribi\u00f3 tu primera propuesta de campa\u00f1a, por cierto, en una Olivetti lettera 32 de pl\u00e1stico color rojo.<\/p>\n<p style=\"text-align: justify;\">As\u00ed, mientras le dictabas a tu amiga que remodelar\u00edas el laboratorio de qu\u00edmica, arreglar\u00edas las gradas de las canchas y le dar\u00edas una pintada a la biblioteca, su novio dibujaba carteles en colores fuertes e inventaba slogans de campa\u00f1a: \u2018Vota por TETO\u2019, \u2018Por Una Escuela Equipada TETO\u2019 y as\u00ed por el estilo.<\/p>\n<p style=\"text-align: justify;\">La campa\u00f1a tuvo algo de rom\u00e1ntico y otro tanto de juego. \u00bfRecuerdas el d\u00eda de la elecci\u00f3n? como parte de la estrategia la preparatoria diurna amaneci\u00f3 tapizada con tu publicidad. Eso y el buen discurso emotivo que diste antes de la votaci\u00f3n te dio el triunfo por abrumadora mayor\u00eda.<\/p>\n<p style=\"text-align: justify;\">Entre tanto, tu amiga esperaba los resultados sentada en la banqueta de enfrente de la escuela hasta que te asomaste por las rejas para gritarle: \u00a1Ganamos!<\/p>\n<p style=\"text-align: justify;\">Querido Teto: segura estoy que ah\u00ed naci\u00f3 nuestra gran amistad y se forj\u00f3 al pol\u00edtico comprometido con las causas m\u00e1s nobles.<\/p>\n<p style=\"text-align: justify;\">Me habl\u00f3 tu pintor de carteles y creador de slogans, est\u00e1 muy triste y yo tambi\u00e9n, pero debemos hacernos a la idea que por ah\u00ed andas tramando otra campa\u00f1a pol\u00edtica en el lugar donde est\u00e9s.<\/p>\n","protected":false},"excerpt":{"rendered":"<p>La ciudadan\u00eda te recuerda en tus encargos de servidor p\u00fablico principalmente en el de presidente municipal, o en cualquiera de los puestos que ocupaste en tu larga trayectoria.<\/p>\n","protected":false},"author":6,"featured_media":41514,"comment_status":"open","ping_status":"open","sticky":false,"template":"","format":"standard","meta":{"_acf_changed":false,"_monsterinsights_skip_tracking":false,"slim_seo":{"title":"Querido Teto - Opini\u00f3n P\u00fablica","description":"La ciudadan\u00eda te recuerda en tus encargos de servidor p\u00fablico principalmente en el de presidente municipal, o en cualquiera de los puestos que ocupaste en tu la"},"footnotes":""},"categories":[36],"tags":[968],"class_list":["post-41516","post","type-post","status-publish","format-standard","has-post-thumbnail","hentry","category-pensandola-bien","tag-myrna-pastrana"],"acf":[],"_links":{"self":[{"href":"https:\/\/www.opinionpublica.tv\/portada\/wp-json\/wp\/v2\/posts\/41516","targetHints":{"allow":["GET"]}}],"collection":[{"href":"https:\/\/www.opinionpublica.tv\/portada\/wp-json\/wp\/v2\/posts"}],"about":[{"href":"https:\/\/www.opinionpublica.tv\/portada\/wp-json\/wp\/v2\/types\/post"}],"author":[{"embeddable":true,"href":"https:\/\/www.opinionpublica.tv\/portada\/wp-json\/wp\/v2\/users\/6"}],"replies":[{"embeddable":true,"href":"https:\/\/www.opinionpublica.tv\/portada\/wp-json\/wp\/v2\/comments?post=41516"}],"version-history":[{"count":0,"href":"https:\/\/www.opinionpublica.tv\/portada\/wp-json\/wp\/v2\/posts\/41516\/revisions"}],"wp:featuredmedia":[{"embeddable":true,"href":"https:\/\/www.opinionpublica.tv\/portada\/wp-json\/wp\/v2\/media\/41514"}],"wp:attachment":[{"href":"https:\/\/www.opinionpublica.tv\/portada\/wp-json\/wp\/v2\/media?parent=41516"}],"wp:term":[{"taxonomy":"category","embeddable":true,"href":"https:\/\/www.opinionpublica.tv\/portada\/wp-json\/wp\/v2\/categories?post=41516"},{"taxonomy":"post_tag","embeddable":true,"href":"https:\/\/www.opinionpublica.tv\/portada\/wp-json\/wp\/v2\/tags?post=41516"}],"curies":[{"name":"wp","href":"https:\/\/api.w.org\/{rel}","templated":true}]}}