{"id":41513,"date":"2024-01-09T07:00:00","date_gmt":"2024-01-09T06:00:00","guid":{"rendered":"https:\/\/www.opinionpublica.tv\/portada\/2024\/01\/09\/confirma-ine-que-no-habra-candidato-presidencial-independiente-en-elecciones-de-2024\/"},"modified":"2024-01-09T07:00:00","modified_gmt":"2024-01-09T06:00:00","slug":"confirma-ine-que-no-habra-candidato-presidencial-independiente-en-elecciones-de-2024","status":"publish","type":"post","link":"https:\/\/www.opinionpublica.tv\/portada\/confirma-ine-que-no-habra-candidato-presidencial-independiente-en-elecciones-de-2024\/","title":{"rendered":"Confirma el INE que no habr\u00e1 candidato presidencial independiente en este 2024"},"content":{"rendered":"<p><img fetchpriority=\"high\" decoding=\"async\" class=\" size-full wp-image-41512\" src=\"https:\/\/www.opinionpublica.tv\/portada\/wp-content\/uploads\/2024\/01\/f433f13fb0fe5939ae954eefc957e127.jpg\" alt=\"\" class=\"caption\" title=\"El aspirante que m\u00e1s apoyos logr\u00f3 juntar fue el cantante Eduardo Ver\u00e1stegui con 14.47%.\" width=\"800\" height=\"600\" srcset=\"https:\/\/www.opinionpublica.tv\/portada\/wp-content\/uploads\/2024\/01\/f433f13fb0fe5939ae954eefc957e127.jpg 800w, https:\/\/www.opinionpublica.tv\/portada\/wp-content\/uploads\/2024\/01\/f433f13fb0fe5939ae954eefc957e127-300x225.jpg 300w, https:\/\/www.opinionpublica.tv\/portada\/wp-content\/uploads\/2024\/01\/f433f13fb0fe5939ae954eefc957e127-768x576.jpg 768w\" sizes=\"(max-width: 800px) 100vw, 800px\" \/><br \/>\n<!--more--><\/p>\n<p style=\"text-align: justify;\"><em>Ciudad de M\u00e9xico<\/em>.- El Instituto Nacional Electoral (INE) inform\u00f3 que ninguno de los aspirantes presidenciales independientes cumpli\u00f3 con los requisitos para continuar en el Proceso Electoral Federal 2023-2024 por lo que en la boleta electoral del 2 de junio no habr\u00e1 candidato presidencial independiente.<\/p>\n<p style=\"text-align: justify;\">En un comunicado, el INE indic\u00f3 que el s\u00e1bado 6 de enero de 2024 concluy\u00f3 el periodo de recopilaci\u00f3n de apoyos de la ciudadan\u00eda para seis de las nueve personas aspirantes a una candidatura independiente a la Presidencia de la Rep\u00fablica.<\/p>\n<p style=\"text-align: justify;\">\u201cSin embargo, ninguna de ellas alcanz\u00f3 el umbral establecido de al menos 1% de la Lista Nominal de Electores y que pertenecieran a, como m\u00ednimo, 17 entidades federativas\u201d, se\u00f1ala el \u00f3rgano electoral en el comunicado.<\/p>\n<p style=\"text-align: justify;\">Los nueve aspirantes independientes que obtuvieron su constancia oficial deb\u00edan conseguir el respaldo de 961 mil 405 ciudadanas y ciudadanos inscritos en la Lista Nominal del pa\u00eds.<\/p>\n<p style=\"text-align: justify;\">De acuerdo con la informaci\u00f3n proporcionada por el INE, el aspirante que m\u00e1s apoyos logr\u00f3 juntar fue el cantante Eduardo Ver\u00e1stegui y en segundo lugar se ubic\u00f3 el ex gobernador Ulises Ruiz.<\/p>\n<p style=\"text-align: justify;\">Con corte al 1 de enero de 2024, esto fue o contabilizado:<\/p>\n<p style=\"text-align: justify;\">Roc\u00edo Gabriela Gonz\u00e1lez Casta\u00f1eda: el 0.01%<\/p>\n<p style=\"text-align: justify;\">Mar\u00eda Ofelia Edgar Mares: el 0.02%<\/p>\n<p style=\"text-align: justify;\">Hugo Eric Flores Cervantes: el 0.00%<\/p>\n<p style=\"text-align: justify;\">Jos\u00e9 Eduardo Ver\u00e1stegui C\u00f3rdoba: el 14.47%<\/p>\n<p style=\"text-align: justify;\">C\u00e9sar Enrique Asiain Del Castillo: el 0.04%;<\/p>\n<p style=\"text-align: justify;\">Ulises Ernesto Ruiz Ortiz: el 6.22%<\/p>\n<p style=\"text-align: justify;\">Fernando Mauricio Jim\u00e9nez Ch\u00e1vez: el 0.01%;<\/p>\n<p style=\"text-align: justify;\">Ignacio Benavente Torres: el 0.03%,<\/p>\n<p style=\"text-align: justify;\">Manuel Antonio Romo Aguirre, el 0.00%.<\/p>\n<p style=\"text-align: justify;\">A\u00fan faltan contar las firmas recolectadas desde el 2 de enero y hasta el 6 de enero de 2024, d\u00eda que venci\u00f3 el plazo, por lo que los aspirantes tienen hasta 24 horas para enviar a oficinas centrales del INE la totalidad de los apoyos captados, por lo que los porcentajes que se indican pudieran variar al final.<\/p>\n<p style=\"text-align: justify;\"><em>Con informaci\u00f3n de Exc\u00e9lsior<\/em>.<\/p>\n","protected":false},"excerpt":{"rendered":"","protected":false},"author":6,"featured_media":41512,"comment_status":"open","ping_status":"open","sticky":false,"template":"","format":"standard","meta":{"_acf_changed":false,"_monsterinsights_skip_tracking":false,"slim_seo":{"title":"Confirma el INE que no habr\u00e1 candidato presidencial independiente en este 2024 - Opini\u00f3n P\u00fablica","description":"Ciudad de M\u00e9xico .- El Instituto Nacional Electoral (INE) inform\u00f3 que ninguno de los aspirantes presidenciales independientes cumpli\u00f3 con los requisitos para co"},"footnotes":""},"categories":[3],"tags":[],"class_list":["post-41513","post","type-post","status-publish","format-standard","has-post-thumbnail","hentry","category-principal"],"acf":[],"_links":{"self":[{"href":"https:\/\/www.opinionpublica.tv\/portada\/wp-json\/wp\/v2\/posts\/41513","targetHints":{"allow":["GET"]}}],"collection":[{"href":"https:\/\/www.opinionpublica.tv\/portada\/wp-json\/wp\/v2\/posts"}],"about":[{"href":"https:\/\/www.opinionpublica.tv\/portada\/wp-json\/wp\/v2\/types\/post"}],"author":[{"embeddable":true,"href":"https:\/\/www.opinionpublica.tv\/portada\/wp-json\/wp\/v2\/users\/6"}],"replies":[{"embeddable":true,"href":"https:\/\/www.opinionpublica.tv\/portada\/wp-json\/wp\/v2\/comments?post=41513"}],"version-history":[{"count":0,"href":"https:\/\/www.opinionpublica.tv\/portada\/wp-json\/wp\/v2\/posts\/41513\/revisions"}],"wp:featuredmedia":[{"embeddable":true,"href":"https:\/\/www.opinionpublica.tv\/portada\/wp-json\/wp\/v2\/media\/41512"}],"wp:attachment":[{"href":"https:\/\/www.opinionpublica.tv\/portada\/wp-json\/wp\/v2\/media?parent=41513"}],"wp:term":[{"taxonomy":"category","embeddable":true,"href":"https:\/\/www.opinionpublica.tv\/portada\/wp-json\/wp\/v2\/categories?post=41513"},{"taxonomy":"post_tag","embeddable":true,"href":"https:\/\/www.opinionpublica.tv\/portada\/wp-json\/wp\/v2\/tags?post=41513"}],"curies":[{"name":"wp","href":"https:\/\/api.w.org\/{rel}","templated":true}]}}