{"id":41511,"date":"2024-01-09T07:00:00","date_gmt":"2024-01-09T06:00:00","guid":{"rendered":"https:\/\/www.opinionpublica.tv\/portada\/2024\/01\/09\/piden-extremar-precauciones-con-el-uso-de-calentones\/"},"modified":"2024-01-09T07:00:00","modified_gmt":"2024-01-09T06:00:00","slug":"piden-extremar-precauciones-con-el-uso-de-calentones","status":"publish","type":"post","link":"https:\/\/www.opinionpublica.tv\/portada\/piden-extremar-precauciones-con-el-uso-de-calentones\/","title":{"rendered":"Piden extremar precauciones con el uso de los calentones"},"content":{"rendered":"<p><img fetchpriority=\"high\" decoding=\"async\" class=\" size-full wp-image-41510\" src=\"https:\/\/www.opinionpublica.tv\/portada\/wp-content\/uploads\/2024\/01\/7ae5433b97ed30f1ab2cdc6e8eae0e93.jpg\" alt=\"\" class=\"caption\" title=\"Durante esta temporada invernal se han atendido 16 servicios de emergencia.\" width=\"268\" height=\"188\" \/><br \/>\n<!--more--><\/p>\n<p style=\"text-align: justify;\"><em>Ciudad Ju\u00e1rez, Chih<\/em>.- La Direcci\u00f3n General de Protecci\u00f3n Civil reitera su llamado urgente a la ciudadan\u00eda para extremar precauciones en el uso y manejo de calentones, calefacciones y calentadores de agua de paso, ante el ingreso del frente fr\u00edo n\u00famero 20 a la regi\u00f3n, mencion\u00f3 Roberto Briones Mota, titular de la dependencia.<\/p>\n<p style=\"text-align: justify;\">El funcionario inform\u00f3 que durante la presente temporada invernal la dependencia ha atendido 16 servicios de emergencia relacionados con s\u00edntomas de intoxicaci\u00f3n por mon\u00f3xido de carbono, ocho de estos casos involucran a menores de edad, aunque hasta el momento no se han reportado decesos.<\/p>\n<p style=\"text-align: justify;\">Briones Mota advirti\u00f3 sobre la pr\u00e1ctica com\u00fan de instalar calentadores de agua en el interior del ba\u00f1o, lo cual puede conducir a intoxicaciones y en casos extremos, a p\u00e9rdidas de vidas. En este sentido, inst\u00f3 a la poblaci\u00f3n a ubicar estos dispositivos en espacios abiertos.<\/p>\n<p style=\"text-align: justify;\">Adem\u00e1s, recomend\u00f3 apagar los calentones antes de irse a dormir y mantener una ventana entreabierta de 15 a 20 cent\u00edmetros mientras est\u00e9n encendidos. Las estaciones de Bomberos est\u00e1n disponibles para revisar el funcionamiento de los calentones, siempre que los ciudadanos hayan realizado la limpieza correspondiente.<\/p>\n<p style=\"text-align: justify;\">En relaci\u00f3n con chimeneas y calentones de le\u00f1a, Briones Mota destac\u00f3 la importancia de dirigir la salida directamente al exterior de la vivienda, mantener cerrada la puerta del calent\u00f3n y evitar sobresaturar con demasiada le\u00f1a.<\/p>\n<p style=\"text-align: justify;\">El mon\u00f3xido de carbono, un gas altamente peligroso, es una sustancia t\u00f3xica que no es detectable a trav\u00e9s de los sentidos. Carece de olor, sabor y color, y no irrita los ojos ni la nariz. Este gas resulta de la combusti\u00f3n incompleta de productos como gas LP, gas natural, petr\u00f3leo, gasolina, queroseno, le\u00f1a, carb\u00f3n, pl\u00e1sticos y otros combustibles.<\/p>\n<p style=\"text-align: justify;\">Briones Mota hizo un llamado a la ciudadan\u00eda a mantenerse informada a trav\u00e9s de medios oficiales y a reportar cualquier incidente al n\u00famero de emergencia 911.<\/p>\n<p style=\"text-align: justify;\">El funcionario dijo que la Direcci\u00f3n General de Protecci\u00f3n Civil continuar\u00e1 vigilante y brindando recomendaciones a la poblaci\u00f3n para garantizar la seguridad y bienestar de todos durante la temporada invernal.<\/p>\n","protected":false},"excerpt":{"rendered":"","protected":false},"author":6,"featured_media":41510,"comment_status":"open","ping_status":"open","sticky":false,"template":"","format":"standard","meta":{"_acf_changed":false,"_monsterinsights_skip_tracking":false,"slim_seo":{"title":"Piden extremar precauciones con el uso de los calentones - Opini\u00f3n P\u00fablica","description":"Ciudad Ju\u00e1rez, Chih .- La Direcci\u00f3n General de Protecci\u00f3n Civil reitera su llamado urgente a la ciudadan\u00eda para extremar precauciones en el uso y manejo de cale"},"footnotes":""},"categories":[41],"tags":[],"class_list":["post-41511","post","type-post","status-publish","format-standard","has-post-thumbnail","hentry","category-juarez"],"acf":[],"_links":{"self":[{"href":"https:\/\/www.opinionpublica.tv\/portada\/wp-json\/wp\/v2\/posts\/41511","targetHints":{"allow":["GET"]}}],"collection":[{"href":"https:\/\/www.opinionpublica.tv\/portada\/wp-json\/wp\/v2\/posts"}],"about":[{"href":"https:\/\/www.opinionpublica.tv\/portada\/wp-json\/wp\/v2\/types\/post"}],"author":[{"embeddable":true,"href":"https:\/\/www.opinionpublica.tv\/portada\/wp-json\/wp\/v2\/users\/6"}],"replies":[{"embeddable":true,"href":"https:\/\/www.opinionpublica.tv\/portada\/wp-json\/wp\/v2\/comments?post=41511"}],"version-history":[{"count":0,"href":"https:\/\/www.opinionpublica.tv\/portada\/wp-json\/wp\/v2\/posts\/41511\/revisions"}],"wp:featuredmedia":[{"embeddable":true,"href":"https:\/\/www.opinionpublica.tv\/portada\/wp-json\/wp\/v2\/media\/41510"}],"wp:attachment":[{"href":"https:\/\/www.opinionpublica.tv\/portada\/wp-json\/wp\/v2\/media?parent=41511"}],"wp:term":[{"taxonomy":"category","embeddable":true,"href":"https:\/\/www.opinionpublica.tv\/portada\/wp-json\/wp\/v2\/categories?post=41511"},{"taxonomy":"post_tag","embeddable":true,"href":"https:\/\/www.opinionpublica.tv\/portada\/wp-json\/wp\/v2\/tags?post=41511"}],"curies":[{"name":"wp","href":"https:\/\/api.w.org\/{rel}","templated":true}]}}