{"id":41503,"date":"2024-01-09T07:00:00","date_gmt":"2024-01-09T06:00:00","guid":{"rendered":"https:\/\/www.opinionpublica.tv\/portada\/2024\/01\/09\/gobierno-del-estado-informa-de-un-nuevo-hogar-para-benito\/"},"modified":"2024-01-09T07:00:00","modified_gmt":"2024-01-09T06:00:00","slug":"gobierno-del-estado-informa-de-un-nuevo-hogar-para-benito","status":"publish","type":"post","link":"https:\/\/www.opinionpublica.tv\/portada\/gobierno-del-estado-informa-de-un-nuevo-hogar-para-benito\/","title":{"rendered":"Informa Estado sobre el nuevo hogar para \u2018Benito\u2019"},"content":{"rendered":"<p><img fetchpriority=\"high\" decoding=\"async\" class=\" size-full wp-image-41502\" src=\"https:\/\/www.opinionpublica.tv\/portada\/wp-content\/uploads\/2024\/01\/1daff90c28d60394ea80d9cb0c4783ee.jpg\" alt=\"\" class=\"caption\" title=\"Benito vivir\u00e1 en el parque de Conservaci\u00f3n Silvestre Africam Safari, en Valsequillo, Puebla.\" width=\"259\" height=\"194\" \/><br \/>\n<!--more--><\/p>\n<p style=\"text-align: justify;\"><em>Ciudad Ju\u00e1rez, Chih<\/em>.- Con la convicci\u00f3n de que el bienestar de \u00abBenito\u00bb es prioritario, el Gobierno del Estado informa que en breve, la jirafa tendr\u00e1 un nuevo hogar en Africam Safari, gracias a las gestiones realizadas por la gobernadora Maru Campos.<\/p>\n<p style=\"text-align: justify;\">La decisi\u00f3n se tom\u00f3 luego de numerosas evaluaciones y gestiones, escuchando la preocupaci\u00f3n genuina de los ciudadanos de Ju\u00e1rez por la vida del ejemplar, mismo que desde el inicio fue acogido con gran cari\u00f1o por parte de los juarenses as\u00ed como con cuidados y respeto irrestricto a sus derechos y necesidades por parte de la autoridad.<\/p>\n<p style=\"text-align: justify;\">En este tenor, desde hace semanas se estableci\u00f3 contacto con el Parque de Conservaci\u00f3n de Vida Silvestre Africam Safari, en Valsequillo, Puebla, con el fin de que ese espacio se convierta en su nueva casa.<\/p>\n<p style=\"text-align: justify;\">Hoy el parque ha confirmado que est\u00e1n listos para recibir a Benito en Puebla, por lo que la reubicaci\u00f3n se llevar\u00e1 a cabo tan pronto se reciban los documentos correspondientes por parte de autoridades federales.<\/p>\n<p style=\"text-align: justify;\">El Estado manifiesta su agradecimiento al parque Africam Safari por su disposici\u00f3n para recibir a Benito, en un espacio que sin duda alguna ser\u00e1 ben\u00e9fico para el ejemplar. De igual forma agradece a todas las personas de buen coraz\u00f3n que estuvieron pendientes de la jirafa y que comparten el compromiso de la actual Administraci\u00f3n estatal con el bienestar animal.<\/p>\n<p style=\"text-align: justify;\">Por su parte, personal del Africam Safari manifest\u00f3 a trav\u00e9s de un video, su benepl\u00e1cito por recibir a Benito y se dijo listo para darle la bienvenida en sus instalaciones.<\/p>\n<p style=\"text-align: justify;\">Se espera que en los pr\u00f3ximos d\u00edas, se reciba la documentaci\u00f3n pendiente por parte de las autoridades federales para llevar a cabo con \u00e9xito el traslado de Benito a su nuevo h\u00e1bitat.<\/p>\n<p style=\"text-align: justify;\">El Gobierno del Estado reitera su compromiso con las y los chihuahuenses de atender en todo momento y sin distingo alguno, las inquietudes de la ciudadan\u00eda en aras del bien com\u00fan.<\/p>\n<p style=\"text-align: justify;\">\u00a0<\/p>\n","protected":false},"excerpt":{"rendered":"","protected":false},"author":6,"featured_media":41502,"comment_status":"open","ping_status":"open","sticky":false,"template":"","format":"standard","meta":{"_acf_changed":false,"_monsterinsights_skip_tracking":false,"slim_seo":{"title":"Informa Estado sobre el nuevo hogar para \u2018Benito\u2019 - Opini\u00f3n P\u00fablica","description":"Ciudad Ju\u00e1rez, Chih .- Con la convicci\u00f3n de que el bienestar de \"Benito\" es prioritario, el Gobierno del Estado informa que en breve, la jirafa tendr\u00e1 un nuevo"},"footnotes":""},"categories":[11],"tags":[],"class_list":["post-41503","post","type-post","status-publish","format-standard","has-post-thumbnail","hentry","category-tendencias"],"acf":[],"_links":{"self":[{"href":"https:\/\/www.opinionpublica.tv\/portada\/wp-json\/wp\/v2\/posts\/41503","targetHints":{"allow":["GET"]}}],"collection":[{"href":"https:\/\/www.opinionpublica.tv\/portada\/wp-json\/wp\/v2\/posts"}],"about":[{"href":"https:\/\/www.opinionpublica.tv\/portada\/wp-json\/wp\/v2\/types\/post"}],"author":[{"embeddable":true,"href":"https:\/\/www.opinionpublica.tv\/portada\/wp-json\/wp\/v2\/users\/6"}],"replies":[{"embeddable":true,"href":"https:\/\/www.opinionpublica.tv\/portada\/wp-json\/wp\/v2\/comments?post=41503"}],"version-history":[{"count":0,"href":"https:\/\/www.opinionpublica.tv\/portada\/wp-json\/wp\/v2\/posts\/41503\/revisions"}],"wp:featuredmedia":[{"embeddable":true,"href":"https:\/\/www.opinionpublica.tv\/portada\/wp-json\/wp\/v2\/media\/41502"}],"wp:attachment":[{"href":"https:\/\/www.opinionpublica.tv\/portada\/wp-json\/wp\/v2\/media?parent=41503"}],"wp:term":[{"taxonomy":"category","embeddable":true,"href":"https:\/\/www.opinionpublica.tv\/portada\/wp-json\/wp\/v2\/categories?post=41503"},{"taxonomy":"post_tag","embeddable":true,"href":"https:\/\/www.opinionpublica.tv\/portada\/wp-json\/wp\/v2\/tags?post=41503"}],"curies":[{"name":"wp","href":"https:\/\/api.w.org\/{rel}","templated":true}]}}