{"id":41344,"date":"2024-01-02T07:00:00","date_gmt":"2024-01-02T06:00:00","guid":{"rendered":"https:\/\/www.opinionpublica.tv\/portada\/2024\/01\/02\/entrega-alcalde-reconocimiento-policia-del-ano-a-seis-agentes\/"},"modified":"2024-01-02T07:00:00","modified_gmt":"2024-01-02T06:00:00","slug":"entrega-alcalde-reconocimiento-policia-del-ano-a-seis-agentes","status":"publish","type":"post","link":"https:\/\/www.opinionpublica.tv\/portada\/entrega-alcalde-reconocimiento-policia-del-ano-a-seis-agentes\/","title":{"rendered":"Entrega alcalde reconocimiento Polic\u00eda del A\u00f1o a seis agentes"},"content":{"rendered":"<p><img fetchpriority=\"high\" decoding=\"async\" class=\" size-full wp-image-41343\" src=\"https:\/\/www.opinionpublica.tv\/portada\/wp-content\/uploads\/2024\/01\/1f0c12f0f9749de5c831973ee1b3bc5d.jpg\" alt=\"\" class=\"caption\" title=\"El galard\u00f3n fue entregado este martes en Sesi\u00f3n Extraordinaria n\u00famero 19 del Cabildo.\" width=\"1600\" height=\"1066\" srcset=\"https:\/\/www.opinionpublica.tv\/portada\/wp-content\/uploads\/2024\/01\/1f0c12f0f9749de5c831973ee1b3bc5d.jpg 1600w, https:\/\/www.opinionpublica.tv\/portada\/wp-content\/uploads\/2024\/01\/1f0c12f0f9749de5c831973ee1b3bc5d-300x200.jpg 300w, https:\/\/www.opinionpublica.tv\/portada\/wp-content\/uploads\/2024\/01\/1f0c12f0f9749de5c831973ee1b3bc5d-1024x682.jpg 1024w, https:\/\/www.opinionpublica.tv\/portada\/wp-content\/uploads\/2024\/01\/1f0c12f0f9749de5c831973ee1b3bc5d-768x512.jpg 768w, https:\/\/www.opinionpublica.tv\/portada\/wp-content\/uploads\/2024\/01\/1f0c12f0f9749de5c831973ee1b3bc5d-1536x1023.jpg 1536w\" sizes=\"(max-width: 1600px) 100vw, 1600px\" \/><br \/>\n<!--more--><\/p>\n<p style=\"text-align: justify;\"><em>Ciudad Ju\u00e1rez, Chih<\/em>.- Ciudad Ju\u00e1rez tiene polic\u00edas que diariamente salen de sus hogares y dejan a sus familias para inspirar a otros a cumplir con su deber, a dar m\u00e1s de s\u00ed mismos y as\u00ed cumplir con el deber, que es servir y proteger a la comunidad, dijo el presidente municipal, Cruz P\u00e9rez Cu\u00e9llar, durante la entrega del Premio Municipal al Polic\u00eda del A\u00f1o 2023.<\/p>\n<p style=\"text-align: justify;\">El galard\u00f3n fue entregado este martes en Sesi\u00f3n Extraordinaria n\u00famero 19 del Cabildo, donde se reconoci\u00f3 a seis elementos de la corporaci\u00f3n que fueron m\u00e1s all\u00e1 del deber y realizaron labores extraordinarias en beneficio de los ciudadanos.<\/p>\n<p style=\"text-align: justify;\">Al hacer el uso de la voz, el Presidente dijo que es sumamente complejo ser polic\u00eda en esta frontera y por ello se reconoce el valor y compromiso de Brisa Anette L\u00f3pez Reyes, Evangelina Aguilar Guti\u00e9rrez, Julio Enrique Garay Bravo, Pedro Alfredo Velazco Cruz, Rogelio Mart\u00ednez Adame y Jes\u00fas Emmanuel Villa Botello.<\/p>\n<p style=\"text-align: justify;\">\u201cQuiero decirles a nombre del pueblo de Ciudad Ju\u00e1rez muchas gracias. Pedirles que sigan entregando y haciendo esta labor, no s\u00f3lo por el impacto que pueda tener en lo individual, que es mucho, por supuesto, sino el impacto que puede causar en otros integrantes de la corporaci\u00f3n para que se inspiren en ustedes para seguir sirviendo y protegiendo a la comunidad\u201d, expres\u00f3 el alcalde.<\/p>\n<p style=\"text-align: justify;\">Destac\u00f3 que las y los polic\u00edas son h\u00e9roes que hacen que todos los d\u00edas casi 350 mil personas acudan a trabajar en la industria maquiladora, as\u00ed como aquellos peque\u00f1os comerciantes que diariamente abren su \u201cchangarro\u201d y restauranteros que sirven alimentos y todo esto lo hacen con la confianza de que hay paz y seguridad.<\/p>\n<p style=\"text-align: justify;\">Y esa paz, armon\u00eda y tranquilidad tiene que ver, gracias a la Secretar\u00eda de Seguridad P\u00fablica Municipal que tiene elementos que salen a cumplir con su deber, asegur\u00f3 el Presidente P\u00e9rez Cu\u00e9llar.<\/p>\n<p style=\"text-align: justify;\">Durante la Sesi\u00f3n, la Comisi\u00f3n Edilicia de Seguridad P\u00fablica que coordina la regidora, Mireya Porras Armend\u00e1riz y que integran los ediles Myrka Rebeca Villalva Rosales y Antonio Dom\u00ednguez Alderete, se entreg\u00f3 un reconocimiento especial al titular de Seguridad P\u00fablica, C\u00e9sar Omar Mu\u00f1oz Morales.<\/p>\n<p style=\"text-align: justify;\">La regidora Porras Armend\u00e1riz reconoci\u00f3 al secretario Mu\u00f1oz Morales como un h\u00e9roe que ha encabezado importantes operativos taticos y que sin miedos enfrent\u00f3 a los enemigos del orden en aquel famoso \u201cjueves negro\u201d.<\/p>\n<p style=\"text-align: justify;\">Mu\u00f1oz Morales agradeci\u00f3 a la administraci\u00f3n por siempre apoyar a los elementos, sobre todo porque los polic\u00edas son personas que todos los d\u00edas salen de sus hogares, dejan sus familias sin saber sin van a poder regresar.<\/p>\n<p style=\"text-align: justify;\">Y a\u00fan as\u00ed salen diariamente a cumplir con su deber, por ello es justo el reconocimiento, dijo.<\/p>\n<p style=\"text-align: justify;\">Las acciones que les valieron a los agentes para ser reconocidos fueron el rescate de personas que estuvieron a punto de suicidarse, aseguramiento de drogas, aseguramiento de armas y detener a personas que cometieron alg\u00fan homicidio.<\/p>\n","protected":false},"excerpt":{"rendered":"","protected":false},"author":6,"featured_media":41343,"comment_status":"open","ping_status":"open","sticky":false,"template":"","format":"standard","meta":{"_acf_changed":false,"_monsterinsights_skip_tracking":false,"slim_seo":{"title":"Entrega alcalde reconocimiento Polic\u00eda del A\u00f1o a seis agentes - Opini\u00f3n P\u00fablica","description":"Ciudad Ju\u00e1rez, Chih .- Ciudad Ju\u00e1rez tiene polic\u00edas que diariamente salen de sus hogares y dejan a sus familias para inspirar a otros a cumplir con su deber, a"},"footnotes":""},"categories":[41],"tags":[],"class_list":["post-41344","post","type-post","status-publish","format-standard","has-post-thumbnail","hentry","category-juarez"],"acf":[],"_links":{"self":[{"href":"https:\/\/www.opinionpublica.tv\/portada\/wp-json\/wp\/v2\/posts\/41344","targetHints":{"allow":["GET"]}}],"collection":[{"href":"https:\/\/www.opinionpublica.tv\/portada\/wp-json\/wp\/v2\/posts"}],"about":[{"href":"https:\/\/www.opinionpublica.tv\/portada\/wp-json\/wp\/v2\/types\/post"}],"author":[{"embeddable":true,"href":"https:\/\/www.opinionpublica.tv\/portada\/wp-json\/wp\/v2\/users\/6"}],"replies":[{"embeddable":true,"href":"https:\/\/www.opinionpublica.tv\/portada\/wp-json\/wp\/v2\/comments?post=41344"}],"version-history":[{"count":0,"href":"https:\/\/www.opinionpublica.tv\/portada\/wp-json\/wp\/v2\/posts\/41344\/revisions"}],"wp:featuredmedia":[{"embeddable":true,"href":"https:\/\/www.opinionpublica.tv\/portada\/wp-json\/wp\/v2\/media\/41343"}],"wp:attachment":[{"href":"https:\/\/www.opinionpublica.tv\/portada\/wp-json\/wp\/v2\/media?parent=41344"}],"wp:term":[{"taxonomy":"category","embeddable":true,"href":"https:\/\/www.opinionpublica.tv\/portada\/wp-json\/wp\/v2\/categories?post=41344"},{"taxonomy":"post_tag","embeddable":true,"href":"https:\/\/www.opinionpublica.tv\/portada\/wp-json\/wp\/v2\/tags?post=41344"}],"curies":[{"name":"wp","href":"https:\/\/api.w.org\/{rel}","templated":true}]}}