{"id":41328,"date":"2024-01-02T07:00:00","date_gmt":"2024-01-02T06:00:00","guid":{"rendered":"https:\/\/www.opinionpublica.tv\/portada\/2024\/01\/02\/la-luz-perdida\/"},"modified":"2024-01-02T07:00:00","modified_gmt":"2024-01-02T06:00:00","slug":"la-luz-perdida","status":"publish","type":"post","link":"https:\/\/www.opinionpublica.tv\/portada\/la-luz-perdida\/","title":{"rendered":"La luz perdida"},"content":{"rendered":"<img fetchpriority=\"high\" decoding=\"async\" class=\" size-full wp-image-41327\" src=\"https:\/\/www.opinionpublica.tv\/portada\/wp-content\/uploads\/2024\/01\/f04ad007d87393a28d39f60c93acd93b.jpg\" alt=\"\" class=\"caption\" title=\"Luis Villegas Montes.\" width=\"255\" height=\"198\" \/>\n<p style=\"text-align: justify;\">S\u00ed, ya s\u00e9 lo que escrib\u00ed la semana pasada; que iba a terminar el a\u00f1o a tambor batiente y despotricando en contra de AMLO a partir de tres libros (uno ya lo coment\u00e9, M\u00e9xico en el precipicio, as\u00ed como El rey del cash y El gran corruptor, ambos de Elena Ch\u00e1vez; pues resulta que no.<\/p>\n<p><!--more--><\/p>\n<p style=\"text-align: justify;\">En el camino se me atraves\u00f3 un libro extraordinario que ser\u00e1, \u00a1c\u00f3mo no!, por los siglos de los siglos y para siempre jam\u00e1s, uno de mis preferidos, La luz perdida, de Nino Haratischwili.<\/p>\n<p style=\"text-align: justify;\">Hace justos cinco a\u00f1os descubr\u00ed a la autora. En esos ayeres escrib\u00ed: \u201cCuando le\u00ed la cr\u00edtica que, a su aparici\u00f3n, dijo de ella: \u2018M\u00e1gica como Cien a\u00f1os de soledad, intensa como La casa de los esp\u00edritus, monumental como Ana Karenina\u2019, incr\u00e9dulo pens\u00e9: \u2018ya, ya, ya, que sea menos\u2019; pues no; estaba yo total, profunda, absoluta, definitiva y festivamente equivocado. La novela en efecto es l\u00facida, v\u00edvida, intensa (casi \u00e9pica) y tiene, \u00a1c\u00f3mo no!, un leve toque de magia\u201d; pues viene esta nueva novela a deslumbrarme.<\/p>\n<p style=\"text-align: justify;\">Agregu\u00e9, luego sobre esa experiencia: \u201cEn este momento, mis autores consagrados se est\u00e1n recorriendo \u2014Almudena se ve muy oronda, como que sabe qui\u00e9n es ella\u2014 para hacerle un huequito a Nino Haratischwili, joven escritora alemana de origen georgiano, autora de \u2018La octava vida (para Brilka)\u2019;4 y que narra los pormenores de una familia georgiana que padece los horrores de la Revoluci\u00f3n de Octubre, de la Segunda Guerra Mundial y sus secuelas.<\/p>\n<p style=\"text-align: justify;\">Con la excusa de relatarnos la vida de distintas mujeres emparentadas entre s\u00ed: Stasia, la tatarabuela de la \u2018autora\u2019 del relato; Christine, hermana de la primera; Kitty, la t\u00eda abuela; Elene, la madre; Daria, la protagonista de la narraci\u00f3n; y Brilka, sus sobrina de doce a\u00f1os. El libro es una delicia y, de veras, puede situarse sin sonrojos al lado de \u2018Guerra y Paz\u2019 de Le\u00f3n Tolstoi; por lo menos en ese rubro que sol\u00eda afirmar Vladimir Nabokov, c\u00e9lebre autor del cl\u00e1sico \u2018Lolita\u2019: \u2018Cuando se lee a Tolstoi, se lee porque no se puede dejar el libro\u2019;5 otro convencido, como el que esto escribe, de que la amenidad no est\u00e1 re\u00f1ida con la extensi\u00f3n\u201d.<\/p>\n<p style=\"text-align: justify;\">Pues as\u00ed est\u00e1n las cosas. Este fin de a\u00f1o me encuentra feliz porque en esas minucias, en esos peque\u00f1os detalles, es donde uno encuentra (yo por lo menos) ocasi\u00f3n para congraciarse con la propia existencia. Lector \u00e1vido como soy, un poco desesperado tambi\u00e9n, de esos que cuando una novela que me gusta mucho empieza a terminarse ya lo estoy lamentando y esperando la pr\u00f3xima del mismo autor, viene La luz perdida a obligarme a replantear algunas de mis prioridades.<\/p>\n<p style=\"text-align: justify;\">Lo que escrib\u00ed hace cinco a\u00f1os se vuelve funesta certeza pues esos autores dilectos se van acabando; ah\u00ed est\u00e1 Almudena Grandes, por no ir m\u00e1s lejos, que se muri\u00f3 hace relativamente poco tiempo; como se fueron Carlos Ruiz Zaf\u00f3n o, en su momento, Stieg Larsson; o como se me han ido, s\u00ed, a m\u00ed, Garc\u00eda M\u00e1rquez, Mario Benedetti, Mika Waltari, Gary Jennings, Umberto Eco, Giovanni Guareschi, Herman Hesse, Scott Fitzgerald, Arthur Conan Doyle, Sor Juana, Jos\u00e9 Rub\u00e9n Romero, Jorge Ibarg\u00fcengoitia, Irving Wallace, Rub\u00e9n Dar\u00edo, Marguerite Yourcenar, Irving Stone, James Clavell, Alejandro Solzhenitsyn o Rudyard Kipling.<\/p>\n<p style=\"text-align: justify;\">Quiero creer que estoy en ese punto de mi vida en que es necesario empezar a disfrutar de las peque\u00f1as dichas cotidianas sin esperar los grandes festejos; descorchar y beber, ya, esa botella que lleva guardada demasiado tiempo; no esperar a usar esa prenda que guard\u00e1bamos para una ocasi\u00f3n especial, porque \u00e9sta es esa ocasi\u00f3n especial; nada puede ser m\u00e1s especial, ni m\u00e1s hermoso, ni m\u00e1s importante que este asunto de estar respirando en este preciso momento; es necesario re\u00edr m\u00e1s y trabajar menos; y, por supuesto \u2014no podr\u00eda ser de otro modo, que conste\u2014, gastar el tiempo con la gente que te gusta y no perderlo \u2014porque son muchos y lo abruman a uno\u2014 con los tontos, los hip\u00f3critas, los codiciosos, los mezquinos.<\/p>\n<p style=\"text-align: justify;\">En este asunto de cerrar c\u00edrculos, me regocija pensar que me queda mucha Nino Haratischwili para seguirla leyendo (ella tiene apenas 40 a\u00f1os de edad, yo 57) y me gusta pensar que la voy a poder leer hasta su \u00faltimo libro\u2026 que ser\u00e1 el que yo lea y no el que ella escriba, porque la vida es as\u00ed, un subibaja, un tobog\u00e1n, un columpio, una l\u00e1mpara, un abrazo, un ma\u00f1ana, una esperanza, un beso, un segundo y s\u00ed, definitivamente un buen libro, una taza de caf\u00e9 y varios amaneceres m\u00e1s.<\/p>\n<p style=\"text-align: justify;\">Por eso decid\u00ed ocuparme de AMLO hasta la siguiente semana, cerrar el a\u00f1o bien: echando padres y mentando madres; pero esta semana no, este 25 de diciembre no.<\/p>\n<p style=\"text-align: justify;\">En estas fechas, con el coraz\u00f3n licuado y un sentimiento de gratitud infinita a Dios nuestro se\u00f1or por todas sus mercedes, recordando mucho a mi mam\u00e1 (por cierto), s\u00f3lo tengo ganas de desearles, a mis diez o doce lectores que se colmen todos sus deseos, que este y sobre todo el a\u00f1o que sigue, los halle enteros, con salud y en forma (emocional y f\u00edsica); sonrientes, compasivos y animosos; que los halle leyendo, amando, disfrutando de sus vidas, optimistas y dispuestos.<\/p>\n<p style=\"text-align: justify;\">Cont\u00e1cteme a trav\u00e9s de mi correo electr\u00f3nico o s\u00edgame en los medios que gentilmente me publican, en Facebook o tambi\u00e9n en mi blog: https:\/\/unareflexionpersonal.wordpress.com\/<\/p>\n<p style=\"text-align: justify;\">Luis Villegas Montes.<\/p>\n<p style=\"text-align: justify;\">luvimo6608@gmail.com, luvimo6614@hotmail.com<\/p>\n","protected":false},"excerpt":{"rendered":"<p>S\u00ed, ya s\u00e9 lo que escrib\u00ed la semana pasada; que iba a terminar el a\u00f1o a tambor batiente y despotricando en contra de AMLO a partir de tres libros (uno ya lo coment\u00e9, M\u00e9xico en el precipicio, as\u00ed como El rey del cash y El gran corruptor, ambos de Elena Ch\u00e1vez; pues resulta que no.<\/p>\n","protected":false},"author":6,"featured_media":41327,"comment_status":"open","ping_status":"open","sticky":false,"template":"","format":"standard","meta":{"_acf_changed":false,"_monsterinsights_skip_tracking":false,"slim_seo":{"title":"La luz perdida - Opini\u00f3n P\u00fablica","description":"S\u00ed, ya s\u00e9 lo que escrib\u00ed la semana pasada; que iba a terminar el a\u00f1o a tambor batiente y despotricando en contra de AMLO a partir de tres libros (uno ya lo come"},"footnotes":""},"categories":[19],"tags":[78],"class_list":["post-41328","post","type-post","status-publish","format-standard","has-post-thumbnail","hentry","category-principal-columnas","tag-luis-villegas"],"acf":[],"_links":{"self":[{"href":"https:\/\/www.opinionpublica.tv\/portada\/wp-json\/wp\/v2\/posts\/41328","targetHints":{"allow":["GET"]}}],"collection":[{"href":"https:\/\/www.opinionpublica.tv\/portada\/wp-json\/wp\/v2\/posts"}],"about":[{"href":"https:\/\/www.opinionpublica.tv\/portada\/wp-json\/wp\/v2\/types\/post"}],"author":[{"embeddable":true,"href":"https:\/\/www.opinionpublica.tv\/portada\/wp-json\/wp\/v2\/users\/6"}],"replies":[{"embeddable":true,"href":"https:\/\/www.opinionpublica.tv\/portada\/wp-json\/wp\/v2\/comments?post=41328"}],"version-history":[{"count":0,"href":"https:\/\/www.opinionpublica.tv\/portada\/wp-json\/wp\/v2\/posts\/41328\/revisions"}],"wp:featuredmedia":[{"embeddable":true,"href":"https:\/\/www.opinionpublica.tv\/portada\/wp-json\/wp\/v2\/media\/41327"}],"wp:attachment":[{"href":"https:\/\/www.opinionpublica.tv\/portada\/wp-json\/wp\/v2\/media?parent=41328"}],"wp:term":[{"taxonomy":"category","embeddable":true,"href":"https:\/\/www.opinionpublica.tv\/portada\/wp-json\/wp\/v2\/categories?post=41328"},{"taxonomy":"post_tag","embeddable":true,"href":"https:\/\/www.opinionpublica.tv\/portada\/wp-json\/wp\/v2\/tags?post=41328"}],"curies":[{"name":"wp","href":"https:\/\/api.w.org\/{rel}","templated":true}]}}