{"id":41314,"date":"2024-01-02T07:00:00","date_gmt":"2024-01-02T06:00:00","guid":{"rendered":"https:\/\/www.opinionpublica.tv\/portada\/2024\/01\/02\/salario-minimo-mexico-2024-cuanto-aumento-en-la-frontera-norte-y-en-el-resto-del-pais\/"},"modified":"2024-01-02T07:00:00","modified_gmt":"2024-01-02T06:00:00","slug":"salario-minimo-mexico-2024-cuanto-aumento-en-la-frontera-norte-y-en-el-resto-del-pais","status":"publish","type":"post","link":"https:\/\/www.opinionpublica.tv\/portada\/salario-minimo-mexico-2024-cuanto-aumento-en-la-frontera-norte-y-en-el-resto-del-pais\/","title":{"rendered":"Salario m\u00ednimo 2024: \u00bfCu\u00e1nto aument\u00f3 en la frontera norte y en el resto del pa\u00eds?"},"content":{"rendered":"<p><img fetchpriority=\"high\" decoding=\"async\" class=\" size-full wp-image-41313\" src=\"https:\/\/www.opinionpublica.tv\/portada\/wp-content\/uploads\/2024\/01\/0e045ef55e0372c0038dac1fa8eb24a5.jpg\" alt=\"\" class=\"caption\" title=\"En la Zona Libre y la Frontera Norte, pas\u00f3 de 312.41 a 374.89 pesos diarios.\" width=\"670\" height=\"374\" srcset=\"https:\/\/www.opinionpublica.tv\/portada\/wp-content\/uploads\/2024\/01\/0e045ef55e0372c0038dac1fa8eb24a5.jpg 670w, https:\/\/www.opinionpublica.tv\/portada\/wp-content\/uploads\/2024\/01\/0e045ef55e0372c0038dac1fa8eb24a5-300x167.jpg 300w\" sizes=\"(max-width: 670px) 100vw, 670px\" \/><br \/>\n<!--more--><\/p>\n<p style=\"text-align: justify;\">A partir de\u00a0este 1\u00a0de enero de 2024, el salario m\u00ednimo en M\u00e9xico aument\u00f3 un 20 por ciento en M\u00e9xico, lo que beneficiar\u00e1 hasta 6 millones de trabajadores de las zonas centro y sur, as\u00ed como de la franja fronteriza del norte del pa\u00eds.<\/p>\n<p style=\"text-align: justify;\">La Comisi\u00f3n Nacional de Salarios M\u00ednimos (Conasami), encargada de fijar los montos a\u00f1o con a\u00f1o, anunci\u00f3 en diciembre pasado el acuerdo por el que empresarios, sindicatos y Gobierno aprobaron el alza salarial para alcanzar una retribuci\u00f3n m\u00ednima de 7 mil 468 pesos mensuales.<\/p>\n<p style=\"text-align: justify;\">Se trata de la quinta vez en la administraci\u00f3n del presidente Andr\u00e9s Manuel L\u00f3pez Obrador (AMLO) en la que se logra un incremento por unanimidad de los tres sectores que conforman la Comisi\u00f3n.<\/p>\n<p style=\"text-align: justify;\">Adem\u00e1s, con este aumento, se duplica el poder adquisitivo del salario m\u00ednimo gracias al acumulado de 110 por ciento que se logr\u00f3 entre 2018 y 2024.<\/p>\n<p style=\"text-align: justify;\"><strong>\u00bfCu\u00e1nto subir\u00e1 el salario m\u00ednimo en 2024?<\/strong><\/p>\n<p style=\"text-align: justify;\">El Consejo de Representantes de la Conasmi detall\u00f3 que el salario m\u00ednimo general para 2024 ser\u00e1 de 248.93 pesos diarios a partir del 1 de enero, mientras que en la Zona Libre de la Frontera Norte qued\u00f3 en 374.89 pesos diarios.<\/p>\n<p style=\"text-align: justify;\">De manera que el incremento salarial queda reflejado de la siguiente forma:<\/p>\n<p style=\"text-align: justify;\">&#8211; Salario m\u00ednimo general (aplica en 26 estados): Pasar\u00e1 de $207.44 a $248.93 diarios.<\/p>\n<p style=\"text-align: justify;\">&#8211; Zona Libre de la Frontera Norte (aplica en 6 estados): Pasar\u00e1 de $312.41 a $374.89 diarios.<\/p>\n<p style=\"text-align: justify;\">De igual modo, los salarios m\u00ednimos profesionales del listado integrado por 61 oficios y trabajos especiales subir\u00e1n 20 por ciento a partir del primer d\u00eda de 2024.<\/p>\n<p style=\"text-align: justify;\">Cabe recordar que el incremento de los salarios m\u00ednimos generales se integra a partir del salario m\u00ednimo vigente en 2023, m\u00e1s la suma del Monto Independiente de Recuperaci\u00f3n (MIR).<\/p>\n<p style=\"text-align: justify;\">El MIR es \u201cun mecanismo cuya \u00fanica finalidad es la recuperaci\u00f3n del poder adquisitivo de los salarios m\u00ednimos y es una cantidad absoluta en pesos, que no debe ser utilizada como referente para fijar otros salarios vigentes como los contractuales, federales, estatales, ni municipales.\u201d, se\u00f1ala la Conasami.<\/p>\n<p style=\"text-align: justify;\"><strong>\u00bfPor qu\u00e9 en la fronter norte el salario m\u00ednimo es mayor?<\/strong><\/p>\n<p style=\"text-align: justify;\">La llamada Zona Libre de la Frontera Norte es una franja con incentivos fiscales compuesta por 43 municipios fronterizos de Baja California, Sonora, Coahuila, Nuevo Le\u00f3n y Tamaulipas.<\/p>\n<p style=\"text-align: justify;\">En 2018, esta zona report\u00f3 un rezago en el crecimiento econ\u00f3mico, por ello, en el Plan Nacional de Desarrollo se establecieron beneficios fiscales, alza del salario m\u00ednimo y la homologaci\u00f3n de los precios de los energ\u00e9ticos.<\/p>\n<p style=\"text-align: justify;\">Debido a estos incentivos y al tipo de actividad que se desarrolla en estas entidades (industrias manufacturera, maquiladora y servicios de exportaci\u00f3n), el sueldo base de los trabajadores es m\u00e1s alto.<\/p>\n<p style=\"text-align: justify;\"><strong>\u00bfCu\u00e1nto ha subido el salario m\u00ednimo con AMLO?<\/strong><\/p>\n<p style=\"text-align: justify;\">Durante el sexenio de Andr\u00e9s Manuel L\u00f3pez Obrador, el salario m\u00ednimo ha registrado aumentos a dos d\u00edgitos cada a\u00f1o:<\/p>\n<p style=\"text-align: justify;\">&#8211; En 2019 fue de 16.2 por ciento.<\/p>\n<p style=\"text-align: justify;\">&#8211; En 2020 de 20 por ciento.<\/p>\n<p style=\"text-align: justify;\">&#8211; En 2021 de 15 por ciento.<\/p>\n<p style=\"text-align: justify;\">&#8211; En 2022 de 22 por ciento.<\/p>\n<p style=\"text-align: justify;\">&#8211; En 2023 de 20 por ciento.<\/p>\n<p style=\"text-align: justify;\">En el primer a\u00f1o del actual sexenio, el sueldo m\u00ednimo era de 88 pesos diarios, mientras que para 2024 (el \u00faltimo a\u00f1o de la presente administraci\u00f3n), esta cifra ascender\u00e1 a 248.93 pesos diarios.<\/p>\n<p style=\"text-align: justify;\"><em>Con informaci\u00f3n de El Financiero<\/em>.<\/p>\n<p style=\"text-align: justify;\">\u00a0<\/p>\n","protected":false},"excerpt":{"rendered":"","protected":false},"author":6,"featured_media":41313,"comment_status":"open","ping_status":"open","sticky":false,"template":"","format":"standard","meta":{"_acf_changed":false,"_monsterinsights_skip_tracking":false,"slim_seo":{"title":"Salario m\u00ednimo 2024: \u00bfCu\u00e1nto aument\u00f3 en la frontera norte y en el resto del pa\u00eds? - Opini\u00f3n P\u00fablica","description":"A partir de\u00a0este 1\u00a0de enero de 2024, el salario m\u00ednimo en M\u00e9xico aument\u00f3 un 20 por ciento en M\u00e9xico, lo que beneficiar\u00e1 hasta 6 millones de trabajadores de las"},"footnotes":""},"categories":[3],"tags":[],"class_list":["post-41314","post","type-post","status-publish","format-standard","has-post-thumbnail","hentry","category-principal"],"acf":[],"_links":{"self":[{"href":"https:\/\/www.opinionpublica.tv\/portada\/wp-json\/wp\/v2\/posts\/41314","targetHints":{"allow":["GET"]}}],"collection":[{"href":"https:\/\/www.opinionpublica.tv\/portada\/wp-json\/wp\/v2\/posts"}],"about":[{"href":"https:\/\/www.opinionpublica.tv\/portada\/wp-json\/wp\/v2\/types\/post"}],"author":[{"embeddable":true,"href":"https:\/\/www.opinionpublica.tv\/portada\/wp-json\/wp\/v2\/users\/6"}],"replies":[{"embeddable":true,"href":"https:\/\/www.opinionpublica.tv\/portada\/wp-json\/wp\/v2\/comments?post=41314"}],"version-history":[{"count":0,"href":"https:\/\/www.opinionpublica.tv\/portada\/wp-json\/wp\/v2\/posts\/41314\/revisions"}],"wp:featuredmedia":[{"embeddable":true,"href":"https:\/\/www.opinionpublica.tv\/portada\/wp-json\/wp\/v2\/media\/41313"}],"wp:attachment":[{"href":"https:\/\/www.opinionpublica.tv\/portada\/wp-json\/wp\/v2\/media?parent=41314"}],"wp:term":[{"taxonomy":"category","embeddable":true,"href":"https:\/\/www.opinionpublica.tv\/portada\/wp-json\/wp\/v2\/categories?post=41314"},{"taxonomy":"post_tag","embeddable":true,"href":"https:\/\/www.opinionpublica.tv\/portada\/wp-json\/wp\/v2\/tags?post=41314"}],"curies":[{"name":"wp","href":"https:\/\/api.w.org\/{rel}","templated":true}]}}