{"id":41118,"date":"2023-12-25T07:00:00","date_gmt":"2023-12-25T06:00:00","guid":{"rendered":"https:\/\/www.opinionpublica.tv\/portada\/2023\/12\/25\/exhorta-secretaria-de-salud-a-evitar-el-uso-de-pirotecnia-para-prevenir-accidentes\/"},"modified":"2023-12-25T07:00:00","modified_gmt":"2023-12-25T06:00:00","slug":"exhorta-secretaria-de-salud-a-evitar-el-uso-de-pirotecnia-para-prevenir-accidentes","status":"publish","type":"post","link":"https:\/\/www.opinionpublica.tv\/portada\/exhorta-secretaria-de-salud-a-evitar-el-uso-de-pirotecnia-para-prevenir-accidentes\/","title":{"rendered":"Exhorta Secretar\u00eda de Salud a evitar el uso de pirotecnia para prevenir accidentes"},"content":{"rendered":"<p><img fetchpriority=\"high\" decoding=\"async\" class=\" size-full wp-image-41117\" src=\"https:\/\/www.opinionpublica.tv\/portada\/wp-content\/uploads\/2023\/12\/223e79abfdd23730b22bf635dcc0fd6b.jpg\" alt=\"\" class=\"caption\" title=\"Al tomar en cuenta estas recomendaciones, se evitar\u00e1n accidentes en esta temporada.\" width=\"600\" height=\"450\" srcset=\"https:\/\/www.opinionpublica.tv\/portada\/wp-content\/uploads\/2023\/12\/223e79abfdd23730b22bf635dcc0fd6b.jpg 600w, https:\/\/www.opinionpublica.tv\/portada\/wp-content\/uploads\/2023\/12\/223e79abfdd23730b22bf635dcc0fd6b-300x225.jpg 300w\" sizes=\"(max-width: 600px) 100vw, 600px\" \/><br \/>\n<!--more--><\/p>\n<p style=\"text-align: justify;\"><em>Chihuahua, Chih<\/em>.- La Secretar\u00eda de Salud exhort\u00f3 a la ciudadan\u00eda a evitar el uso de pirotecnia durante los festejos decembrinos para prevenir accidentes, derivados del manejo inadecuado de estos artefactos explosivos.<\/p>\n<p style=\"text-align: justify;\">El subdirector de Prevenci\u00f3n de Accidentes y Atenci\u00f3n Prehospitalaria, Miguel Osuna Mac\u00edas, se\u00f1al\u00f3 que durante los festejos de Navidad y a\u00f1o nuevo, se presenta un incremento en los casos de quemaduras por el uso de pirotecnia.<\/p>\n<p style=\"text-align: justify;\">Mencion\u00f3 que en las festividades de fin de a\u00f1o, el uso de pirotecnia deriva en un aumento en la demanda de servicios hospitalarios por quemaduras, p\u00e9rdida de la audici\u00f3n, lesiones en las manos, zona m\u00e1s afectada en un 30 por ciento de los casos, as\u00ed como quemaduras en la cara y p\u00e9rdida de la visi\u00f3n por el uso de estos artefactos explosivos.<\/p>\n<p style=\"text-align: justify;\">Asimismo, recomend\u00f3 a los padres de familia, tener especial cuidado en el manejo de la pirotecnia y no permitir que los menores la utilicen, expres\u00f3 que la pirotecnia de alta potencia puede provocar una lesi\u00f3n permanente, quemaduras, limitaci\u00f3n del movimiento de las manos, p\u00e9rdida auditiva con lesiones irreversibles y permanentes.<\/p>\n<p style=\"text-align: justify;\">La Secretar\u00eda de Salud se\u00f1ala que al tomar en cuenta estas recomendaciones, se evitar\u00e1n accidentes y as\u00ed se disfrutar\u00e1n unas fiestas decembrinas seguras.<\/p>\n","protected":false},"excerpt":{"rendered":"","protected":false},"author":6,"featured_media":41117,"comment_status":"open","ping_status":"open","sticky":false,"template":"","format":"standard","meta":{"_acf_changed":false,"_monsterinsights_skip_tracking":false,"slim_seo":{"title":"Exhorta Secretar\u00eda de Salud a evitar el uso de pirotecnia para prevenir accidentes - Opini\u00f3n P\u00fablica","description":"Chihuahua, Chih .- La Secretar\u00eda de Salud exhort\u00f3 a la ciudadan\u00eda a evitar el uso de pirotecnia durante los festejos decembrinos para prevenir accidentes, deriv"},"footnotes":""},"categories":[11],"tags":[],"class_list":["post-41118","post","type-post","status-publish","format-standard","has-post-thumbnail","hentry","category-tendencias"],"acf":[],"_links":{"self":[{"href":"https:\/\/www.opinionpublica.tv\/portada\/wp-json\/wp\/v2\/posts\/41118","targetHints":{"allow":["GET"]}}],"collection":[{"href":"https:\/\/www.opinionpublica.tv\/portada\/wp-json\/wp\/v2\/posts"}],"about":[{"href":"https:\/\/www.opinionpublica.tv\/portada\/wp-json\/wp\/v2\/types\/post"}],"author":[{"embeddable":true,"href":"https:\/\/www.opinionpublica.tv\/portada\/wp-json\/wp\/v2\/users\/6"}],"replies":[{"embeddable":true,"href":"https:\/\/www.opinionpublica.tv\/portada\/wp-json\/wp\/v2\/comments?post=41118"}],"version-history":[{"count":0,"href":"https:\/\/www.opinionpublica.tv\/portada\/wp-json\/wp\/v2\/posts\/41118\/revisions"}],"wp:featuredmedia":[{"embeddable":true,"href":"https:\/\/www.opinionpublica.tv\/portada\/wp-json\/wp\/v2\/media\/41117"}],"wp:attachment":[{"href":"https:\/\/www.opinionpublica.tv\/portada\/wp-json\/wp\/v2\/media?parent=41118"}],"wp:term":[{"taxonomy":"category","embeddable":true,"href":"https:\/\/www.opinionpublica.tv\/portada\/wp-json\/wp\/v2\/categories?post=41118"},{"taxonomy":"post_tag","embeddable":true,"href":"https:\/\/www.opinionpublica.tv\/portada\/wp-json\/wp\/v2\/tags?post=41118"}],"curies":[{"name":"wp","href":"https:\/\/api.w.org\/{rel}","templated":true}]}}