{"id":41112,"date":"2023-12-25T07:00:00","date_gmt":"2023-12-25T06:00:00","guid":{"rendered":"https:\/\/www.opinionpublica.tv\/portada\/2023\/12\/25\/lo-que-realmente-importa-en-2024-la-corte-lo-demas-es-secundario\/"},"modified":"2023-12-25T07:00:00","modified_gmt":"2023-12-25T06:00:00","slug":"lo-que-realmente-importa-en-2024-la-corte-lo-demas-es-secundario","status":"publish","type":"post","link":"https:\/\/www.opinionpublica.tv\/portada\/lo-que-realmente-importa-en-2024-la-corte-lo-demas-es-secundario\/","title":{"rendered":"Lo que realmente importa en 2024: la Corte, lo dem\u00e1s es secundario"},"content":{"rendered":"<img decoding=\"async\" class=\" size-full wp-image-41111\" src=\"https:\/\/www.opinionpublica.tv\/portada\/wp-content\/uploads\/2023\/12\/5903261dee6a4d1627202efc7fcf00db.jpg\" alt=\"\" class=\"caption\" title=\"Luis Carlos Ugalde, ex presidente del entonces Instituto Federal Electoral.\" width=\"270\" height=\"152\" \/>\n<p style=\"text-align: justify;\">El tema nodal de la elecci\u00f3n de 2024 no es si habr\u00e1 nuevas oportunidades de inversi\u00f3n en energ\u00edas renovables o si regresar\u00e1 el seguro popular. Tampoco la estrategia para combatir la inseguridad.<\/p>\n<p><!--more--><\/p>\n<p style=\"text-align: justify;\">Lo verdaderamente importante es el futuro de la Suprema Corte como \u00e1rbitro de \u00faltima instancia del sistema pol\u00edtico mexicano (y tambi\u00e9n el futuro del INE y de otros \u00f3rganos aut\u00f3nomos).<\/p>\n<p style=\"text-align: justify;\">L\u00f3pez Obrador anunci\u00f3 la semana pasada que adelantar\u00e1 la presentaci\u00f3n de tres iniciativas para febrero de 2024: una para descabezar a la Corte y sustituir a sus ministros con personas elegidas por el voto popular (una suerte de diputados judiciales), otra en materia electoral para refundar al INE y otra para consolidar la militarizaci\u00f3n del pa\u00eds mediante la adscripci\u00f3n de la Guardia Nacional a la Secretar\u00eda de la Defensa Nacional.<\/p>\n<p style=\"text-align: justify;\">Hace algunos meses AMLO ya hab\u00eda dicho que presentar\u00eda la primera iniciativa en septiembre de 2024 con la nueva legislatura que espera tenga mayor\u00eda calificada de su partido.<\/p>\n<p style=\"text-align: justify;\">Si hoy no tiene los votos, \u00bfpara qu\u00e9 adelanta la propuesta? Para tener la justificaci\u00f3n de hacer una campa\u00f1a a favor del voto masivo para Morena.<\/p>\n<p style=\"text-align: justify;\">Cada semana, L\u00f3pez Obrador hallar\u00e1 una noticia, una an\u00e9cdota o una decisi\u00f3n judicial para atacar a jueces y ministros. Que si la liberaci\u00f3n de un empresario, que si una sentencia que afecta al gobierno, que si los 700 mil pesos de salario de los ministros. Har\u00e1 campa\u00f1a sin necesidad de mencionar a Sheinbaum, pero a favor de su partido. Har\u00e1 una campa\u00f1a efectiva con una meta clara y un enemigo com\u00fan que debe ser derrocado.<\/p>\n<p style=\"text-align: justify;\">Eso le dar\u00e1 el estandarte del cambio a pesar de que la de Sheinbaum es una propuesta de continuidad. Y colocar\u00e1 a las fuerzas de oposici\u00f3n \u2014las que buscan un cambio\u2014 como defensoras del status quo, como protectores de los privilegios que se deben derribar.<\/p>\n<p style=\"text-align: justify;\">Si logra su meta, AMLO dejar\u00e1 un legado cincelado en la Constituci\u00f3n. Salvo la obligatoriedad de los programas sociales, L\u00f3pez Obrador ha sido incapaz de imprimir en la Carta Magna otro cambio estructural de la arquitectura econ\u00f3mica o pol\u00edtica: quiso hacerlo con la reforma electoral o la el\u00e9ctrica, pero fue frenado por el Congreso y por la Corte.<\/p>\n<p style=\"text-align: justify;\">Desmontar el edificio de la Corte o transformar al INE o eliminar a los \u00f3rganos aut\u00f3nomos, s\u00ed modificar\u00eda la naturaleza del sistema de divisi\u00f3n de poderes, eliminar\u00eda uno de los contrapesos m\u00e1s efectivos al ejercicio del poder presidencial y eliminar\u00eda al principal enemigo institucional de la transformaci\u00f3n obradorista.<\/p>\n<p style=\"text-align: justify;\">Finalmente, la reforma para modificar la composici\u00f3n y atribuciones de la Corte servir\u00eda para ensanchar el poder presidencial en el \u00faltimo tramo de la gesti\u00f3n \u2014imaginen a L\u00f3pez Obrador celebrando la aprobaci\u00f3n de la reforma constitucional en septiembre de 2024 en la plancha del Z\u00f3calo de la Ciudad de M\u00e9xico frente a cientos de miles de seguidores\u2014 y presumiendo que le deja la mesa puesta a Sheinbaum para que, ahora s\u00ed, lleve a cabo la transformaci\u00f3n radical de la pol\u00edtica y la econom\u00eda.<\/p>\n<p style=\"text-align: justify;\">Imagino un acto de poder pleno como el que ejerci\u00f3 L\u00f3pez Portillo en su \u00faltimo tramo de gobierno cuando nacionaliz\u00f3 la banca mexicana en 1982 frente a un presidente electo \u2014De la Madrid\u2014 que, at\u00f3nito, observaba como el que ya se iba descompon\u00eda el escenario para iniciar una nueva administraci\u00f3n.<\/p>\n<p style=\"text-align: justify;\">Claudia Sheinbaum navega en dos r\u00edos que son incompatibles. Por una parte, se ha esforzado durante los \u00faltimos meses para proyectar una imagen moderada y generar confianza del sector empresarial y ganar votos de las clases medias. Por la otra, aplaude la propuesta de AMLO para descabezar a la Corte y sustituirla con un cuerpo de diputados judiciales elegidos por el pueblo.<\/p>\n<p style=\"text-align: justify;\">Las se\u00f1ales de moderaci\u00f3n chocan con la reforma radical, s\u00ed \u2014notoriamente radical\u2014 de politizar a la Corte, eliminar al INE como lo conocemos y de paso al resto de los \u00f3rganos aut\u00f3nomos.<\/p>\n<p style=\"text-align: justify;\">Si puede, L\u00f3pez Obrador dejar\u00e1 la mesa puesta y la sopa servida para la siguiente administraci\u00f3n. La pregunta es, \u00bfcu\u00e1l es el men\u00fa real? \u00bfEl men\u00fa que vende Claudia Sheinbaum, o el men\u00fa que ya est\u00e1 cocinando L\u00f3pez Obrador?<\/p>\n","protected":false},"excerpt":{"rendered":"<p>El tema nodal de la elecci\u00f3n de 2024 no es si habr\u00e1 nuevas oportunidades de inversi\u00f3n en energ\u00edas renovables o si regresar\u00e1 el seguro popular. Tampoco la estrategia para combatir la inseguridad.<\/p>\n","protected":false},"author":6,"featured_media":41111,"comment_status":"open","ping_status":"open","sticky":false,"template":"","format":"standard","meta":{"_acf_changed":false,"_monsterinsights_skip_tracking":false,"slim_seo":{"title":"Lo que realmente importa en 2024: la Corte, lo dem\u00e1s es secundario - Opini\u00f3n P\u00fablica","description":"El tema nodal de la elecci\u00f3n de 2024 no es si habr\u00e1 nuevas oportunidades de inversi\u00f3n en energ\u00edas renovables o si regresar\u00e1 el seguro popular. Tampoco la estrat"},"footnotes":""},"categories":[23],"tags":[843],"class_list":["post-41112","post","type-post","status-publish","format-standard","has-post-thumbnail","hentry","category-democracia-eficaz","tag-luis-carlos-ugalde"],"acf":[],"_links":{"self":[{"href":"https:\/\/www.opinionpublica.tv\/portada\/wp-json\/wp\/v2\/posts\/41112","targetHints":{"allow":["GET"]}}],"collection":[{"href":"https:\/\/www.opinionpublica.tv\/portada\/wp-json\/wp\/v2\/posts"}],"about":[{"href":"https:\/\/www.opinionpublica.tv\/portada\/wp-json\/wp\/v2\/types\/post"}],"author":[{"embeddable":true,"href":"https:\/\/www.opinionpublica.tv\/portada\/wp-json\/wp\/v2\/users\/6"}],"replies":[{"embeddable":true,"href":"https:\/\/www.opinionpublica.tv\/portada\/wp-json\/wp\/v2\/comments?post=41112"}],"version-history":[{"count":0,"href":"https:\/\/www.opinionpublica.tv\/portada\/wp-json\/wp\/v2\/posts\/41112\/revisions"}],"wp:featuredmedia":[{"embeddable":true,"href":"https:\/\/www.opinionpublica.tv\/portada\/wp-json\/wp\/v2\/media\/41111"}],"wp:attachment":[{"href":"https:\/\/www.opinionpublica.tv\/portada\/wp-json\/wp\/v2\/media?parent=41112"}],"wp:term":[{"taxonomy":"category","embeddable":true,"href":"https:\/\/www.opinionpublica.tv\/portada\/wp-json\/wp\/v2\/categories?post=41112"},{"taxonomy":"post_tag","embeddable":true,"href":"https:\/\/www.opinionpublica.tv\/portada\/wp-json\/wp\/v2\/tags?post=41112"}],"curies":[{"name":"wp","href":"https:\/\/api.w.org\/{rel}","templated":true}]}}