{"id":41038,"date":"2023-12-22T07:00:00","date_gmt":"2023-12-22T06:00:00","guid":{"rendered":"https:\/\/www.opinionpublica.tv\/portada\/2023\/12\/22\/exhortan-a-prevenir-quemaduras-e-intoxicaciones-por-monoxido-de-carbono\/"},"modified":"2023-12-22T07:00:00","modified_gmt":"2023-12-22T06:00:00","slug":"exhortan-a-prevenir-quemaduras-e-intoxicaciones-por-monoxido-de-carbono","status":"publish","type":"post","link":"https:\/\/www.opinionpublica.tv\/portada\/exhortan-a-prevenir-quemaduras-e-intoxicaciones-por-monoxido-de-carbono\/","title":{"rendered":"Piden prevenir quemaduras y m\u00e1s intoxicaciones por mon\u00f3xido de carbono"},"content":{"rendered":"<p><img fetchpriority=\"high\" decoding=\"async\" class=\" size-full wp-image-41037\" src=\"https:\/\/www.opinionpublica.tv\/portada\/wp-content\/uploads\/2023\/12\/b300c38487b22e747f687e28341ba82a.jpg\" alt=\"\" class=\"caption\" title=\"En caso s\u00edntomas como n\u00e1useas, v\u00f3mitos y somnolencia se debe acudir a emergencias.\" width=\"300\" height=\"168\" \/><br \/>\n<!--more--><\/p>\n<p style=\"text-align: justify;\"><em>Chihuahua, Chih<\/em>.- La Secretar\u00eda de Salud exhorta a la ciudadan\u00eda para prevenir intoxicaciones por mon\u00f3xido de carbono o sufrir quemaduras debido al uso de calefactores durante la temporada invernal.<\/p>\n<p style=\"text-align: justify;\">Gumaro Barrios, subdirector de Epidemiolog\u00eda de la mencionada dependencia inform\u00f3 que desde el mes de octubre y hasta el mes de marzo se mantiene una vigilancia epidemiol\u00f3gica de los casos de hipotermia, intoxicaci\u00f3n por mon\u00f3xido de carbono y quemaduras, por parte del Sistema Nacional de Vigilancia Epidemiol\u00f3gica.<\/p>\n<p style=\"text-align: justify;\">Agreg\u00f3 que en el estado de Chihuahua se tienen contabilizados hasta el momento se reportan 21; 12 a causa de intoxicaci\u00f3n por mon\u00f3xido y 9 personas lesionadas por quemaduras.<\/p>\n<p style=\"text-align: justify;\">Por ello resalt\u00f3 que las medidas preventivas son importantes para disminuir el riesgo y la incidencia de accidentes, entre las cuales encuentran limpiar correctamente los aparatos que se utilizan para calentar los hogares, al utilizar calefactores de gas o le\u00f1a, se debe abrir una ventana 15 cent\u00edmetros para permitir la entrada de ox\u00edgeno y apagarlos antes de ir a dormir, no sobrecargar los tomacorrientes el\u00e9ctricos para evitar un corto circuito y generar un incendio.<\/p>\n<p style=\"text-align: justify;\">Expres\u00f3 que en caso de presentar s\u00edntomas de intoxicaci\u00f3n como n\u00e1useas, v\u00f3mitos y somnolencia a causa del uso de los calefactores, se debe acudir con el m\u00e9dico de manera inmediata para la atenci\u00f3n correspondiente.\u00a0\u00a0<\/p>\n<p style=\"text-align: justify;\">Finalmente recomend\u00f3 a la ciudadan\u00eda mantenerse abrigada y aplicarse las vacunas correspondientes, especialmente en menores y personas mayores, ya que son m\u00e1s susceptibles a contraer una enfermedad en esta la temporada.<\/p>\n","protected":false},"excerpt":{"rendered":"","protected":false},"author":6,"featured_media":41037,"comment_status":"open","ping_status":"open","sticky":false,"template":"","format":"standard","meta":{"_acf_changed":false,"_monsterinsights_skip_tracking":false,"slim_seo":{"title":"Piden prevenir quemaduras y m\u00e1s intoxicaciones por mon\u00f3xido de carbono - Opini\u00f3n P\u00fablica","description":"Chihuahua, Chih .- La Secretar\u00eda de Salud exhorta a la ciudadan\u00eda para prevenir intoxicaciones por mon\u00f3xido de carbono o sufrir quemaduras debido al uso de cale"},"footnotes":""},"categories":[11],"tags":[],"class_list":["post-41038","post","type-post","status-publish","format-standard","has-post-thumbnail","hentry","category-tendencias"],"acf":[],"_links":{"self":[{"href":"https:\/\/www.opinionpublica.tv\/portada\/wp-json\/wp\/v2\/posts\/41038","targetHints":{"allow":["GET"]}}],"collection":[{"href":"https:\/\/www.opinionpublica.tv\/portada\/wp-json\/wp\/v2\/posts"}],"about":[{"href":"https:\/\/www.opinionpublica.tv\/portada\/wp-json\/wp\/v2\/types\/post"}],"author":[{"embeddable":true,"href":"https:\/\/www.opinionpublica.tv\/portada\/wp-json\/wp\/v2\/users\/6"}],"replies":[{"embeddable":true,"href":"https:\/\/www.opinionpublica.tv\/portada\/wp-json\/wp\/v2\/comments?post=41038"}],"version-history":[{"count":0,"href":"https:\/\/www.opinionpublica.tv\/portada\/wp-json\/wp\/v2\/posts\/41038\/revisions"}],"wp:featuredmedia":[{"embeddable":true,"href":"https:\/\/www.opinionpublica.tv\/portada\/wp-json\/wp\/v2\/media\/41037"}],"wp:attachment":[{"href":"https:\/\/www.opinionpublica.tv\/portada\/wp-json\/wp\/v2\/media?parent=41038"}],"wp:term":[{"taxonomy":"category","embeddable":true,"href":"https:\/\/www.opinionpublica.tv\/portada\/wp-json\/wp\/v2\/categories?post=41038"},{"taxonomy":"post_tag","embeddable":true,"href":"https:\/\/www.opinionpublica.tv\/portada\/wp-json\/wp\/v2\/tags?post=41038"}],"curies":[{"name":"wp","href":"https:\/\/api.w.org\/{rel}","templated":true}]}}