{"id":41028,"date":"2023-12-21T07:00:00","date_gmt":"2023-12-21T06:00:00","guid":{"rendered":"https:\/\/www.opinionpublica.tv\/portada\/2023\/12\/21\/video-percy-jackson-y-los-dioses-del-olimpo-trailer-oficial-disney\/"},"modified":"2023-12-21T07:00:00","modified_gmt":"2023-12-21T06:00:00","slug":"video-percy-jackson-y-los-dioses-del-olimpo-trailer-oficial-disney","status":"publish","type":"post","link":"https:\/\/www.opinionpublica.tv\/portada\/video-percy-jackson-y-los-dioses-del-olimpo-trailer-oficial-disney\/","title":{"rendered":"Video: Percy Jackson y los Dioses del Olimpo | Tr\u00e1iler Oficial | Disney+"},"content":{"rendered":"<p><img fetchpriority=\"high\" decoding=\"async\" class=\" size-full wp-image-41027\" src=\"https:\/\/www.opinionpublica.tv\/portada\/wp-content\/uploads\/2023\/12\/986ede0dde730ee19b6f0d1177db7ae7.jpg\" alt=\"\" width=\"541\" height=\"306\" srcset=\"https:\/\/www.opinionpublica.tv\/portada\/wp-content\/uploads\/2023\/12\/986ede0dde730ee19b6f0d1177db7ae7.jpg 541w, https:\/\/www.opinionpublica.tv\/portada\/wp-content\/uploads\/2023\/12\/986ede0dde730ee19b6f0d1177db7ae7-300x170.jpg 300w\" sizes=\"(max-width: 541px) 100vw, 541px\" \/><br \/>\n<!--more--><\/p>\n<p style=\"text-align: justify;\"><span class=\"yt-core-attributed-string--link-inherit-color\"><a class=\"yt-core-attributed-string__link yt-core-attributed-string__link--display-type yt-core-attributed-string__link--call-to-action-color\" tabindex=\"0\" href=\"https:\/\/www.youtube.com\/hashtag\/percyjackson\" target=\"\" rel=\"nofollow noopener\">#PercyJackson<\/a><\/span><span class=\"yt-core-attributed-string--link-inherit-color\"> y los Dioses del Olimpo, estreno con doble episodio el 20 de diciembre en <\/span><span class=\"yt-core-attributed-string--link-inherit-color\"><a class=\"yt-core-attributed-string__link yt-core-attributed-string__link--display-type yt-core-attributed-string__link--call-to-action-color\" tabindex=\"0\" href=\"https:\/\/www.youtube.com\/hashtag\/disneyplus\" target=\"\" rel=\"nofollow noopener\">#DisneyPlus<\/a><\/span><span class=\"yt-core-attributed-string--link-inherit-color\">. <\/span><\/p>\n<div class=\"k2_video\"><a href=\"https:\/\/www.youtube.com\/watch?v=xZMSjnLHJl4?si=fY23NV4L0xD3y5Fu\">https:\/\/www.youtube.com\/watch?v=xZMSjnLHJl4?si=fY23NV4L0xD3y5Fu<\/a>\n<\/div>\n","protected":false},"excerpt":{"rendered":"","protected":false},"author":6,"featured_media":41027,"comment_status":"open","ping_status":"open","sticky":false,"template":"","format":"standard","meta":{"_acf_changed":false,"_monsterinsights_skip_tracking":false,"slim_seo":{"title":"Video: Percy Jackson y los Dioses del Olimpo | Tr\u00e1iler Oficial | Disney+ - Opini\u00f3n P\u00fablica","description":"#PercyJackson y los Dioses del Olimpo, estreno con doble episodio el 20 de diciembre en #DisneyPlus ."},"footnotes":""},"categories":[8],"tags":[],"class_list":["post-41028","post","type-post","status-publish","format-standard","has-post-thumbnail","hentry","category-videos"],"acf":[],"_links":{"self":[{"href":"https:\/\/www.opinionpublica.tv\/portada\/wp-json\/wp\/v2\/posts\/41028","targetHints":{"allow":["GET"]}}],"collection":[{"href":"https:\/\/www.opinionpublica.tv\/portada\/wp-json\/wp\/v2\/posts"}],"about":[{"href":"https:\/\/www.opinionpublica.tv\/portada\/wp-json\/wp\/v2\/types\/post"}],"author":[{"embeddable":true,"href":"https:\/\/www.opinionpublica.tv\/portada\/wp-json\/wp\/v2\/users\/6"}],"replies":[{"embeddable":true,"href":"https:\/\/www.opinionpublica.tv\/portada\/wp-json\/wp\/v2\/comments?post=41028"}],"version-history":[{"count":0,"href":"https:\/\/www.opinionpublica.tv\/portada\/wp-json\/wp\/v2\/posts\/41028\/revisions"}],"wp:featuredmedia":[{"embeddable":true,"href":"https:\/\/www.opinionpublica.tv\/portada\/wp-json\/wp\/v2\/media\/41027"}],"wp:attachment":[{"href":"https:\/\/www.opinionpublica.tv\/portada\/wp-json\/wp\/v2\/media?parent=41028"}],"wp:term":[{"taxonomy":"category","embeddable":true,"href":"https:\/\/www.opinionpublica.tv\/portada\/wp-json\/wp\/v2\/categories?post=41028"},{"taxonomy":"post_tag","embeddable":true,"href":"https:\/\/www.opinionpublica.tv\/portada\/wp-json\/wp\/v2\/tags?post=41028"}],"curies":[{"name":"wp","href":"https:\/\/api.w.org\/{rel}","templated":true}]}}