{"id":41016,"date":"2023-12-21T07:00:00","date_gmt":"2023-12-21T06:00:00","guid":{"rendered":"https:\/\/www.opinionpublica.tv\/portada\/2023\/12\/21\/salvemos-la-republica-2\/"},"modified":"2023-12-21T07:00:00","modified_gmt":"2023-12-21T06:00:00","slug":"salvemos-la-republica-2","status":"publish","type":"post","link":"https:\/\/www.opinionpublica.tv\/portada\/salvemos-la-republica-2\/","title":{"rendered":"Salvemos la Rep\u00fablica"},"content":{"rendered":"<img fetchpriority=\"high\" decoding=\"async\" class=\" size-full wp-image-41015\" src=\"https:\/\/www.opinionpublica.tv\/portada\/wp-content\/uploads\/2023\/12\/65fbe0971f6cbed481d2b4bfa80ca37c.jpg\" alt=\"\" class=\"caption\" title=\"Carlos Fernando Angulo Parra.\" width=\"270\" height=\"270\" srcset=\"https:\/\/www.opinionpublica.tv\/portada\/wp-content\/uploads\/2023\/12\/65fbe0971f6cbed481d2b4bfa80ca37c.jpg 270w, https:\/\/www.opinionpublica.tv\/portada\/wp-content\/uploads\/2023\/12\/65fbe0971f6cbed481d2b4bfa80ca37c-150x150.jpg 150w\" sizes=\"(max-width: 270px) 100vw, 270px\" \/>\n<p style=\"text-align: justify;\">Ante las pr\u00f3ximas elecciones presidenciales se nos presentan dos radicalmente diferentes visiones de Naci\u00f3n, o regresamos a un gobierno autoritario del siglo XX, pero con una visi\u00f3n m\u00e1s radical y nula institucionalidad.<\/p>\n<p><!--more--><\/p>\n<p style=\"text-align: justify;\">En donde se centra el poder en la presidencia de la Rep\u00fablica y un partido hegem\u00f3nico, elimin\u00e1ndose los controles al poder, en el balance constitucional de tres poderes, en que el Poder Ejecutivo, a trav\u00e9s de su partido, que ordena sin empacho a los integrantes del Poder Legislativo, que \u201cno le quiten ni una coma\u201d, que es la directriz autoritaria a los legisladores que controla.<\/p>\n<p style=\"text-align: justify;\">O preferimos tener un gobierno heredero de nuestras tradiciones liberales, en el que hay balances y controles al poder basados en nuestra actual Constituci\u00f3n, en que hay alternancia de poder garantizada por el INE como organismo aut\u00f3nomo, con control de legalidad y constitucionalidad, a trav\u00e9s del Tribunal Electoral del Poder Judicial de la Federaci\u00f3n.<\/p>\n<p style=\"text-align: justify;\">Esta segunda opci\u00f3n garantiza a los mexicanos vivir en libertad porque tiene garantizado el Estado de Derecho, que es que el gobierno se conduzca con apego a las leyes que le permiten ejercer poderes para establecer un orden institucional. En este sistema, si el gobierno se sale de las reglas establecidas, tiene como consecuencia, desde la nulidad del acto y orden de cesar la molestia al particular denunciante, hasta le responsabilidad del servidor p\u00fablico, que va desde la imposici\u00f3n de multas, destituci\u00f3n del cargo y encarcelamiento.<\/p>\n<p style=\"text-align: justify;\">Tenemos la elecci\u00f3n de vivir bajo el autoritarismo, con la opci\u00f3n que nos ofrece Claudia Sheinbaum, de construir el segundo piso del r\u00e9gimen que pretende continuar, o seguir ampliando nuestras libertades, con la continuaci\u00f3n del r\u00e9gimen liberal que actualmente nos ofrece la Constituci\u00f3n, cosa que representa X\u00f3chitl G\u00e1lvez.<\/p>\n<p style=\"text-align: justify;\">Con el r\u00e9gimen autoritario, se nos garantiza la continua expansi\u00f3n del crimen organizado que sigue y se aprovecha de los dictados del presidente L\u00f3pez, con su pol\u00edtica de \u201cabrazos no balazos\u201d, cuya directriz va enfocada a cederles poder y territorio a los integrantes del crimen organizado, a cambio de controlar a la poblaci\u00f3n para que apoyen al partido del presidente en las elecciones.<\/p>\n<p style=\"text-align: justify;\">Con el r\u00e9gimen liberal se garantiza la libre determinaci\u00f3n de los ciudadanos en la conducci\u00f3n de sus vidas. Pero, adem\u00e1s con ello, se le da piso parejo a las inversiones privadas para que crezcan y se desarrollen, generando empleos y riqueza.<\/p>\n<p style=\"text-align: justify;\">Con el gobierno autoritario que se ofrece, se pretende que el gobierno maneje a lo m\u00e1ximo la inversi\u00f3n y los negocios, disminuyendo o eliminando a la iniciativa privada. Para probar la inviabilidad de lo anterior, nada m\u00e1s echemos un vistazo a lo que el gobierno ha hecho con PEMEX, con la CFE, con las m\u00faltiples empresas que en la \u00e9poca de Echeverr\u00eda y L\u00f3pez Portillo tuvo y quebr\u00f3, como Nacional Hotelera como las empresas pesqueras, muchas de las manufactureras, etc.<\/p>\n<p style=\"text-align: justify;\">\u00bfRealmente deseamos esto?<\/p>\n<p style=\"text-align: justify;\">\u00bfQueremos un pa\u00eds en el que un solo hombre o mujer controle sin ning\u00fan freno o contrapeso?<\/p>\n<p style=\"text-align: justify;\">\u00bfDeseamos que alguien m\u00e1s nos instruya sobre qu\u00e9 hacer de nuestra vida, en d\u00f3nde y c\u00f3mo vivir?<\/p>\n<p style=\"text-align: justify;\">O nos movemos de nuevo al mundo del control legal de la autoridad y certeza en las reglas del juego que rigen a los particulares, en donde exista la seguridad jur\u00eddica que nos brinda nuestra Constituci\u00f3n.<\/p>\n<p style=\"text-align: justify;\">Este 2 de junio de 2024 tenemos la oportunidad de decidir. Recuerda de que si no votas otros decidir\u00e1n por ti.<\/p>\n","protected":false},"excerpt":{"rendered":"<p>Ante las pr\u00f3ximas elecciones presidenciales se nos presentan dos radicalmente diferentes visiones de Naci\u00f3n, o regresamos a un gobierno autoritario del siglo XX, pero con una visi\u00f3n m\u00e1s radical y nula institucionalidad.<\/p>\n","protected":false},"author":6,"featured_media":41015,"comment_status":"open","ping_status":"open","sticky":false,"template":"","format":"standard","meta":{"_acf_changed":false,"_monsterinsights_skip_tracking":false,"slim_seo":{"title":"Salvemos la Rep\u00fablica - Opini\u00f3n P\u00fablica","description":"Ante las pr\u00f3ximas elecciones presidenciales se nos presentan dos radicalmente diferentes visiones de Naci\u00f3n, o regresamos a un gobierno autoritario del siglo XX"},"footnotes":""},"categories":[17],"tags":[],"class_list":["post-41016","post","type-post","status-publish","format-standard","has-post-thumbnail","hentry","category-ultima-instancia"],"acf":[],"_links":{"self":[{"href":"https:\/\/www.opinionpublica.tv\/portada\/wp-json\/wp\/v2\/posts\/41016","targetHints":{"allow":["GET"]}}],"collection":[{"href":"https:\/\/www.opinionpublica.tv\/portada\/wp-json\/wp\/v2\/posts"}],"about":[{"href":"https:\/\/www.opinionpublica.tv\/portada\/wp-json\/wp\/v2\/types\/post"}],"author":[{"embeddable":true,"href":"https:\/\/www.opinionpublica.tv\/portada\/wp-json\/wp\/v2\/users\/6"}],"replies":[{"embeddable":true,"href":"https:\/\/www.opinionpublica.tv\/portada\/wp-json\/wp\/v2\/comments?post=41016"}],"version-history":[{"count":0,"href":"https:\/\/www.opinionpublica.tv\/portada\/wp-json\/wp\/v2\/posts\/41016\/revisions"}],"wp:featuredmedia":[{"embeddable":true,"href":"https:\/\/www.opinionpublica.tv\/portada\/wp-json\/wp\/v2\/media\/41015"}],"wp:attachment":[{"href":"https:\/\/www.opinionpublica.tv\/portada\/wp-json\/wp\/v2\/media?parent=41016"}],"wp:term":[{"taxonomy":"category","embeddable":true,"href":"https:\/\/www.opinionpublica.tv\/portada\/wp-json\/wp\/v2\/categories?post=41016"},{"taxonomy":"post_tag","embeddable":true,"href":"https:\/\/www.opinionpublica.tv\/portada\/wp-json\/wp\/v2\/tags?post=41016"}],"curies":[{"name":"wp","href":"https:\/\/api.w.org\/{rel}","templated":true}]}}