{"id":41014,"date":"2023-12-21T07:00:00","date_gmt":"2023-12-21T06:00:00","guid":{"rendered":"https:\/\/www.opinionpublica.tv\/portada\/2023\/12\/21\/cuando-empieza-el-invierno-2023-en-mexico-y-cuando-termina\/"},"modified":"2023-12-21T07:00:00","modified_gmt":"2023-12-21T06:00:00","slug":"cuando-empieza-el-invierno-2023-en-mexico-y-cuando-termina","status":"publish","type":"post","link":"https:\/\/www.opinionpublica.tv\/portada\/cuando-empieza-el-invierno-2023-en-mexico-y-cuando-termina\/","title":{"rendered":"\u00bfCu\u00e1ndo empieza el invierno 2023 en M\u00e9xico y cu\u00e1ndo termina?"},"content":{"rendered":"<p><img fetchpriority=\"high\" decoding=\"async\" class=\" size-full wp-image-41013\" src=\"https:\/\/www.opinionpublica.tv\/portada\/wp-content\/uploads\/2023\/12\/2b7edcd3355b79cb29b1b7c2ad6b53a2.jpg\" alt=\"\" class=\"caption\" title=\"El solsticio de invierno es el d\u00eda con menos horas de luz solar durante todo el a\u00f1o.\" width=\"1200\" height=\"795\" srcset=\"https:\/\/www.opinionpublica.tv\/portada\/wp-content\/uploads\/2023\/12\/2b7edcd3355b79cb29b1b7c2ad6b53a2.jpg 1200w, https:\/\/www.opinionpublica.tv\/portada\/wp-content\/uploads\/2023\/12\/2b7edcd3355b79cb29b1b7c2ad6b53a2-300x199.jpg 300w, https:\/\/www.opinionpublica.tv\/portada\/wp-content\/uploads\/2023\/12\/2b7edcd3355b79cb29b1b7c2ad6b53a2-1024x678.jpg 1024w, https:\/\/www.opinionpublica.tv\/portada\/wp-content\/uploads\/2023\/12\/2b7edcd3355b79cb29b1b7c2ad6b53a2-768x509.jpg 768w\" sizes=\"(max-width: 1200px) 100vw, 1200px\" \/><br \/>\n<!--more--><\/p>\n<p style=\"text-align: justify;\">Prepara las chamarras y la cobija de tigre, porque las bajas temperaturas apenas inician. Te decimos cu\u00e1ndo empieza el invierno 2023, que marca tambi\u00e9n el d\u00eda m\u00e1s corto del a\u00f1o.<\/p>\n<p style=\"text-align: justify;\"><strong>\u00bfCu\u00e1ndo es el solsticio de invierno 2023 en M\u00e9xico?<\/strong><\/p>\n<p style=\"text-align: justify;\">El primer d\u00eda de invierno en el hemisferio norte est\u00e1 marcado por el solsticio de invierno, que ocurre el jueves 21 de diciembre de 2023 a las 22:27 horas EST (Hora Est\u00e1ndar Oriental), 21:27 horas del Centro de M\u00e9xico. Se prev\u00e9 que el invierno se extienda hasta el martes 19 de marzo de 2024, cuando sea el equinoccio de primavera.<\/p>\n<p style=\"text-align: justify;\">El oto\u00f1o dur\u00f3 aproximadamente 89 d\u00edas y 21 horas que comenz\u00f3 a las 00:49 horas del 23 de septiembre.<\/p>\n<p style=\"text-align: justify;\"><strong>El d\u00eda m\u00e1s corto del a\u00f1o<\/strong><\/p>\n<p style=\"text-align: justify;\">Para la mitad norte de la Tierra (el hemisferio norte), el solsticio de invierno ocurre cada a\u00f1o entre el 21 o 22 de diciembre (el solsticio de invierno del hemisferio sur ocurre en junio).<\/p>\n<p style=\"text-align: justify;\">El solsticio de invierno es el d\u00eda con menos horas de luz solar durante todo el a\u00f1o. convirti\u00e9ndolo en el \u201cd\u00eda m\u00e1s corto\u201d del a\u00f1o.<\/p>\n<p style=\"text-align: justify;\"><strong>Festividades en invierno<\/strong><\/p>\n<p style=\"text-align: justify;\">Una de las festividades m\u00e1s conocidas y festejadas a nivel mundial es la Navidad, en la que de acuerdo a la iglesia cat\u00f3lica, se recuerda el nacimiento de Jes\u00fas. Adem\u00e1s, es \u00e9poca de vacaciones, posadas, fiestas decembrinas, en las que algunas personas acostumbran dar regalos a familiares y amigos.<\/p>\n","protected":false},"excerpt":{"rendered":"","protected":false},"author":6,"featured_media":41013,"comment_status":"open","ping_status":"open","sticky":false,"template":"","format":"standard","meta":{"_acf_changed":false,"_monsterinsights_skip_tracking":false,"slim_seo":{"title":"\u00bfCu\u00e1ndo empieza el invierno 2023 en M\u00e9xico y cu\u00e1ndo termina? - Opini\u00f3n P\u00fablica","description":"Prepara las chamarras y la cobija de tigre, porque las bajas temperaturas apenas inician. Te decimos cu\u00e1ndo empieza el invierno 2023, que marca tambi\u00e9n el d\u00eda m"},"footnotes":""},"categories":[11],"tags":[],"class_list":["post-41014","post","type-post","status-publish","format-standard","has-post-thumbnail","hentry","category-tendencias"],"acf":[],"_links":{"self":[{"href":"https:\/\/www.opinionpublica.tv\/portada\/wp-json\/wp\/v2\/posts\/41014","targetHints":{"allow":["GET"]}}],"collection":[{"href":"https:\/\/www.opinionpublica.tv\/portada\/wp-json\/wp\/v2\/posts"}],"about":[{"href":"https:\/\/www.opinionpublica.tv\/portada\/wp-json\/wp\/v2\/types\/post"}],"author":[{"embeddable":true,"href":"https:\/\/www.opinionpublica.tv\/portada\/wp-json\/wp\/v2\/users\/6"}],"replies":[{"embeddable":true,"href":"https:\/\/www.opinionpublica.tv\/portada\/wp-json\/wp\/v2\/comments?post=41014"}],"version-history":[{"count":0,"href":"https:\/\/www.opinionpublica.tv\/portada\/wp-json\/wp\/v2\/posts\/41014\/revisions"}],"wp:featuredmedia":[{"embeddable":true,"href":"https:\/\/www.opinionpublica.tv\/portada\/wp-json\/wp\/v2\/media\/41013"}],"wp:attachment":[{"href":"https:\/\/www.opinionpublica.tv\/portada\/wp-json\/wp\/v2\/media?parent=41014"}],"wp:term":[{"taxonomy":"category","embeddable":true,"href":"https:\/\/www.opinionpublica.tv\/portada\/wp-json\/wp\/v2\/categories?post=41014"},{"taxonomy":"post_tag","embeddable":true,"href":"https:\/\/www.opinionpublica.tv\/portada\/wp-json\/wp\/v2\/tags?post=41014"}],"curies":[{"name":"wp","href":"https:\/\/api.w.org\/{rel}","templated":true}]}}