{"id":41012,"date":"2023-12-21T07:00:00","date_gmt":"2023-12-21T06:00:00","guid":{"rendered":"https:\/\/www.opinionpublica.tv\/portada\/2023\/12\/21\/ayer-fue-ultimo-dia-para-recibir-el-aguinaldo-stps\/"},"modified":"2023-12-21T07:00:00","modified_gmt":"2023-12-21T06:00:00","slug":"ayer-fue-ultimo-dia-para-recibir-el-aguinaldo-stps","status":"publish","type":"post","link":"https:\/\/www.opinionpublica.tv\/portada\/ayer-fue-ultimo-dia-para-recibir-el-aguinaldo-stps\/","title":{"rendered":"Ayer fue \u00faltimo d\u00eda para recibir el aguinaldo: STPS"},"content":{"rendered":"<p><img fetchpriority=\"high\" decoding=\"async\" class=\" size-full wp-image-41011\" src=\"https:\/\/www.opinionpublica.tv\/portada\/wp-content\/uploads\/2023\/12\/c68ff98965c2d53126cddaed10d71256.jpg\" alt=\"\" class=\"caption\" title=\"Los trabajadores deber\u00e1n percibir un m\u00ednimo de 15 d\u00edas de sueldo por a\u00f1o laborado.\" width=\"259\" height=\"194\" \/><br \/>\n<!--more--><\/p>\n<p style=\"text-align: justify;\"><em>Chihuahua, Chih<\/em>.- La Secretar\u00eda del Trabajo y Previsi\u00f3n Social (STPS) inform\u00f3 que ayer mi\u00e9rcoles 20 de diciembre de 2023 fue el \u00faltimo d\u00eda para recibir la prestaci\u00f3n del aguinaldo, por lo que deber\u00e1n percibir un m\u00ednimo de 15 d\u00edas de sueldo por a\u00f1o laborado, o bien el monto proporcional al tiempo que se haya trabajado.<\/p>\n<p style=\"text-align: justify;\">Adem\u00e1s, la STPS recuerda a las personas empleadoras que el omitir este derecho laboral, as\u00ed como realizar su pago incompleto o en especie, los har\u00e1 acreedores a las sanciones o multas econ\u00f3micas estipuladas en el art\u00edculo 87 de la Ley Federal del Trabajo.<\/p>\n<p style=\"text-align: justify;\">Para recibir orientaci\u00f3n y asesor\u00eda de manera gratuita por parte de personal especializado, se pone a disposici\u00f3n las l\u00edneas telef\u00f3nicas y direcciones del Centro de Conciliaci\u00f3n Laboral (CCL) en la entidad:<\/p>\n<p style=\"text-align: justify;\">Chihuahua<\/p>\n<p style=\"text-align: justify;\">Calle Allende # 901 colonia Centro, Planta alta<\/p>\n<p style=\"text-align: justify;\">Tel\u00e9fono: (614) 429-33-00 ext. 26301 y 26306<\/p>\n<p style=\"text-align: justify;\">Ju\u00e1rez<\/p>\n<p style=\"text-align: justify;\">Eje vial Juan Gabriel #2160, esquina con Aserraderos, colonia San Antonio<\/p>\n<p style=\"text-align: justify;\">Tel\u00e9fono: (656) 629-33-00 ext. 54138<\/p>\n<p style=\"text-align: justify;\">Nuevo Casas Grandes<\/p>\n<p style=\"text-align: justify;\">Avenida Constituci\u00f3n #903, local 6, colonia Centro<\/p>\n<p style=\"text-align: justify;\">Cuauht\u00e9moc<\/p>\n<p style=\"text-align: justify;\">Avenida Tecnol\u00f3gico #349, local C, Ejido Cuauht\u00e9moc<\/p>\n<p style=\"text-align: justify;\">Tel\u00e9fono: (625) 688-29-46<\/p>\n<p style=\"text-align: justify;\">Delicias<\/p>\n<p style=\"text-align: justify;\">Calle Primera Oriente #103, Sector Oriente 1<\/p>\n<p style=\"text-align: justify;\">Tel\u00e9fono: (639) 688-19-23<\/p>\n<p style=\"text-align: justify;\">Hidalgo del Parral<\/p>\n<p style=\"text-align: justify;\">Edificio de Gobierno del Estado<\/p>\n<p style=\"text-align: justify;\">Calle 20 de noviembre #2, colonia Centro<\/p>\n<p style=\"text-align: justify;\">Tel\u00e9fono: (627) 523-93-00 ext. 77278<\/p>\n","protected":false},"excerpt":{"rendered":"","protected":false},"author":6,"featured_media":41011,"comment_status":"open","ping_status":"open","sticky":false,"template":"","format":"standard","meta":{"_acf_changed":false,"_monsterinsights_skip_tracking":false,"slim_seo":{"title":"Ayer fue \u00faltimo d\u00eda para recibir el aguinaldo: STPS - Opini\u00f3n P\u00fablica","description":"Chihuahua, Chih .- La Secretar\u00eda del Trabajo y Previsi\u00f3n Social (STPS) inform\u00f3 que ayer mi\u00e9rcoles 20 de diciembre de 2023 fue el \u00faltimo d\u00eda para recibir la pres"},"footnotes":""},"categories":[11],"tags":[],"class_list":["post-41012","post","type-post","status-publish","format-standard","has-post-thumbnail","hentry","category-tendencias"],"acf":[],"_links":{"self":[{"href":"https:\/\/www.opinionpublica.tv\/portada\/wp-json\/wp\/v2\/posts\/41012","targetHints":{"allow":["GET"]}}],"collection":[{"href":"https:\/\/www.opinionpublica.tv\/portada\/wp-json\/wp\/v2\/posts"}],"about":[{"href":"https:\/\/www.opinionpublica.tv\/portada\/wp-json\/wp\/v2\/types\/post"}],"author":[{"embeddable":true,"href":"https:\/\/www.opinionpublica.tv\/portada\/wp-json\/wp\/v2\/users\/6"}],"replies":[{"embeddable":true,"href":"https:\/\/www.opinionpublica.tv\/portada\/wp-json\/wp\/v2\/comments?post=41012"}],"version-history":[{"count":0,"href":"https:\/\/www.opinionpublica.tv\/portada\/wp-json\/wp\/v2\/posts\/41012\/revisions"}],"wp:featuredmedia":[{"embeddable":true,"href":"https:\/\/www.opinionpublica.tv\/portada\/wp-json\/wp\/v2\/media\/41011"}],"wp:attachment":[{"href":"https:\/\/www.opinionpublica.tv\/portada\/wp-json\/wp\/v2\/media?parent=41012"}],"wp:term":[{"taxonomy":"category","embeddable":true,"href":"https:\/\/www.opinionpublica.tv\/portada\/wp-json\/wp\/v2\/categories?post=41012"},{"taxonomy":"post_tag","embeddable":true,"href":"https:\/\/www.opinionpublica.tv\/portada\/wp-json\/wp\/v2\/tags?post=41012"}],"curies":[{"name":"wp","href":"https:\/\/api.w.org\/{rel}","templated":true}]}}