{"id":41010,"date":"2023-12-21T07:00:00","date_gmt":"2023-12-21T06:00:00","guid":{"rendered":"https:\/\/www.opinionpublica.tv\/portada\/2023\/12\/21\/por-segundo-ano-consecutivo-la-presa-parral-luce-totalmente-seca\/"},"modified":"2023-12-21T07:00:00","modified_gmt":"2023-12-21T06:00:00","slug":"por-segundo-ano-consecutivo-la-presa-parral-luce-totalmente-seca","status":"publish","type":"post","link":"https:\/\/www.opinionpublica.tv\/portada\/por-segundo-ano-consecutivo-la-presa-parral-luce-totalmente-seca\/","title":{"rendered":"La presa Parral luce totalmente seca por segundo a\u00f1o consecutivo"},"content":{"rendered":"<p><img fetchpriority=\"high\" decoding=\"async\" class=\" size-full wp-image-41009\" src=\"https:\/\/www.opinionpublica.tv\/portada\/wp-content\/uploads\/2023\/12\/9d6c396f8ca73ebe2852dd025a862cdb.jpg\" alt=\"\" class=\"caption\" title=\"La presa Parral es contenedora de corriente del r\u00edo del mismo nombre y ahora est\u00e1 seca.\" width=\"768\" height=\"479\" srcset=\"https:\/\/www.opinionpublica.tv\/portada\/wp-content\/uploads\/2023\/12\/9d6c396f8ca73ebe2852dd025a862cdb.jpg 768w, https:\/\/www.opinionpublica.tv\/portada\/wp-content\/uploads\/2023\/12\/9d6c396f8ca73ebe2852dd025a862cdb-300x187.jpg 300w\" sizes=\"(max-width: 768px) 100vw, 768px\" \/><br \/>\n<!--more--><\/p>\n<p style=\"text-align: justify;\"><em>Hidalgo del Parral, Chih<\/em>.- Por segundo a\u00f1o consecutivo se seca la presa Parral, la primera ocasi\u00f3n se present\u00f3 en julio de 2022, sin embargo, un mes despu\u00e9s, comenz\u00f3 a verter, derivado de las constantes precipitaciones, lo cual dio un respiro para abastecer al 34 por ciento de la poblaci\u00f3n, no fue sino hasta el 8 de octubre que la JMAS comenz\u00f3 a extraer 35 litros por segundo.<\/p>\n<p style=\"text-align: justify;\">Por casi un a\u00f1o permaneci\u00f3 como reserva para no extraer totalmente el l\u00edquido, por lo que se compens\u00f3 con el agua de las minas; sin embargo, durante el mes de junio de este a\u00f1o, el nivel lleg\u00f3 hasta el 12 por ciento ante la falta de lluvias, por lo que a principios del mes de julio se anunci\u00f3 que esta fuente ya no se utilizar\u00eda, hoy por segunda ocasi\u00f3n hist\u00f3rica, se encuentra totalmente seca.<\/p>\n<p style=\"text-align: justify;\">La presa Parral es contenedora de corriente del r\u00edo del mismo nombre y su agua es utilizada para consumo humano, misma que durante el mes de julio qued\u00f3 totalmente seca.<\/p>\n<p style=\"text-align: justify;\">De acuerdo con el titular de la Junta Municipal de Agua y Saneamiento (JMAS), Juan Plancarte, este recurso h\u00eddrico es enviado a la Planta Potabilizadora de la cual se suministra a 34 colonias de la ciudad.<\/p>\n<p style=\"text-align: justify;\">Indic\u00f3 que a la presa se le extraen 26 litros por segundo en condiciones normales; sin embargo, durante este a\u00f1o ante la falta de lluvias la extracci\u00f3n baj\u00f3 a 10 litros por segundo.<\/p>\n<p style=\"text-align: justify;\">Aunque no tiene una gran capacidad porque s\u00f3lo alcanza 4.5 millones de metros c\u00fabicos, este embalse es un alivio para la ciudad mientras tiene agua, la cual es procesada y potabilizada por la JMAS.<\/p>\n<p style=\"text-align: justify;\">Al agotarse el contenido de las presas, dichas colonias son surtidas con agua de pozos o de minas, como La Esmeralda, lo que genera que se empiece un tandeo de tres o dos veces por semana.<\/p>\n<p style=\"text-align: justify;\">Para el 28 de agosto de 2022, en menos de cuatro d\u00edas, tras las constantes precipitaciones registradas en la ciudad, la presa pas\u00f3 de un 8 por ciento al total de su capacidad, por lo que comenz\u00f3 a verter.<\/p>\n<p style=\"text-align: justify;\">El 23 de julio del presente a\u00f1o el nivel de la presa pas\u00f3 de 27 a 12 por ciento registrando una reducci\u00f3n de 15 por ciento, ya que se realiz\u00f3 la extracci\u00f3n con el objetivo de evitar que el agua se infiltre, lo cual en palabras del titular de la Junta Municipal de Agua y Saneamiento (JMAS) de Parral, esto no represent\u00f3 una afectaci\u00f3n para los sectores que se abastecen de esta fuente ya que se compenso de las minas.<\/p>\n<p style=\"text-align: justify;\">El 2 de agosto del 2023 la presa Parral lleg\u00f3 al l\u00edmite de su extracci\u00f3n, al encontrarse al 12 por ciento de su capacidad; sin embargo, el 6 y 7 de octubre se presentaron lluvias con lo que se brind\u00f3 un respiro y poder captar el agua pluvial.<\/p>\n<p style=\"text-align: justify;\">Sin embargo, por segundo a\u00f1o consecutivo se sec\u00f3 en su totalidad ante la falta de precipitaciones, recurso ya no pudo ser factible, por lo que a inicios del mes, entr\u00f3 en funcionamiento la rehabilitaci\u00f3n de la \u00abMina La Esmeralda\u00bb, una medida crucial para aumentar el suministro a la red de distribuci\u00f3n de agua potable.<\/p>\n<p style=\"text-align: justify;\">Con una inversi\u00f3n de m\u00e1s de cuatro millones de pesos, la Junta Municipal de Agua y Saneamiento (JMAS), introdujo equipo nuevo para el incremento de extracci\u00f3n de 44 litros por segundo a 80, que, al a\u00f1o, representa m\u00e1s de un mill\u00f3n y medio de metros c\u00fabicos en beneficio de m\u00e1s de 15 mil habitantes. (OEM)<\/p>\n","protected":false},"excerpt":{"rendered":"","protected":false},"author":6,"featured_media":41009,"comment_status":"open","ping_status":"open","sticky":false,"template":"","format":"standard","meta":{"_acf_changed":false,"_monsterinsights_skip_tracking":false,"slim_seo":{"title":"La presa Parral luce totalmente seca por segundo a\u00f1o consecutivo - Opini\u00f3n P\u00fablica","description":"Hidalgo del Parral, Chih .- Por segundo a\u00f1o consecutivo se seca la presa Parral, la primera ocasi\u00f3n se present\u00f3 en julio de 2022, sin embargo, un mes despu\u00e9s, c"},"footnotes":""},"categories":[11],"tags":[],"class_list":["post-41010","post","type-post","status-publish","format-standard","has-post-thumbnail","hentry","category-tendencias"],"acf":[],"_links":{"self":[{"href":"https:\/\/www.opinionpublica.tv\/portada\/wp-json\/wp\/v2\/posts\/41010","targetHints":{"allow":["GET"]}}],"collection":[{"href":"https:\/\/www.opinionpublica.tv\/portada\/wp-json\/wp\/v2\/posts"}],"about":[{"href":"https:\/\/www.opinionpublica.tv\/portada\/wp-json\/wp\/v2\/types\/post"}],"author":[{"embeddable":true,"href":"https:\/\/www.opinionpublica.tv\/portada\/wp-json\/wp\/v2\/users\/6"}],"replies":[{"embeddable":true,"href":"https:\/\/www.opinionpublica.tv\/portada\/wp-json\/wp\/v2\/comments?post=41010"}],"version-history":[{"count":0,"href":"https:\/\/www.opinionpublica.tv\/portada\/wp-json\/wp\/v2\/posts\/41010\/revisions"}],"wp:featuredmedia":[{"embeddable":true,"href":"https:\/\/www.opinionpublica.tv\/portada\/wp-json\/wp\/v2\/media\/41009"}],"wp:attachment":[{"href":"https:\/\/www.opinionpublica.tv\/portada\/wp-json\/wp\/v2\/media?parent=41010"}],"wp:term":[{"taxonomy":"category","embeddable":true,"href":"https:\/\/www.opinionpublica.tv\/portada\/wp-json\/wp\/v2\/categories?post=41010"},{"taxonomy":"post_tag","embeddable":true,"href":"https:\/\/www.opinionpublica.tv\/portada\/wp-json\/wp\/v2\/tags?post=41010"}],"curies":[{"name":"wp","href":"https:\/\/api.w.org\/{rel}","templated":true}]}}