{"id":41006,"date":"2023-12-20T07:00:00","date_gmt":"2023-12-20T06:00:00","guid":{"rendered":"https:\/\/www.opinionpublica.tv\/portada\/2023\/12\/20\/municipio-seguira-apoyando-a-escuelas-publicas-en-2024\/"},"modified":"2023-12-20T07:00:00","modified_gmt":"2023-12-20T06:00:00","slug":"municipio-seguira-apoyando-a-escuelas-publicas-en-2024","status":"publish","type":"post","link":"https:\/\/www.opinionpublica.tv\/portada\/municipio-seguira-apoyando-a-escuelas-publicas-en-2024\/","title":{"rendered":"Municipio seguir\u00e1 apoyando a las escuelas p\u00fablicas en 2024"},"content":{"rendered":"<p><img fetchpriority=\"high\" decoding=\"async\" class=\" size-full wp-image-41005\" src=\"https:\/\/www.opinionpublica.tv\/portada\/wp-content\/uploads\/2023\/12\/bb93052b3b03c7036073b8ace358df70.jpg\" alt=\"\" class=\"caption\" title=\"Hay un proyecto para infraestructura educativa por 100 millones de pesos.\" width=\"1600\" height=\"1066\" srcset=\"https:\/\/www.opinionpublica.tv\/portada\/wp-content\/uploads\/2023\/12\/bb93052b3b03c7036073b8ace358df70.jpg 1600w, https:\/\/www.opinionpublica.tv\/portada\/wp-content\/uploads\/2023\/12\/bb93052b3b03c7036073b8ace358df70-300x200.jpg 300w, https:\/\/www.opinionpublica.tv\/portada\/wp-content\/uploads\/2023\/12\/bb93052b3b03c7036073b8ace358df70-1024x682.jpg 1024w, https:\/\/www.opinionpublica.tv\/portada\/wp-content\/uploads\/2023\/12\/bb93052b3b03c7036073b8ace358df70-768x512.jpg 768w, https:\/\/www.opinionpublica.tv\/portada\/wp-content\/uploads\/2023\/12\/bb93052b3b03c7036073b8ace358df70-1536x1023.jpg 1536w\" sizes=\"(max-width: 1600px) 100vw, 1600px\" \/><br \/>\n<!--more--><\/p>\n<p style=\"text-align: justify;\"><em>Ciudad Ju\u00e1rez, Chih<\/em>.- La Secretar\u00eda Particular del Gobierno Municipal present\u00f3 ante la Comisi\u00f3n Edilicia de Hacienda y dem\u00e1s regidores su paquete para el pr\u00f3ximo a\u00f1o, en el que contempla un presupuesto de 100 millones de pesos para apoyo a las escuelas p\u00fablicas.<\/p>\n<p style=\"text-align: justify;\">\u201cLa Secretar\u00eda Particular present\u00f3 cuatro proyectos de inversi\u00f3n para el 2024, uno de ellos es el apoyo al Museo de Juan Gabriel, donde a\u00fan hay que cubrir el costo de 70 millones 241 mil pesos\u201d, dijo la titular de la oficina, Martha Beatriz Quezada Vara.<\/p>\n<p style=\"text-align: justify;\">El segundo proyecto de inversi\u00f3n est\u00e1 encaminado a un equipo de transporte que se solicita para la coordinaci\u00f3n de Participaci\u00f3n Ciudadana, otro es la rehabilitaci\u00f3n de espacios p\u00fablicos que llevar\u00e1 a cabo la Coordinaci\u00f3n Atenci\u00f3n Ciudadana del Suroriente.<\/p>\n<p style=\"text-align: justify;\">El cuarto proyecto es la infraestructura educativa por 100 millones de pesos, dijo Quezada Vara ante las regidoras de la Comisi\u00f3n de Hacienda, donde estuvo su coordinadora, Ana Carmen Estrada Garc\u00eda, Mar\u00eda Dolores Ademe Alvarado y Austria Elizabeth Galindo Rodr\u00edguez.<\/p>\n<p style=\"text-align: justify;\">Coment\u00f3 que este proyecto tiene como objetivo apoyar un promedio de 114 escuelas, con un monto de 870 mil pesos para cada una; incluso, la Secretar\u00eda Particular ya tiene las solicitudes de apoyo.<\/p>\n<p style=\"text-align: justify;\">\u201cEstos 100 millones es un promedio de lo que se otorg\u00f3 en el 2022 en este programa donde fueron 108 millones para la rehabilitaci\u00f3n de escuelas y en el 2023 son 84 millones\u201d, dijo la funcionaria.<\/p>\n<p style=\"text-align: justify;\">En lo que se refiere al suroriente, coment\u00f3 que se pretende rehabilitar cuatro espacios p\u00fablicos como lo son canchas y parques de esa zona de la ciudad, para cono ello generar que las personas salgan a disfrutarlos y se ayude a fortalecer el tejido social.<\/p>\n","protected":false},"excerpt":{"rendered":"","protected":false},"author":6,"featured_media":41005,"comment_status":"open","ping_status":"open","sticky":false,"template":"","format":"standard","meta":{"_acf_changed":false,"_monsterinsights_skip_tracking":false,"slim_seo":{"title":"Municipio seguir\u00e1 apoyando a las escuelas p\u00fablicas en 2024 - Opini\u00f3n P\u00fablica","description":"Ciudad Ju\u00e1rez, Chih .- La Secretar\u00eda Particular del Gobierno Municipal present\u00f3 ante la Comisi\u00f3n Edilicia de Hacienda y dem\u00e1s regidores su paquete para el pr\u00f3xi"},"footnotes":""},"categories":[41],"tags":[],"class_list":["post-41006","post","type-post","status-publish","format-standard","has-post-thumbnail","hentry","category-juarez"],"acf":[],"_links":{"self":[{"href":"https:\/\/www.opinionpublica.tv\/portada\/wp-json\/wp\/v2\/posts\/41006","targetHints":{"allow":["GET"]}}],"collection":[{"href":"https:\/\/www.opinionpublica.tv\/portada\/wp-json\/wp\/v2\/posts"}],"about":[{"href":"https:\/\/www.opinionpublica.tv\/portada\/wp-json\/wp\/v2\/types\/post"}],"author":[{"embeddable":true,"href":"https:\/\/www.opinionpublica.tv\/portada\/wp-json\/wp\/v2\/users\/6"}],"replies":[{"embeddable":true,"href":"https:\/\/www.opinionpublica.tv\/portada\/wp-json\/wp\/v2\/comments?post=41006"}],"version-history":[{"count":0,"href":"https:\/\/www.opinionpublica.tv\/portada\/wp-json\/wp\/v2\/posts\/41006\/revisions"}],"wp:featuredmedia":[{"embeddable":true,"href":"https:\/\/www.opinionpublica.tv\/portada\/wp-json\/wp\/v2\/media\/41005"}],"wp:attachment":[{"href":"https:\/\/www.opinionpublica.tv\/portada\/wp-json\/wp\/v2\/media?parent=41006"}],"wp:term":[{"taxonomy":"category","embeddable":true,"href":"https:\/\/www.opinionpublica.tv\/portada\/wp-json\/wp\/v2\/categories?post=41006"},{"taxonomy":"post_tag","embeddable":true,"href":"https:\/\/www.opinionpublica.tv\/portada\/wp-json\/wp\/v2\/tags?post=41006"}],"curies":[{"name":"wp","href":"https:\/\/api.w.org\/{rel}","templated":true}]}}