{"id":40992,"date":"2023-12-20T07:00:00","date_gmt":"2023-12-20T06:00:00","guid":{"rendered":"https:\/\/www.opinionpublica.tv\/portada\/2023\/12\/20\/desde-esta-semana-podra-comprarse-la-vacuna-anticovid-de-pfizer-en-farmacias\/"},"modified":"2023-12-20T07:00:00","modified_gmt":"2023-12-20T06:00:00","slug":"desde-esta-semana-podra-comprarse-la-vacuna-anticovid-de-pfizer-en-farmacias","status":"publish","type":"post","link":"https:\/\/www.opinionpublica.tv\/portada\/desde-esta-semana-podra-comprarse-la-vacuna-anticovid-de-pfizer-en-farmacias\/","title":{"rendered":"Desde esta semana podr\u00e1 comprarse la vacuna anticovid de Pfizer en farmacias"},"content":{"rendered":"<p><img fetchpriority=\"high\" decoding=\"async\" class=\" size-full wp-image-40991\" src=\"https:\/\/www.opinionpublica.tv\/portada\/wp-content\/uploads\/2023\/12\/2889564f52bdff1d07dc9c0b67d4eb57.jpg\" alt=\"\" class=\"caption\" title=\"En algunas farmacias informaron que el biol\u00f3gico tendr\u00e1 un precio de alrededor de mil pesos.\" width=\"300\" height=\"168\" \/><br \/>\n<!--more--><\/p>\n<p style=\"text-align: justify;\"><em>Ciudad de M\u00e9xico<\/em>.- El laboratorio farmac\u00e9utico Pfizer inform\u00f3 hoy que la vacuna contra el virus SARS-CoV-2, causante de covid-19, se podr\u00e1 adquirir a partir de esta semana, en cadenas de farmacias. Indic\u00f3 que en el arranque de su plan de comercializaci\u00f3n, tambi\u00e9n est\u00e1 prevista la distribuci\u00f3n del biol\u00f3gico en centros de vacunaci\u00f3n, con m\u00e9dicos vacunadores, en hospitales y farmacias autorizadas.<\/p>\n<p style=\"text-align: justify;\">El primer embarque del producto lleg\u00f3 a territorio nacional el pasado 15 de diciembre, s\u00f3lo una semana despu\u00e9s de que la Comisi\u00f3n Federal para la Protecci\u00f3n contra Riesgos Sanitarios (Cofepris) autoriz\u00f3 el registro sanitario.<\/p>\n<p style=\"text-align: justify;\">Lo que el laboratorio Pfizer no informa todav\u00eda, es el costo que tendr\u00e1 la vacuna de marca comercial Comirnaty.<\/p>\n<p style=\"text-align: justify;\">No obstante, en algunas farmacias informan que el biol\u00f3gico tendr\u00e1 un precio de alrededor de mil pesos, aunque todav\u00eda no lo tienen en existencia.<\/p>\n<p style=\"text-align: justify;\"><em>Con informaci\u00f3n de La Jornada<\/em>.<\/p>\n","protected":false},"excerpt":{"rendered":"","protected":false},"author":6,"featured_media":40991,"comment_status":"open","ping_status":"open","sticky":false,"template":"","format":"standard","meta":{"_acf_changed":false,"_monsterinsights_skip_tracking":false,"slim_seo":{"title":"Desde esta semana podr\u00e1 comprarse la vacuna anticovid de Pfizer en farmacias - Opini\u00f3n P\u00fablica","description":"Ciudad de M\u00e9xico .- El laboratorio farmac\u00e9utico Pfizer inform\u00f3 hoy que la vacuna contra el virus SARS-CoV-2, causante de covid-19, se podr\u00e1 adquirir a partir de"},"footnotes":""},"categories":[3],"tags":[],"class_list":["post-40992","post","type-post","status-publish","format-standard","has-post-thumbnail","hentry","category-principal"],"acf":[],"_links":{"self":[{"href":"https:\/\/www.opinionpublica.tv\/portada\/wp-json\/wp\/v2\/posts\/40992","targetHints":{"allow":["GET"]}}],"collection":[{"href":"https:\/\/www.opinionpublica.tv\/portada\/wp-json\/wp\/v2\/posts"}],"about":[{"href":"https:\/\/www.opinionpublica.tv\/portada\/wp-json\/wp\/v2\/types\/post"}],"author":[{"embeddable":true,"href":"https:\/\/www.opinionpublica.tv\/portada\/wp-json\/wp\/v2\/users\/6"}],"replies":[{"embeddable":true,"href":"https:\/\/www.opinionpublica.tv\/portada\/wp-json\/wp\/v2\/comments?post=40992"}],"version-history":[{"count":0,"href":"https:\/\/www.opinionpublica.tv\/portada\/wp-json\/wp\/v2\/posts\/40992\/revisions"}],"wp:featuredmedia":[{"embeddable":true,"href":"https:\/\/www.opinionpublica.tv\/portada\/wp-json\/wp\/v2\/media\/40991"}],"wp:attachment":[{"href":"https:\/\/www.opinionpublica.tv\/portada\/wp-json\/wp\/v2\/media?parent=40992"}],"wp:term":[{"taxonomy":"category","embeddable":true,"href":"https:\/\/www.opinionpublica.tv\/portada\/wp-json\/wp\/v2\/categories?post=40992"},{"taxonomy":"post_tag","embeddable":true,"href":"https:\/\/www.opinionpublica.tv\/portada\/wp-json\/wp\/v2\/tags?post=40992"}],"curies":[{"name":"wp","href":"https:\/\/api.w.org\/{rel}","templated":true}]}}