{"id":40923,"date":"2023-12-17T07:00:00","date_gmt":"2023-12-17T06:00:00","guid":{"rendered":"https:\/\/www.opinionpublica.tv\/portada\/2023\/12\/17\/video-angelus-papa-francisco-domingo-17-de-diciembre-de-2023\/"},"modified":"2023-12-17T07:00:00","modified_gmt":"2023-12-17T06:00:00","slug":"video-angelus-papa-francisco-domingo-17-de-diciembre-de-2023","status":"publish","type":"post","link":"https:\/\/www.opinionpublica.tv\/portada\/video-angelus-papa-francisco-domingo-17-de-diciembre-de-2023\/","title":{"rendered":"Video: \u00c1ngelus Papa Francisco, domingo 17 de diciembre de 2023"},"content":{"rendered":"<p><img fetchpriority=\"high\" decoding=\"async\" class=\" size-full wp-image-40922\" src=\"https:\/\/www.opinionpublica.tv\/portada\/wp-content\/uploads\/2023\/12\/96f2a43ba5b5b3be68dd2cca4369be15.jpg\" alt=\"\" width=\"542\" height=\"304\" srcset=\"https:\/\/www.opinionpublica.tv\/portada\/wp-content\/uploads\/2023\/12\/96f2a43ba5b5b3be68dd2cca4369be15.jpg 542w, https:\/\/www.opinionpublica.tv\/portada\/wp-content\/uploads\/2023\/12\/96f2a43ba5b5b3be68dd2cca4369be15-300x168.jpg 300w\" sizes=\"(max-width: 542px) 100vw, 542px\" \/><br \/>\n<!--more--><\/p>\n<p style=\"text-align: justify;\"><span class=\"yt-core-attributed-string yt-core-attributed-string--white-space-pre-wrap\"><span class=\"yt-core-attributed-string--link-inherit-color\"><em>Ciudad del Vaticano<\/em>.- Desde la Plaza de San Pedro, el rezo de la Oraci\u00f3n del \u00c1ngelus, dirigido por el Papa Francisco.<\/span><\/span><\/p>\n<div class=\"k2_video\"><a href=\"https:\/\/www.youtube.com\/watch?v=O3P5AA9sFa4?si=6JP2LODY3mZV_EZ6\">https:\/\/www.youtube.com\/watch?v=O3P5AA9sFa4?si=6JP2LODY3mZV_EZ6<\/a>\n<\/div>\n","protected":false},"excerpt":{"rendered":"","protected":false},"author":6,"featured_media":40922,"comment_status":"open","ping_status":"open","sticky":false,"template":"","format":"standard","meta":{"_acf_changed":false,"_monsterinsights_skip_tracking":false,"slim_seo":{"title":"Video: \u00c1ngelus Papa Francisco, domingo 17 de diciembre de 2023 - Opini\u00f3n P\u00fablica","description":"Ciudad del Vaticano .- Desde la Plaza de San Pedro, el rezo de la Oraci\u00f3n del \u00c1ngelus, dirigido por el Papa Francisco."},"footnotes":""},"categories":[8],"tags":[],"class_list":["post-40923","post","type-post","status-publish","format-standard","has-post-thumbnail","hentry","category-videos"],"acf":[],"_links":{"self":[{"href":"https:\/\/www.opinionpublica.tv\/portada\/wp-json\/wp\/v2\/posts\/40923","targetHints":{"allow":["GET"]}}],"collection":[{"href":"https:\/\/www.opinionpublica.tv\/portada\/wp-json\/wp\/v2\/posts"}],"about":[{"href":"https:\/\/www.opinionpublica.tv\/portada\/wp-json\/wp\/v2\/types\/post"}],"author":[{"embeddable":true,"href":"https:\/\/www.opinionpublica.tv\/portada\/wp-json\/wp\/v2\/users\/6"}],"replies":[{"embeddable":true,"href":"https:\/\/www.opinionpublica.tv\/portada\/wp-json\/wp\/v2\/comments?post=40923"}],"version-history":[{"count":0,"href":"https:\/\/www.opinionpublica.tv\/portada\/wp-json\/wp\/v2\/posts\/40923\/revisions"}],"wp:featuredmedia":[{"embeddable":true,"href":"https:\/\/www.opinionpublica.tv\/portada\/wp-json\/wp\/v2\/media\/40922"}],"wp:attachment":[{"href":"https:\/\/www.opinionpublica.tv\/portada\/wp-json\/wp\/v2\/media?parent=40923"}],"wp:term":[{"taxonomy":"category","embeddable":true,"href":"https:\/\/www.opinionpublica.tv\/portada\/wp-json\/wp\/v2\/categories?post=40923"},{"taxonomy":"post_tag","embeddable":true,"href":"https:\/\/www.opinionpublica.tv\/portada\/wp-json\/wp\/v2\/tags?post=40923"}],"curies":[{"name":"wp","href":"https:\/\/api.w.org\/{rel}","templated":true}]}}