{"id":40911,"date":"2023-12-16T07:00:00","date_gmt":"2023-12-16T06:00:00","guid":{"rendered":"https:\/\/www.opinionpublica.tv\/portada\/2023\/12\/16\/realiza-municipio-cruzada-por-la-salud-en-el-parque-galeana\/"},"modified":"2023-12-16T07:00:00","modified_gmt":"2023-12-16T06:00:00","slug":"realiza-municipio-cruzada-por-la-salud-en-el-parque-galeana","status":"publish","type":"post","link":"https:\/\/www.opinionpublica.tv\/portada\/realiza-municipio-cruzada-por-la-salud-en-el-parque-galeana\/","title":{"rendered":"Realiza Municipio Cruzada por la Salud en el Parque Galeana"},"content":{"rendered":"<p><img fetchpriority=\"high\" decoding=\"async\" class=\" size-full wp-image-40910\" src=\"https:\/\/www.opinionpublica.tv\/portada\/wp-content\/uploads\/2023\/12\/53a39c04ecd6d0162655a03f207317cc.jpg\" alt=\"\" class=\"caption\" title=\"El Municipio ha realizado m\u00e1s de 200 mil acciones m\u00e9dicas en 130 colonias.\" width=\"1600\" height=\"1066\" srcset=\"https:\/\/www.opinionpublica.tv\/portada\/wp-content\/uploads\/2023\/12\/53a39c04ecd6d0162655a03f207317cc.jpg 1600w, https:\/\/www.opinionpublica.tv\/portada\/wp-content\/uploads\/2023\/12\/53a39c04ecd6d0162655a03f207317cc-300x200.jpg 300w, https:\/\/www.opinionpublica.tv\/portada\/wp-content\/uploads\/2023\/12\/53a39c04ecd6d0162655a03f207317cc-1024x682.jpg 1024w, https:\/\/www.opinionpublica.tv\/portada\/wp-content\/uploads\/2023\/12\/53a39c04ecd6d0162655a03f207317cc-768x512.jpg 768w, https:\/\/www.opinionpublica.tv\/portada\/wp-content\/uploads\/2023\/12\/53a39c04ecd6d0162655a03f207317cc-1536x1023.jpg 1536w\" sizes=\"(max-width: 1600px) 100vw, 1600px\" \/><br \/>\n<!--more--><\/p>\n<p style=\"text-align: justify;\"><em>Ciudad Ju\u00e1rez, Chih<\/em>.- Este s\u00e1bado el presidente municipal, Cruz P\u00e9rez Cu\u00e9llar, estuvo en el Parque Galeana para encabezar los trabajos de la Cruzada por la Salud que organiz\u00f3 la Direcci\u00f3n General de Centros Comunitarios, en coordinaci\u00f3n con otras dependencias del Ayuntamiento.<\/p>\n<p style=\"text-align: justify;\">Durante el evento, el alcalde estuvo atendiendo las peticiones de apoyo comunitario por parte de los ciudadanos, en lo que estuvo acompa\u00f1ado de su esposa, la Presidenta del Sistema para el Desarrollo Integral de la Familia (DIF), Rub\u00ed Enr\u00edquez y el director general de Centros Comunitarios, Jes\u00fas Manuel Garc\u00eda Reyes.<\/p>\n<p style=\"text-align: justify;\">El director general de Centros Comunitarios extendi\u00f3 un agradecimiento y reconocimiento para todos los involucrados en la Cruzada por la Salud, pues gracias a su trabajo el Municipio ha logrado beneficiar a 130 mil personas con 200 mil acciones m\u00e9dicas durante la visita a 130 colonias en lo que va de la Administraci\u00f3n 2021-2024.<\/p>\n<p style=\"text-align: justify;\">\u00abHemos trabajado por dar cobertura a las zonas m\u00e1s necesitadas de la ciudad, de acuerdo a las instrucciones del Presidente Municipal\u00bb, coment\u00f3.<\/p>\n<p style=\"text-align: justify;\">P\u00e9rez Cu\u00e9llar se sum\u00f3 al reconocimiento para el personal que hace posible estos trabajos, en especial la coordinadora m\u00e9dica de Centros Comunitarios, Gabriela Cisneros y la coordinadora de los Centros y deportes, Jazm\u00edn Casta\u00f1eda.<\/p>\n<p style=\"text-align: justify;\">Destac\u00f3 el trabajo que ha realizado el Municipio para mejorar la calidad de vida de la comunidad y cit\u00f3 como ejemplo el esfuerzo que se ha hecho por mejorar las condiciones del Parque Galeana, espacio que no recibi\u00f3 mantenimiento por m\u00e1s de 60 a\u00f1os y ahora se trabaja en su rehabilitaci\u00f3n.<\/p>\n<p style=\"text-align: justify;\">\u00abNuestros ni\u00f1os y j\u00f3venes se merecen espacios dignos en donde practicar desarrollarse y practicar deporte\u00bb, a\u00f1adi\u00f3.<\/p>\n","protected":false},"excerpt":{"rendered":"","protected":false},"author":6,"featured_media":40910,"comment_status":"open","ping_status":"open","sticky":false,"template":"","format":"standard","meta":{"_acf_changed":false,"_monsterinsights_skip_tracking":false,"slim_seo":{"title":"Realiza Municipio Cruzada por la Salud en el Parque Galeana - Opini\u00f3n P\u00fablica","description":"Ciudad Ju\u00e1rez, Chih .- Este s\u00e1bado el presidente municipal, Cruz P\u00e9rez Cu\u00e9llar, estuvo en el Parque Galeana para encabezar los trabajos de la Cruzada por la Sal"},"footnotes":""},"categories":[41],"tags":[],"class_list":["post-40911","post","type-post","status-publish","format-standard","has-post-thumbnail","hentry","category-juarez"],"acf":[],"_links":{"self":[{"href":"https:\/\/www.opinionpublica.tv\/portada\/wp-json\/wp\/v2\/posts\/40911","targetHints":{"allow":["GET"]}}],"collection":[{"href":"https:\/\/www.opinionpublica.tv\/portada\/wp-json\/wp\/v2\/posts"}],"about":[{"href":"https:\/\/www.opinionpublica.tv\/portada\/wp-json\/wp\/v2\/types\/post"}],"author":[{"embeddable":true,"href":"https:\/\/www.opinionpublica.tv\/portada\/wp-json\/wp\/v2\/users\/6"}],"replies":[{"embeddable":true,"href":"https:\/\/www.opinionpublica.tv\/portada\/wp-json\/wp\/v2\/comments?post=40911"}],"version-history":[{"count":0,"href":"https:\/\/www.opinionpublica.tv\/portada\/wp-json\/wp\/v2\/posts\/40911\/revisions"}],"wp:featuredmedia":[{"embeddable":true,"href":"https:\/\/www.opinionpublica.tv\/portada\/wp-json\/wp\/v2\/media\/40910"}],"wp:attachment":[{"href":"https:\/\/www.opinionpublica.tv\/portada\/wp-json\/wp\/v2\/media?parent=40911"}],"wp:term":[{"taxonomy":"category","embeddable":true,"href":"https:\/\/www.opinionpublica.tv\/portada\/wp-json\/wp\/v2\/categories?post=40911"},{"taxonomy":"post_tag","embeddable":true,"href":"https:\/\/www.opinionpublica.tv\/portada\/wp-json\/wp\/v2\/tags?post=40911"}],"curies":[{"name":"wp","href":"https:\/\/api.w.org\/{rel}","templated":true}]}}