{"id":40909,"date":"2023-12-16T07:00:00","date_gmt":"2023-12-16T06:00:00","guid":{"rendered":"https:\/\/www.opinionpublica.tv\/portada\/2023\/12\/16\/sabado-mayormente-soleado-con-maxima-de-16-c-en-juarez\/"},"modified":"2023-12-16T07:00:00","modified_gmt":"2023-12-16T06:00:00","slug":"sabado-mayormente-soleado-con-maxima-de-16-c-en-juarez","status":"publish","type":"post","link":"https:\/\/www.opinionpublica.tv\/portada\/sabado-mayormente-soleado-con-maxima-de-16-c-en-juarez\/","title":{"rendered":"S\u00e1bado mayormente soleado con m\u00e1xima de 16\u00b0C en Ju\u00e1rez"},"content":{"rendered":"<p><img fetchpriority=\"high\" decoding=\"async\" class=\" size-full wp-image-40908\" src=\"https:\/\/www.opinionpublica.tv\/portada\/wp-content\/uploads\/2023\/12\/5bdbab4137aaa5591fac708361a08954.jpg\" alt=\"\" class=\"caption\" title=\"Para este domingo se esperan fuertes r\u00e1fagas de viento de hasta 32 kil\u00f3metros por hora.\" width=\"1170\" height=\"655\" srcset=\"https:\/\/www.opinionpublica.tv\/portada\/wp-content\/uploads\/2023\/12\/5bdbab4137aaa5591fac708361a08954.jpg 1170w, https:\/\/www.opinionpublica.tv\/portada\/wp-content\/uploads\/2023\/12\/5bdbab4137aaa5591fac708361a08954-300x168.jpg 300w, https:\/\/www.opinionpublica.tv\/portada\/wp-content\/uploads\/2023\/12\/5bdbab4137aaa5591fac708361a08954-1024x573.jpg 1024w, https:\/\/www.opinionpublica.tv\/portada\/wp-content\/uploads\/2023\/12\/5bdbab4137aaa5591fac708361a08954-768x430.jpg 768w\" sizes=\"(max-width: 1170px) 100vw, 1170px\" \/><br \/>\n<!--more--><\/p>\n<p style=\"text-align: justify;\"><em>Ciudad Ju\u00e1rez, Chih<\/em>.- La Direcci\u00f3n General de Protecci\u00f3n Civil, con base en informes del Servicio Meteorol\u00f3gico Nacional, pronostica un s\u00e1bado mayormente soleado, la temperatura m\u00e1xima ser\u00e1 de 16 grados Celsius, mientras que la m\u00ednima ser\u00e1 de 2 \u00b0C para esta noche.<\/p>\n<p style=\"text-align: justify;\">Roberto Briones Mota, titular de la dependencia, inform\u00f3 que para hoy se esperan fuertes r\u00e1fagas de viento que alcanzar\u00e1n los 32 kil\u00f3metros por hora, en tanto que la velocidad del viento durante el d\u00eda oscilar\u00e1 entre 5 y 25 kil\u00f3metros por hora.<\/p>\n<p style=\"text-align: justify;\">Y para este domingo se esperan fuertes r\u00e1fagas de viento que llegar\u00e1n los 32 kil\u00f3metros por hora, la temperatura m\u00e1xima se pronostica en los 18 \u00b0C, mientras que la m\u00ednima ser\u00e1 de 3 \u00b0C, la velocidad del viento oscilar\u00e1 de 5 a 25 kil\u00f3metros por hora.<\/p>\n<p style=\"text-align: justify;\">El lunes se esperan r\u00e1fagas de viento de 32 kil\u00f3metros por hora, con una temperatura m\u00e1xima de 17 \u00b0C y m\u00ednima de 6 \u00b0C, la velocidad del viento ser\u00e1 de 5 a 25 kil\u00f3metros por hora.<\/p>\n<p style=\"text-align: justify;\">El Servicio Meteorol\u00f3gico Nacional inform\u00f3 tambi\u00e9n que la masa de aire polar asociada al frente frio 17, mantendr\u00e1 el ambiente vespertino fresco a templado y el ambiente matutino y nocturno fr\u00edo a muy fr\u00edo, con heladas durante la madrugada del domingo, sobre el norte, noreste, centro y oriente del pa\u00eds, pronostic\u00e1ndose ambiente g\u00e9lido en zonas altas de Baja California, Sonora, Chihuahua y Durango.<\/p>\n","protected":false},"excerpt":{"rendered":"","protected":false},"author":6,"featured_media":40908,"comment_status":"open","ping_status":"open","sticky":false,"template":"","format":"standard","meta":{"_acf_changed":false,"_monsterinsights_skip_tracking":false,"slim_seo":{"title":"S\u00e1bado mayormente soleado con m\u00e1xima de 16\u00b0C en Ju\u00e1rez - Opini\u00f3n P\u00fablica","description":"Ciudad Ju\u00e1rez, Chih .- La Direcci\u00f3n General de Protecci\u00f3n Civil, con base en informes del Servicio Meteorol\u00f3gico Nacional, pronostica un s\u00e1bado mayormente solea"},"footnotes":""},"categories":[41],"tags":[],"class_list":["post-40909","post","type-post","status-publish","format-standard","has-post-thumbnail","hentry","category-juarez"],"acf":[],"_links":{"self":[{"href":"https:\/\/www.opinionpublica.tv\/portada\/wp-json\/wp\/v2\/posts\/40909","targetHints":{"allow":["GET"]}}],"collection":[{"href":"https:\/\/www.opinionpublica.tv\/portada\/wp-json\/wp\/v2\/posts"}],"about":[{"href":"https:\/\/www.opinionpublica.tv\/portada\/wp-json\/wp\/v2\/types\/post"}],"author":[{"embeddable":true,"href":"https:\/\/www.opinionpublica.tv\/portada\/wp-json\/wp\/v2\/users\/6"}],"replies":[{"embeddable":true,"href":"https:\/\/www.opinionpublica.tv\/portada\/wp-json\/wp\/v2\/comments?post=40909"}],"version-history":[{"count":0,"href":"https:\/\/www.opinionpublica.tv\/portada\/wp-json\/wp\/v2\/posts\/40909\/revisions"}],"wp:featuredmedia":[{"embeddable":true,"href":"https:\/\/www.opinionpublica.tv\/portada\/wp-json\/wp\/v2\/media\/40908"}],"wp:attachment":[{"href":"https:\/\/www.opinionpublica.tv\/portada\/wp-json\/wp\/v2\/media?parent=40909"}],"wp:term":[{"taxonomy":"category","embeddable":true,"href":"https:\/\/www.opinionpublica.tv\/portada\/wp-json\/wp\/v2\/categories?post=40909"},{"taxonomy":"post_tag","embeddable":true,"href":"https:\/\/www.opinionpublica.tv\/portada\/wp-json\/wp\/v2\/tags?post=40909"}],"curies":[{"name":"wp","href":"https:\/\/api.w.org\/{rel}","templated":true}]}}