{"id":40899,"date":"2023-12-16T07:00:00","date_gmt":"2023-12-16T06:00:00","guid":{"rendered":"https:\/\/www.opinionpublica.tv\/portada\/2023\/12\/16\/de-nuevo-la-crisis-migratoria\/"},"modified":"2023-12-16T07:00:00","modified_gmt":"2023-12-16T06:00:00","slug":"de-nuevo-la-crisis-migratoria","status":"publish","type":"post","link":"https:\/\/www.opinionpublica.tv\/portada\/de-nuevo-la-crisis-migratoria\/","title":{"rendered":"De nuevo la crisis migratoria"},"content":{"rendered":"<img fetchpriority=\"high\" decoding=\"async\" class=\" size-full wp-image-40898\" src=\"https:\/\/www.opinionpublica.tv\/portada\/wp-content\/uploads\/2023\/12\/77231bb57c3f66384ff2526a03eb5fb7.jpg\" alt=\"\" class=\"caption\" title=\"Jorge G. Casta\u00f1eda.\" width=\"225\" height=\"225\" srcset=\"https:\/\/www.opinionpublica.tv\/portada\/wp-content\/uploads\/2023\/12\/77231bb57c3f66384ff2526a03eb5fb7.jpg 225w, https:\/\/www.opinionpublica.tv\/portada\/wp-content\/uploads\/2023\/12\/77231bb57c3f66384ff2526a03eb5fb7-150x150.jpg 150w\" sizes=\"(max-width: 225px) 100vw, 225px\" \/>\n<p style=\"text-align: justify;\">Tres noticias de los \u00faltimos d\u00edas producen preocupaciones serias sobre lo que viene en materia migratoria en M\u00e9xico y en la relaci\u00f3n con Estados Unidos. Un cable de Reuters hace 48 horas citaba al director de migraci\u00f3n, el salvaje Francisco Gardu\u00f1o, en el sentido de que el Inami ya no contaba con los recursos necesarios para seguir practicando vuelos de deportaci\u00f3n o de desplazamiento de migrantes en situaci\u00f3n irregular en el norte del pa\u00eds hacia el sur o hacia sus pa\u00edses.<\/p>\n<p><!--more--><\/p>\n<p style=\"text-align: justify;\">En otras palabras, terminan las deportaciones a los infiernos de Cuba y Venezuela, entre otros, pero tambi\u00e9n a Villahermosa y Tapachula. No me parece mal, pero huelga decir que esto va a agravar la situaci\u00f3n en muchas ciudades fronterizas del norte.<\/p>\n<p style=\"text-align: justify;\">Segunda noticia: el mi\u00e9rcoles Custom and Border Protection (CBP) anunci\u00f3 que hab\u00eda realizado 12\u202f500 \u201cencuentros\u201d con migrantes sin papeles, es decir, hab\u00eda detenido o se hab\u00edan entregado 12\u202f500 personas en territorio norteamericano, en la mayor\u00eda de los casos a pocos metros de la frontera con M\u00e9xico. Es la cifra m\u00e1s elevada que se ha registrado desde que existe registro: equivale a casi 400\u202f000 al mes o 5 millones al a\u00f1o.<\/p>\n<p style=\"text-align: justify;\">Obviamente este ritmo no se va a mantener, pero lo que revela es que todas las medidas puestas en pr\u00e1ctica hasta ahora por la administraci\u00f3n Biden y por L\u00f3pez Obrador haci\u00e9ndole el juego sucio a su colega, no han funcionado. Se supon\u00eda que el otorgamiento de 30\u202f000 visas al mes a nicarag\u00fcenses, cubanos, venezolanos y haitianos, as\u00ed como la aplicaci\u00f3n CBP One, y otras medidas, ir\u00edan coadyuvando a disminuir el flujo cotidiano mensual y anual. A juzgar por las cifras, no es el caso.<\/p>\n<p style=\"text-align: justify;\">Tercera noticia: el Senado norteamericano, y desde luego la C\u00e1mara de Representantes, le negaron a Biden la aprobaci\u00f3n de un presupuesto adicional de ayuda militar a Ucrania y a Israel que inclu\u00eda una partida de seguridad en la frontera, pero que no abarcaba nuevas medidas restrictivas para el asilo y la entrada legal a Estados Unidos. Biden se encuentra hoy en una situaci\u00f3n complicada: o acepta el chantaje de los Republicanos y aprieta las tuercas en la frontera, o Israel y Ucrania pueden quedarse sin la asistencia militar que seg\u00fan ellos necesitan.<\/p>\n<p style=\"text-align: justify;\">Es evidente que no todo el mundo comparte las cifras y la prisa de Biden para entregar esas sumas astron\u00f3micas a Zelensky y Netanyahu, pero la urgencia es real. Por lo tanto, la tentaci\u00f3n para Biden de ceder ante los republicanos y aceptar nuevas limitaciones a la pol\u00edtica de asilo, de facilitar las deportaciones y de volver a aplicar el infame programa \u201cQu\u00e9date en M\u00e9xico\u201d (Remain in Mexico) va a ser cada d\u00eda mayor.<\/p>\n<p style=\"text-align: justify;\">Estas tres noticias se divulgan en un momento en que obviamente la capacidad estatal del gobierno de L\u00f3pez Obrador va menguando. Ya no es el oto\u00f1o del Peje, sino que empieza ya el invierno. Le quedan apenas poco m\u00e1s de nueve meses en el poder, y cada d\u00eda se nota m\u00e1s desvinculado de la realidad. Lidiar con estos tres nuevos frentes en plena campa\u00f1a electoral se antoja dif\u00edcil.<\/p>\n<p style=\"text-align: justify;\">Pero, finalmente, en este gobierno lo \u00faltimo que importa son las dificultades que arroja la realidad. \u00c9sta no importa, s\u00f3lo las fantas\u00edas propias de la ret\u00f3rica ma\u00f1anera. Pero, al igual que todo, el sexenio se acabar\u00e1. Y entonces vendr\u00e1n desaf\u00edos para mandatarias que no podr\u00e1n recurrir tan f\u00e1cilmente a la mentira y al enga\u00f1o.<\/p>\n<p style=\"text-align: justify;\">\u00a0<\/p>\n","protected":false},"excerpt":{"rendered":"<p>Tres noticias de los \u00faltimos d\u00edas producen preocupaciones serias sobre lo que viene en materia migratoria en M\u00e9xico y en la relaci\u00f3n con Estados Unidos. Un cable de Reuters hace 48 horas citaba al director de migraci\u00f3n, el salvaje Francisco Gardu\u00f1o, en el sentido de que el Inami ya no contaba con los recursos necesarios [&hellip;]<\/p>\n","protected":false},"author":6,"featured_media":40898,"comment_status":"open","ping_status":"open","sticky":false,"template":"","format":"standard","meta":{"_acf_changed":false,"_monsterinsights_skip_tracking":false,"slim_seo":{"title":"De nuevo la crisis migratoria - Opini\u00f3n P\u00fablica","description":"Tres noticias de los \u00faltimos d\u00edas producen preocupaciones serias sobre lo que viene en materia migratoria en M\u00e9xico y en la relaci\u00f3n con Estados Unidos. Un cabl"},"footnotes":""},"categories":[18],"tags":[82],"class_list":["post-40899","post","type-post","status-publish","format-standard","has-post-thumbnail","hentry","category-castaneda-opina","tag-jorge-castaneda"],"acf":[],"_links":{"self":[{"href":"https:\/\/www.opinionpublica.tv\/portada\/wp-json\/wp\/v2\/posts\/40899","targetHints":{"allow":["GET"]}}],"collection":[{"href":"https:\/\/www.opinionpublica.tv\/portada\/wp-json\/wp\/v2\/posts"}],"about":[{"href":"https:\/\/www.opinionpublica.tv\/portada\/wp-json\/wp\/v2\/types\/post"}],"author":[{"embeddable":true,"href":"https:\/\/www.opinionpublica.tv\/portada\/wp-json\/wp\/v2\/users\/6"}],"replies":[{"embeddable":true,"href":"https:\/\/www.opinionpublica.tv\/portada\/wp-json\/wp\/v2\/comments?post=40899"}],"version-history":[{"count":0,"href":"https:\/\/www.opinionpublica.tv\/portada\/wp-json\/wp\/v2\/posts\/40899\/revisions"}],"wp:featuredmedia":[{"embeddable":true,"href":"https:\/\/www.opinionpublica.tv\/portada\/wp-json\/wp\/v2\/media\/40898"}],"wp:attachment":[{"href":"https:\/\/www.opinionpublica.tv\/portada\/wp-json\/wp\/v2\/media?parent=40899"}],"wp:term":[{"taxonomy":"category","embeddable":true,"href":"https:\/\/www.opinionpublica.tv\/portada\/wp-json\/wp\/v2\/categories?post=40899"},{"taxonomy":"post_tag","embeddable":true,"href":"https:\/\/www.opinionpublica.tv\/portada\/wp-json\/wp\/v2\/tags?post=40899"}],"curies":[{"name":"wp","href":"https:\/\/api.w.org\/{rel}","templated":true}]}}