{"id":40897,"date":"2023-12-16T07:00:00","date_gmt":"2023-12-16T06:00:00","guid":{"rendered":"https:\/\/www.opinionpublica.tv\/portada\/2023\/12\/16\/dictadura-tecnologica-papa-francisco-pide-un-tratado-para-regular-inteligencia-artificial\/"},"modified":"2023-12-16T07:00:00","modified_gmt":"2023-12-16T06:00:00","slug":"dictadura-tecnologica-papa-francisco-pide-un-tratado-para-regular-inteligencia-artificial","status":"publish","type":"post","link":"https:\/\/www.opinionpublica.tv\/portada\/dictadura-tecnologica-papa-francisco-pide-un-tratado-para-regular-inteligencia-artificial\/","title":{"rendered":"Papa Francisco pide un tratado para evitar una &#8216;dictadura tecnol\u00f3gica&#8217; con la IA"},"content":{"rendered":"<p><img fetchpriority=\"high\" decoding=\"async\" class=\" size-full wp-image-40896\" src=\"https:\/\/www.opinionpublica.tv\/portada\/wp-content\/uploads\/2023\/12\/3032950ef4a11279b00da7456b568219.jpg\" alt=\"\" class=\"caption\" title=\"El papa lanz\u00f3 una en\u00e9rgica advertencia contra los sistemas de armamento controlados por IA.\" width=\"300\" height=\"168\" \/><br \/>\n<!--more--><\/p>\n<p style=\"text-align: justify;\">El Papa Francisco pidi\u00f3 un tratado internacional para regular el uso de la inteligencia artificial (IA), advirtiendo del riesgo de que esta nueva tecnolog\u00eda provoque una \u00abdictadura tecnol\u00f3gica\u00bb que amenace la paz y la democracia.<\/p>\n<p style=\"text-align: justify;\">El pont\u00edfice, de 86 a\u00f1os, quiere que los l\u00edderes mundiales acuerden un \u00abtratado internacional vinculante\u00bb sobre la IA desarrollado dentro de un marco \u00e9tico. Francisco hizo el llamado en su mensaje anual para el D\u00eda Mundial de la Paz que celebra la Iglesia cat\u00f3lica cada 1 de enero.<\/p>\n<p style=\"text-align: justify;\">\u00abLa capacidad humana \u00fanica para el juicio moral y la toma de decisiones \u00e9ticas es m\u00e1s que una compleja colecci\u00f3n de algoritmos, y esa capacidad no puede reducirse a programar una m\u00e1quina, que por muy &#8216;inteligente&#8217; que sea sigue siendo una m\u00e1quina\u00bb, escribi\u00f3 Francisco.<\/p>\n<p style=\"text-align: justify;\">\u00abHay que plantearse una serie de preguntas urgentes. \u00bfCu\u00e1les ser\u00e1n las consecuencias, a mediano y largo plazo, de estas nuevas tecnolog\u00edas digitales? \u00bfY qu\u00e9 impacto tendr\u00e1n en las vidas individuales y en las sociedades, en la estabilidad internacional y en la paz?\u00bb.<\/p>\n<p style=\"text-align: justify;\">El papa lanz\u00f3 una en\u00e9rgica advertencia contra los sistemas de armamento controlados por inteligencia artificial, que calific\u00f3 de \u00abcausa de grave preocupaci\u00f3n \u00e9tica\u00bb, al tiempo que alert\u00f3 sobre el mal uso de la tecnolog\u00eda, que incluye \u00abla interferencia en las elecciones, el auge de una sociedad vigilada\u00bb y el aumento de las desigualdades.<\/p>\n<p style=\"text-align: justify;\">\u00abTodos estos factores corren el riesgo de alimentar los conflictos y obstaculizar la paz\u00bb, afirm\u00f3 el papa.<\/p>\n<p style=\"text-align: justify;\">A pesar de su mensaje cauteloso, Francisco elogi\u00f3 los \u00abimpresionantes logros de la ciencia y la tecnolog\u00eda\u00bb, insistiendo en que la IA tambi\u00e9n ofrece \u00aboportunidades apasionantes\u00bb.<\/p>\n<p style=\"text-align: justify;\">En una rueda de prensa celebrada en el Vaticano para dar a conocer su mensaje, el cardenal Michael Czerny, uno de los colaboradores del papa, insisti\u00f3 en que Francisco no es \u00abning\u00fan ludita\u00bb, pero que la IA es una de las \u00abapuestas\u00bb m\u00e1s importantes para el futuro de la humanidad.<\/p>\n<p style=\"text-align: justify;\">El llamado del papa a regular la IA se produce pocos d\u00edas despu\u00e9s de que funcionarios de la Uni\u00f3n Europea llegaran a un acuerdo provisional sobre una nueva ley de inteligencia artificial, mientras que un grupo bipartidista de legisladores en Estados Unidos est\u00e1 evaluando un marco de regulaci\u00f3n sobre esta tecnolog\u00eda.<\/p>\n<p style=\"text-align: justify;\">El propio Francisco ha sido v\u00edctima de im\u00e1genes falsas de la IA: a principios de este a\u00f1o, se hizo viral una imagen del papa vestido con una chaqueta blanca.<\/p>\n<p style=\"text-align: justify;\"><em>Con informaci\u00f3n de CNN<\/em>.<\/p>\n<p style=\"text-align: justify;\">\u00a0<\/p>\n","protected":false},"excerpt":{"rendered":"","protected":false},"author":6,"featured_media":40896,"comment_status":"open","ping_status":"open","sticky":false,"template":"","format":"standard","meta":{"_acf_changed":false,"_monsterinsights_skip_tracking":false,"slim_seo":{"title":"Papa Francisco pide un tratado para evitar una 'dictadura tecnol\u00f3gica' con la IA - Opini\u00f3n P\u00fablica","description":"El Papa Francisco pidi\u00f3 un tratado internacional para regular el uso de la inteligencia artificial (IA), advirtiendo del riesgo de que esta nueva tecnolog\u00eda pro"},"footnotes":""},"categories":[3],"tags":[],"class_list":["post-40897","post","type-post","status-publish","format-standard","has-post-thumbnail","hentry","category-principal"],"acf":[],"_links":{"self":[{"href":"https:\/\/www.opinionpublica.tv\/portada\/wp-json\/wp\/v2\/posts\/40897","targetHints":{"allow":["GET"]}}],"collection":[{"href":"https:\/\/www.opinionpublica.tv\/portada\/wp-json\/wp\/v2\/posts"}],"about":[{"href":"https:\/\/www.opinionpublica.tv\/portada\/wp-json\/wp\/v2\/types\/post"}],"author":[{"embeddable":true,"href":"https:\/\/www.opinionpublica.tv\/portada\/wp-json\/wp\/v2\/users\/6"}],"replies":[{"embeddable":true,"href":"https:\/\/www.opinionpublica.tv\/portada\/wp-json\/wp\/v2\/comments?post=40897"}],"version-history":[{"count":0,"href":"https:\/\/www.opinionpublica.tv\/portada\/wp-json\/wp\/v2\/posts\/40897\/revisions"}],"wp:featuredmedia":[{"embeddable":true,"href":"https:\/\/www.opinionpublica.tv\/portada\/wp-json\/wp\/v2\/media\/40896"}],"wp:attachment":[{"href":"https:\/\/www.opinionpublica.tv\/portada\/wp-json\/wp\/v2\/media?parent=40897"}],"wp:term":[{"taxonomy":"category","embeddable":true,"href":"https:\/\/www.opinionpublica.tv\/portada\/wp-json\/wp\/v2\/categories?post=40897"},{"taxonomy":"post_tag","embeddable":true,"href":"https:\/\/www.opinionpublica.tv\/portada\/wp-json\/wp\/v2\/tags?post=40897"}],"curies":[{"name":"wp","href":"https:\/\/api.w.org\/{rel}","templated":true}]}}