{"id":40895,"date":"2023-12-16T07:00:00","date_gmt":"2023-12-16T06:00:00","guid":{"rendered":"https:\/\/www.opinionpublica.tv\/portada\/2023\/12\/16\/cuanto-recibira-amlo-de-aguinaldo-como-presidente-de-mexico\/"},"modified":"2023-12-16T07:00:00","modified_gmt":"2023-12-16T06:00:00","slug":"cuanto-recibira-amlo-de-aguinaldo-como-presidente-de-mexico","status":"publish","type":"post","link":"https:\/\/www.opinionpublica.tv\/portada\/cuanto-recibira-amlo-de-aguinaldo-como-presidente-de-mexico\/","title":{"rendered":"\u00bfCu\u00e1nto recibir\u00e1 AMLO de aguinaldo como presidente?"},"content":{"rendered":"<p><img fetchpriority=\"high\" decoding=\"async\" class=\" size-full wp-image-40894\" src=\"https:\/\/www.opinionpublica.tv\/portada\/wp-content\/uploads\/2023\/12\/f1759043f91be5c4a1acaaa7929d40af.jpg\" alt=\"\" class=\"caption\" title=\"Andr\u00e9s Manuel L\u00f3pez Obrador, presidente de M\u00e9xico.\" width=\"668\" height=\"441\" srcset=\"https:\/\/www.opinionpublica.tv\/portada\/wp-content\/uploads\/2023\/12\/f1759043f91be5c4a1acaaa7929d40af.jpg 668w, https:\/\/www.opinionpublica.tv\/portada\/wp-content\/uploads\/2023\/12\/f1759043f91be5c4a1acaaa7929d40af-300x198.jpg 300w\" sizes=\"(max-width: 668px) 100vw, 668px\" \/><br \/>\n<!--more--><\/p>\n<p style=\"text-align: justify;\">Ya huele a ponche y al aguinaldo, una prestaci\u00f3n a la que tienen derecho las y los trabajadores del sector p\u00fablico y privado, as\u00ed consta en la Ley Federal del Trabajo.<\/p>\n<p style=\"text-align: justify;\">En cuanto a la entrega del aguinaldo para trabajadores del estado, se public\u00f3 en el Diario Oficial de la Federaci\u00f3n (DOF) que el pago de la prestaci\u00f3n ser\u00e1 el equivalente a 40 d\u00edas de su salario.<\/p>\n<p style=\"text-align: justify;\">Las dependencias comenzaron a depositar el aguinaldo desde el lunes 13 de noviembre y la fecha l\u00edmite es el 20 de diciembre.<\/p>\n<p style=\"text-align: justify;\">Andr\u00e9s Manuel L\u00f3pez Obrador, presidente de nuestro pa\u00eds, es considerado un servidor p\u00fablico y, por lo tanto, recibe aguinaldo, por lo que surge la duda de cu\u00e1nto se le paga al morenista.<\/p>\n<p style=\"text-align: justify;\"><strong>Esto se le paga a AMLO de aguinaldo<\/strong><\/p>\n<p style=\"text-align: justify;\">Seg\u00fan el Presupuesto de Egresos de la Federaci\u00f3n, AMLO tendr\u00e1 un aguinaldo de 172 mil 321 pesos. A ello se suma la gratificaci\u00f3n de fin de a\u00f1o, que consta de 256 mil 119 pesos.<\/p>\n<p style=\"text-align: justify;\">El morenista \u2018andar\u00e1 contento\u2019, ya que en total, este fin de a\u00f1o recibir\u00e1 en total 428 mil 439 pesos.<\/p>\n<p style=\"text-align: justify;\">A L\u00f3pez Obrador le pagan 4 mil 308 pesos al d\u00eda, si esta cantidad se multiplica por los 40 d\u00edas que corresponden al pago de aguinaldo, da un total de 172 mil 321 pesos. (El Financiero)<\/p>\n","protected":false},"excerpt":{"rendered":"","protected":false},"author":6,"featured_media":40894,"comment_status":"open","ping_status":"open","sticky":false,"template":"","format":"standard","meta":{"_acf_changed":false,"_monsterinsights_skip_tracking":false,"slim_seo":{"title":"\u00bfCu\u00e1nto recibir\u00e1 AMLO de aguinaldo como presidente? - Opini\u00f3n P\u00fablica","description":"Ya huele a ponche y al aguinaldo, una prestaci\u00f3n a la que tienen derecho las y los trabajadores del sector p\u00fablico y privado, as\u00ed consta en la Ley Federal del T"},"footnotes":""},"categories":[4],"tags":[],"class_list":["post-40895","post","type-post","status-publish","format-standard","has-post-thumbnail","hentry","category-pulsopolitico"],"acf":[],"_links":{"self":[{"href":"https:\/\/www.opinionpublica.tv\/portada\/wp-json\/wp\/v2\/posts\/40895","targetHints":{"allow":["GET"]}}],"collection":[{"href":"https:\/\/www.opinionpublica.tv\/portada\/wp-json\/wp\/v2\/posts"}],"about":[{"href":"https:\/\/www.opinionpublica.tv\/portada\/wp-json\/wp\/v2\/types\/post"}],"author":[{"embeddable":true,"href":"https:\/\/www.opinionpublica.tv\/portada\/wp-json\/wp\/v2\/users\/6"}],"replies":[{"embeddable":true,"href":"https:\/\/www.opinionpublica.tv\/portada\/wp-json\/wp\/v2\/comments?post=40895"}],"version-history":[{"count":0,"href":"https:\/\/www.opinionpublica.tv\/portada\/wp-json\/wp\/v2\/posts\/40895\/revisions"}],"wp:featuredmedia":[{"embeddable":true,"href":"https:\/\/www.opinionpublica.tv\/portada\/wp-json\/wp\/v2\/media\/40894"}],"wp:attachment":[{"href":"https:\/\/www.opinionpublica.tv\/portada\/wp-json\/wp\/v2\/media?parent=40895"}],"wp:term":[{"taxonomy":"category","embeddable":true,"href":"https:\/\/www.opinionpublica.tv\/portada\/wp-json\/wp\/v2\/categories?post=40895"},{"taxonomy":"post_tag","embeddable":true,"href":"https:\/\/www.opinionpublica.tv\/portada\/wp-json\/wp\/v2\/tags?post=40895"}],"curies":[{"name":"wp","href":"https:\/\/api.w.org\/{rel}","templated":true}]}}