{"id":40749,"date":"2023-12-09T07:00:00","date_gmt":"2023-12-09T06:00:00","guid":{"rendered":"https:\/\/www.opinionpublica.tv\/portada\/2023\/12\/09\/gobernadores-y-precandidatos-cierran-filas-con-sheinbaum\/"},"modified":"2023-12-09T07:00:00","modified_gmt":"2023-12-09T06:00:00","slug":"gobernadores-y-precandidatos-cierran-filas-con-sheinbaum","status":"publish","type":"post","link":"https:\/\/www.opinionpublica.tv\/portada\/gobernadores-y-precandidatos-cierran-filas-con-sheinbaum\/","title":{"rendered":"Gobernadores y precandidatos cierran filas con Sheinbaum"},"content":{"rendered":"<p><img fetchpriority=\"high\" decoding=\"async\" class=\" size-full wp-image-40748\" src=\"https:\/\/www.opinionpublica.tv\/portada\/wp-content\/uploads\/2023\/12\/4ac4c26e4c62bd60927e0a5fcee5215a.jpg\" alt=\"\" class=\"caption\" title=\"Tambi\u00e9n acudieron Ricardo Monreal y el ex secretario de Gobernaci\u00f3n, Ad\u00e1n Augusto L\u00f3pez.\" width=\"800\" height=\"600\" srcset=\"https:\/\/www.opinionpublica.tv\/portada\/wp-content\/uploads\/2023\/12\/4ac4c26e4c62bd60927e0a5fcee5215a.jpg 800w, https:\/\/www.opinionpublica.tv\/portada\/wp-content\/uploads\/2023\/12\/4ac4c26e4c62bd60927e0a5fcee5215a-300x225.jpg 300w, https:\/\/www.opinionpublica.tv\/portada\/wp-content\/uploads\/2023\/12\/4ac4c26e4c62bd60927e0a5fcee5215a-768x576.jpg 768w\" sizes=\"(max-width: 800px) 100vw, 800px\" \/><br \/>\n<!--more--><\/p>\n<p style=\"text-align: justify;\">La precandidata a la presidencia de Morena, PT y PVEM, Claudia Sheinbaum, se reuni\u00f3 con las precandidata a la jefatura de Gobierno de la Ciudad de M\u00e9xico, Clara Brugada y a las ocho gubernaturas que se renovar\u00e1n el pr\u00f3ximo 2 de junio.<\/p>\n<p style=\"text-align: justify;\">\u201cSigamos Haciendo Historia, dirigencia nacional y gobernadores de Morena\u201d, public\u00f3 en redes sociales el dirigente del partido, Mario Delgado.<\/p>\n<p style=\"text-align: justify;\">Entre los candidatos a gobernadores que participaron en el encuentro estuvieron Roc\u00edo Nahle (Veracruz), Alejandro Armenta (Puebla), y Eduardo Ram\u00edrez Aguilar (Chiapas).<\/p>\n<p style=\"text-align: justify;\">En el encuentro tambi\u00e9n acudieron algunos integrantes del equipo de precampa\u00f1a de la aspirante presidencial, as\u00ed como el senador Ricardo Monreal, el ex secretario de Gobernaci\u00f3n, Ad\u00e1n Augusto L\u00f3pez y el jefe de gobierno de la Ciudad de M\u00e9xico, Mart\u00ed Batres.<\/p>\n<p style=\"text-align: justify;\">Asimismo, los gobernadores Layda Sansores (Campeche), Cuauht\u00e9moc Blanco (Morelos), Cuitl\u00e1huac Garc\u00eda (Veracruz), y Alfonso Durazo (Sonora), entre otros.<\/p>\n<p style=\"text-align: justify;\">\u201cUna reuni\u00f3n de compa\u00f1eras y compa\u00f1eros esta ma\u00f1ana\u201d, public\u00f3 Sheinbaum en su cuenta de X.<\/p>\n<p style=\"text-align: justify;\">Mientras que el l\u00edder nacional de Morena, Mario Delgado, public\u00f3: \u201cPartido Morena es un movimiento lleno de hombres y mujeres que a diario luchan por mejorar su estado y construir un mejor pa\u00eds. Siempre es un gusto coincidir con ustedes. \u00a1Juntas y juntos vamos a seguir haciendo historia!\u201d.<\/p>\n<p style=\"text-align: justify;\">Este s\u00e1bado, Sheinbaum tuvo un encuentro con j\u00f3venes en Coyoac\u00e1n y posteriormente tiene una reuni\u00f3n con militantes en Azcapotzalco. (Exc\u00e9lsior)<\/p>\n","protected":false},"excerpt":{"rendered":"","protected":false},"author":6,"featured_media":40748,"comment_status":"open","ping_status":"open","sticky":false,"template":"","format":"standard","meta":{"_acf_changed":false,"_monsterinsights_skip_tracking":false,"slim_seo":{"title":"Gobernadores y precandidatos cierran filas con Sheinbaum - Opini\u00f3n P\u00fablica","description":"La precandidata a la presidencia de Morena, PT y PVEM, Claudia Sheinbaum, se reuni\u00f3 con las precandidata a la jefatura de Gobierno de la Ciudad de M\u00e9xico, Clara"},"footnotes":""},"categories":[4],"tags":[],"class_list":["post-40749","post","type-post","status-publish","format-standard","has-post-thumbnail","hentry","category-pulsopolitico"],"acf":[],"_links":{"self":[{"href":"https:\/\/www.opinionpublica.tv\/portada\/wp-json\/wp\/v2\/posts\/40749","targetHints":{"allow":["GET"]}}],"collection":[{"href":"https:\/\/www.opinionpublica.tv\/portada\/wp-json\/wp\/v2\/posts"}],"about":[{"href":"https:\/\/www.opinionpublica.tv\/portada\/wp-json\/wp\/v2\/types\/post"}],"author":[{"embeddable":true,"href":"https:\/\/www.opinionpublica.tv\/portada\/wp-json\/wp\/v2\/users\/6"}],"replies":[{"embeddable":true,"href":"https:\/\/www.opinionpublica.tv\/portada\/wp-json\/wp\/v2\/comments?post=40749"}],"version-history":[{"count":0,"href":"https:\/\/www.opinionpublica.tv\/portada\/wp-json\/wp\/v2\/posts\/40749\/revisions"}],"wp:featuredmedia":[{"embeddable":true,"href":"https:\/\/www.opinionpublica.tv\/portada\/wp-json\/wp\/v2\/media\/40748"}],"wp:attachment":[{"href":"https:\/\/www.opinionpublica.tv\/portada\/wp-json\/wp\/v2\/media?parent=40749"}],"wp:term":[{"taxonomy":"category","embeddable":true,"href":"https:\/\/www.opinionpublica.tv\/portada\/wp-json\/wp\/v2\/categories?post=40749"},{"taxonomy":"post_tag","embeddable":true,"href":"https:\/\/www.opinionpublica.tv\/portada\/wp-json\/wp\/v2\/tags?post=40749"}],"curies":[{"name":"wp","href":"https:\/\/api.w.org\/{rel}","templated":true}]}}