{"id":40735,"date":"2023-12-09T07:00:00","date_gmt":"2023-12-09T06:00:00","guid":{"rendered":"https:\/\/www.opinionpublica.tv\/portada\/2023\/12\/09\/video-world-war-ii-from-the-frontlines-trailer-oficial-netflix\/"},"modified":"2023-12-09T07:00:00","modified_gmt":"2023-12-09T06:00:00","slug":"video-world-war-ii-from-the-frontlines-trailer-oficial-netflix","status":"publish","type":"post","link":"https:\/\/www.opinionpublica.tv\/portada\/video-world-war-ii-from-the-frontlines-trailer-oficial-netflix\/","title":{"rendered":"Video: World War II: From the Frontlines | Tr\u00e1iler oficial | Netflix"},"content":{"rendered":"<p><img fetchpriority=\"high\" decoding=\"async\" class=\" size-full wp-image-40734\" src=\"https:\/\/www.opinionpublica.tv\/portada\/wp-content\/uploads\/2023\/12\/dd88a757452655c066f986a43ac6193b.jpg\" alt=\"\" width=\"549\" height=\"304\" srcset=\"https:\/\/www.opinionpublica.tv\/portada\/wp-content\/uploads\/2023\/12\/dd88a757452655c066f986a43ac6193b.jpg 549w, https:\/\/www.opinionpublica.tv\/portada\/wp-content\/uploads\/2023\/12\/dd88a757452655c066f986a43ac6193b-300x166.jpg 300w\" sizes=\"(max-width: 549px) 100vw, 549px\" \/><br \/>\n<!--more--><\/p>\n<p style=\"text-align: justify;\">A trav\u00e9s de im\u00e1genes de archivo v\u00edvidamente mejoradas y voces de todos los lados del conflicto, esta serie documental da vida a la Segunda Guerra Mundial como nunca antes. El ganador del BAFTA John Boyega (\u00abStar Wars\u00bb, \u00abThe Woman King\u00bb) narra esta nueva exploraci\u00f3n de los momentos definitivos de la guerra.<\/p>\n<div class=\"k2_video\"><a href=\"https:\/\/www.youtube.com\/watch?v=dz1rTZE9xgE?si=i951lLnXB0c6_N-F\">https:\/\/www.youtube.com\/watch?v=dz1rTZE9xgE?si=i951lLnXB0c6_N-F<\/a>\n<\/div>\n","protected":false},"excerpt":{"rendered":"","protected":false},"author":6,"featured_media":40734,"comment_status":"open","ping_status":"open","sticky":false,"template":"","format":"standard","meta":{"_acf_changed":false,"_monsterinsights_skip_tracking":false,"slim_seo":{"title":"Video: World War II: From the Frontlines | Tr\u00e1iler oficial | Netflix - Opini\u00f3n P\u00fablica","description":"A trav\u00e9s de im\u00e1genes de archivo v\u00edvidamente mejoradas y voces de todos los lados del conflicto, esta serie documental da vida a la Segunda Guerra Mundial como n"},"footnotes":""},"categories":[8],"tags":[741],"class_list":["post-40735","post","type-post","status-publish","format-standard","has-post-thumbnail","hentry","category-videos","tag-netflix"],"acf":[],"_links":{"self":[{"href":"https:\/\/www.opinionpublica.tv\/portada\/wp-json\/wp\/v2\/posts\/40735","targetHints":{"allow":["GET"]}}],"collection":[{"href":"https:\/\/www.opinionpublica.tv\/portada\/wp-json\/wp\/v2\/posts"}],"about":[{"href":"https:\/\/www.opinionpublica.tv\/portada\/wp-json\/wp\/v2\/types\/post"}],"author":[{"embeddable":true,"href":"https:\/\/www.opinionpublica.tv\/portada\/wp-json\/wp\/v2\/users\/6"}],"replies":[{"embeddable":true,"href":"https:\/\/www.opinionpublica.tv\/portada\/wp-json\/wp\/v2\/comments?post=40735"}],"version-history":[{"count":0,"href":"https:\/\/www.opinionpublica.tv\/portada\/wp-json\/wp\/v2\/posts\/40735\/revisions"}],"wp:featuredmedia":[{"embeddable":true,"href":"https:\/\/www.opinionpublica.tv\/portada\/wp-json\/wp\/v2\/media\/40734"}],"wp:attachment":[{"href":"https:\/\/www.opinionpublica.tv\/portada\/wp-json\/wp\/v2\/media?parent=40735"}],"wp:term":[{"taxonomy":"category","embeddable":true,"href":"https:\/\/www.opinionpublica.tv\/portada\/wp-json\/wp\/v2\/categories?post=40735"},{"taxonomy":"post_tag","embeddable":true,"href":"https:\/\/www.opinionpublica.tv\/portada\/wp-json\/wp\/v2\/tags?post=40735"}],"curies":[{"name":"wp","href":"https:\/\/api.w.org\/{rel}","templated":true}]}}