{"id":40729,"date":"2023-12-09T07:00:00","date_gmt":"2023-12-09T06:00:00","guid":{"rendered":"https:\/\/www.opinionpublica.tv\/portada\/2023\/12\/09\/instalan-la-asamblea-municipal-electoral-en-juarez\/"},"modified":"2023-12-09T07:00:00","modified_gmt":"2023-12-09T06:00:00","slug":"instalan-la-asamblea-municipal-electoral-en-juarez","status":"publish","type":"post","link":"https:\/\/www.opinionpublica.tv\/portada\/instalan-la-asamblea-municipal-electoral-en-juarez\/","title":{"rendered":"Instalan la Asamblea Municipal Electoral de Ciudad Ju\u00e1rez"},"content":{"rendered":"<p><img fetchpriority=\"high\" decoding=\"async\" class=\" size-full wp-image-40728\" src=\"https:\/\/www.opinionpublica.tv\/portada\/wp-content\/uploads\/2023\/12\/8ebf140814c18ea396dfdeb59c536f53.jpg\" alt=\"\" class=\"caption\" title=\"La nueva titular de la Asamblea Electoral de Ju\u00e1rez es catedr\u00e1tica de la UACJ.\" width=\"1080\" height=\"631\" srcset=\"https:\/\/www.opinionpublica.tv\/portada\/wp-content\/uploads\/2023\/12\/8ebf140814c18ea396dfdeb59c536f53.jpg 1080w, https:\/\/www.opinionpublica.tv\/portada\/wp-content\/uploads\/2023\/12\/8ebf140814c18ea396dfdeb59c536f53-300x175.jpg 300w, https:\/\/www.opinionpublica.tv\/portada\/wp-content\/uploads\/2023\/12\/8ebf140814c18ea396dfdeb59c536f53-1024x598.jpg 1024w, https:\/\/www.opinionpublica.tv\/portada\/wp-content\/uploads\/2023\/12\/8ebf140814c18ea396dfdeb59c536f53-768x449.jpg 768w\" sizes=\"(max-width: 1080px) 100vw, 1080px\" \/><br \/>\n<!--more--><\/p>\n<p style=\"text-align: justify;\"><em>Ciudad Ju\u00e1rez<\/em>.- Con el objetivo de preparar el proceso electoral del 2024, el Instituto Estatal Electoral (IEE) instal\u00f3 la Asamblea Municipal en Ju\u00e1rez que ser\u00e1 encabezado por Olga Magdalena Hern\u00e1ndez, catedr\u00e1tica de la UACJ.<\/p>\n<p style=\"text-align: justify;\">Luego de la toma de protesta de los integrantes del colegiado, se realiz\u00f3 la primera sesi\u00f3n ordinaria de la asamblea en la Sala de sesiones de la Oficina Regional del IEE en esta frontera, la cual incluy\u00f3 al discusi\u00f3n de 27 puntos de trabajo.<\/p>\n<p style=\"text-align: justify;\">\u201cA partir de este momento nuestra principal tarea es hacer valer el derecho a la democracia y promover los principios rectores de la funci\u00f3n electoral que son los instrumentos por los cuales se ejercer\u00e1 la voluntad de la ciudadan\u00eda residente en nuestro municipio\u201d, se\u00f1al\u00f3 Hern\u00e1ndez Hern\u00e1ndez.<\/p>\n<p style=\"text-align: justify;\">Hern\u00e1ndez Hern\u00e1ndez, es catedr\u00e1tica de la Universidad Aut\u00f3noma de Ciudad Ju\u00e1rez (UACJ) y la segunda mujer consecutiva designada por el Instituto Estatal Electoral (IEE) para encabezar la AMEJ; en el pasado proceso electoral, 2020-2021, Cecilia Sarabia R\u00edos, profesora-investigadora del Colegio de la Frontera Norte (Colef), fue la encargada de dirigir los comicios en la ciudad.<\/p>\n<p style=\"text-align: justify;\">Tambi\u00e9n se tom\u00f3 protesta a otro profesor de la UACJ, Edgar Iv\u00e1n Arce Saucedo, como secretario. Para consejeros propietarios quedaron Mar\u00eda Isabel Escalona Rodr\u00edguez, igualmente docente de la UACJ; Juan Jes\u00fas Constandse Cueto, director de centros comunitarios municipales en el 2018; Jos\u00e9 Ignacio Gallardo Baquier, periodista; William Gonz\u00e1lez Victoriano, representante de la comunidad LGTB; Liliana Lic\u00f3n Aragon\u00e9s, directora de operaciones en Canacintra durante el 2020 y Vania Alejandra Flores Lugo, catedr\u00e1tica en la Universidad Pedag\u00f3gica Nacional del Estado de Chihuahua.<\/p>\n","protected":false},"excerpt":{"rendered":"","protected":false},"author":6,"featured_media":40728,"comment_status":"open","ping_status":"open","sticky":false,"template":"","format":"standard","meta":{"_acf_changed":false,"_monsterinsights_skip_tracking":false,"slim_seo":{"title":"Instalan la Asamblea Municipal Electoral de Ciudad Ju\u00e1rez - Opini\u00f3n P\u00fablica","description":"Ciudad Ju\u00e1rez .- Con el objetivo de preparar el proceso electoral del 2024, el Instituto Estatal Electoral (IEE) instal\u00f3 la Asamblea Municipal en Ju\u00e1rez que ser"},"footnotes":""},"categories":[4],"tags":[],"class_list":["post-40729","post","type-post","status-publish","format-standard","has-post-thumbnail","hentry","category-pulsopolitico"],"acf":[],"_links":{"self":[{"href":"https:\/\/www.opinionpublica.tv\/portada\/wp-json\/wp\/v2\/posts\/40729","targetHints":{"allow":["GET"]}}],"collection":[{"href":"https:\/\/www.opinionpublica.tv\/portada\/wp-json\/wp\/v2\/posts"}],"about":[{"href":"https:\/\/www.opinionpublica.tv\/portada\/wp-json\/wp\/v2\/types\/post"}],"author":[{"embeddable":true,"href":"https:\/\/www.opinionpublica.tv\/portada\/wp-json\/wp\/v2\/users\/6"}],"replies":[{"embeddable":true,"href":"https:\/\/www.opinionpublica.tv\/portada\/wp-json\/wp\/v2\/comments?post=40729"}],"version-history":[{"count":0,"href":"https:\/\/www.opinionpublica.tv\/portada\/wp-json\/wp\/v2\/posts\/40729\/revisions"}],"wp:featuredmedia":[{"embeddable":true,"href":"https:\/\/www.opinionpublica.tv\/portada\/wp-json\/wp\/v2\/media\/40728"}],"wp:attachment":[{"href":"https:\/\/www.opinionpublica.tv\/portada\/wp-json\/wp\/v2\/media?parent=40729"}],"wp:term":[{"taxonomy":"category","embeddable":true,"href":"https:\/\/www.opinionpublica.tv\/portada\/wp-json\/wp\/v2\/categories?post=40729"},{"taxonomy":"post_tag","embeddable":true,"href":"https:\/\/www.opinionpublica.tv\/portada\/wp-json\/wp\/v2\/tags?post=40729"}],"curies":[{"name":"wp","href":"https:\/\/api.w.org\/{rel}","templated":true}]}}