{"id":40725,"date":"2023-12-09T07:00:00","date_gmt":"2023-12-09T06:00:00","guid":{"rendered":"https:\/\/www.opinionpublica.tv\/portada\/2023\/12\/09\/arrancadero-para-el-2024\/"},"modified":"2023-12-09T07:00:00","modified_gmt":"2023-12-09T06:00:00","slug":"arrancadero-para-el-2024","status":"publish","type":"post","link":"https:\/\/www.opinionpublica.tv\/portada\/arrancadero-para-el-2024\/","title":{"rendered":"Arrancadero para el 2024"},"content":{"rendered":"<img fetchpriority=\"high\" decoding=\"async\" class=\" size-full wp-image-40724\" src=\"https:\/\/www.opinionpublica.tv\/portada\/wp-content\/uploads\/2023\/12\/2e1d69af8edfbf684791fb55dbbe0c70.jpg\" alt=\"\" class=\"caption\" title=\"Eduardo Borunda Escobedo.\" width=\"215\" height=\"241\" \/>\n<p style=\"text-align: justify;\">El Instituto Estatal Electoral (IEE) est\u00e1 a punto de arrancar en forma t\u00e1cita y material los preparativos para la jornada electoral que se desarrollar\u00e1 dentro de 6 meses.<\/p>\n<p><!--more--><\/p>\n<p style=\"text-align: justify;\">Dentro de los trabajos preparatorios est\u00e1 la integraci\u00f3n de las 67 asambleas municipales y para el caso de Ciudad Ju\u00e1rez se han visto perfiles de acad\u00e9micos, empresariales, sociales y de medios de comunicaci\u00f3n que han abierto la puerta para que con su diversidad de perfiles hagan del proceso electoral la gran fiesta c\u00edvica y de participaci\u00f3n ciudadana.<\/p>\n<p style=\"text-align: justify;\">Los partidos pol\u00edticos por su parte preparan a sus mejores cuadros para llevar a trav\u00e9s de designaci\u00f3n directa, encuestas, convenciones y elecci\u00f3n abierta a sus candidatos que habr\u00e1n de representarlos en las boletas electorales. Las precampa\u00f1as en las formas materiales est\u00e1n desde hace meses, sin embargo, de forma formal, apenas est\u00e1n arrancando con sus aspiraciones leg\u00edtimas y que llevan como fin la transmisi\u00f3n del poder p\u00fablico a trav\u00e9s de procesos democr\u00e1ticos.<\/p>\n<p style=\"text-align: justify;\">El Instituto Nacional Electoral (INE), tiene en estos momentos una etapa de reclutamiento de quienes ser\u00e1n los funcionales que capacitar\u00e1n a los funcionarios de casillas para el 2 de junio del 2024. Lo tangible, es que veremos en funcionamiento a ej\u00e9rcitos de mujeres y hombres, con sus chalecos rosas, buscando a ciudadanos que s\u00ed deseen participar como funcionarios de casillas en las hist\u00f3ricas elecciones que se antojan de pron\u00f3stico reservado.<\/p>\n<p style=\"text-align: justify;\">Las cifras son interesantes, el abstencionismo electoral ha logrado apoderarse en la colectividad del municipio que representa la gran cereza del pastel en cuanto al mercado de posibles votantes. En este contexto, Ju\u00e1rez representa un poco m\u00e1s de 40% del listado nominal con 1183 secciones electorales. La participaci\u00f3n es de apenas un 37.64% en el \u00faltimo proceso electoral (2021) lo cual representa uno de los indicadores m\u00e1s bajos registrados a nivel nacional.<\/p>\n<p style=\"text-align: justify;\">Un mill\u00f3n 225 mil hombres y mujeres con credencial electoral, tan s\u00f3lo en el municipio de Ju\u00e1rez, es el gran caso de estudio con una pregunta compleja \u00bfCu\u00e1les son los indicadores de participaci\u00f3n electoral en el municipio de Ju\u00e1rez que hace que los ciudadanos no salgan a votar en los procesos democr\u00e1ticos? La respuesta a\u00fan no ha tenido respuesta y es uno de los grandes retos de las aspirantes a un cargo de elecci\u00f3n.<\/p>\n<p style=\"text-align: justify;\">La integraci\u00f3n de los \u00f3rganos electorales es en este mes de diciembre, si no pasa nada, las figuras y nombres de la asamblea municipal ser\u00e1n los siguientes: como presidenta la doctora Olga Magdalena Hern\u00e1ndez Hern\u00e1ndez (Catedr\u00e1tica de la UACJ) y secretario de la asamblea Edgar Iv\u00e1n Arce Saucedo (catedr\u00e1tico de la UACJ). Como consejeros propietarios Mar\u00eda Isabel Escalona Rodr\u00edguez (Acad\u00e9mica), Juan Jes\u00fas Constandse Cueto (ex funcionario municipal), Jos\u00e9 Ignacio Gallardo Baquier (periodista), William Gonz\u00e1lez Victoriano (Comunidad Lgtb), Liliana Licon Aragon\u00e9s (Empresaria de CANACINTRA), Vania Alejandra Flores Lugo (Catedr\u00e1tica de la UPNECH). En la lista de suplencias esta el Doctor Jorge Antonio Breceda P\u00e9rez, Irma Delia Enr\u00edquez Anchondo, Yesenia Guadalupe Talamantes Valdez, Mirna Alicia Pastrana Sol\u00eds, Emmanuel Francisco Garc\u00eda Uribe, Juan Francisco Cabrera Gamboa, Rodolfo Rubio Salas, Daniela Estefan\u00eda Hern\u00e1ndez Ju\u00e1rez.<\/p>\n<p style=\"text-align: justify;\">En conclusi\u00f3n, hay una gran cantidad de formas en las que se estar\u00e1 presentando el proceso electoral en esta ciudad fronteriza, los primeros pasos est\u00e1n dados tanto por los aspirantes, los partidos, as\u00ed como las instituciones electorales. Al proceso electoral le quedan seis meses de vida intensa, vendr\u00e1n las campa\u00f1as, los registros y finalmente el d\u00eda \u201cD\u201d. por lo pronto, prender las velas a San Lorenzo para que los suplicios y suspiros de quienes aspiran se hagan realidad.<\/p>\n","protected":false},"excerpt":{"rendered":"<p>El Instituto Estatal Electoral (IEE) est\u00e1 a punto de arrancar en forma t\u00e1cita y material los preparativos para la jornada electoral que se desarrollar\u00e1 dentro de 6 meses.<\/p>\n","protected":false},"author":6,"featured_media":40724,"comment_status":"open","ping_status":"open","sticky":false,"template":"","format":"standard","meta":{"_acf_changed":false,"_monsterinsights_skip_tracking":false,"slim_seo":{"title":"Arrancadero para el 2024 - Opini\u00f3n P\u00fablica","description":"El Instituto Estatal Electoral (IEE) est\u00e1 a punto de arrancar en forma t\u00e1cita y material los preparativos para la jornada electoral que se desarrollar\u00e1 dentro d"},"footnotes":""},"categories":[31],"tags":[],"class_list":["post-40725","post","type-post","status-publish","format-standard","has-post-thumbnail","hentry","category-galimatias"],"acf":[],"_links":{"self":[{"href":"https:\/\/www.opinionpublica.tv\/portada\/wp-json\/wp\/v2\/posts\/40725","targetHints":{"allow":["GET"]}}],"collection":[{"href":"https:\/\/www.opinionpublica.tv\/portada\/wp-json\/wp\/v2\/posts"}],"about":[{"href":"https:\/\/www.opinionpublica.tv\/portada\/wp-json\/wp\/v2\/types\/post"}],"author":[{"embeddable":true,"href":"https:\/\/www.opinionpublica.tv\/portada\/wp-json\/wp\/v2\/users\/6"}],"replies":[{"embeddable":true,"href":"https:\/\/www.opinionpublica.tv\/portada\/wp-json\/wp\/v2\/comments?post=40725"}],"version-history":[{"count":0,"href":"https:\/\/www.opinionpublica.tv\/portada\/wp-json\/wp\/v2\/posts\/40725\/revisions"}],"wp:featuredmedia":[{"embeddable":true,"href":"https:\/\/www.opinionpublica.tv\/portada\/wp-json\/wp\/v2\/media\/40724"}],"wp:attachment":[{"href":"https:\/\/www.opinionpublica.tv\/portada\/wp-json\/wp\/v2\/media?parent=40725"}],"wp:term":[{"taxonomy":"category","embeddable":true,"href":"https:\/\/www.opinionpublica.tv\/portada\/wp-json\/wp\/v2\/categories?post=40725"},{"taxonomy":"post_tag","embeddable":true,"href":"https:\/\/www.opinionpublica.tv\/portada\/wp-json\/wp\/v2\/tags?post=40725"}],"curies":[{"name":"wp","href":"https:\/\/api.w.org\/{rel}","templated":true}]}}